{"id":63671,"date":"2025-01-16T13:01:12","date_gmt":"2025-01-16T16:01:12","guid":{"rendered":"https:\/\/www.paranapraia.com.br\/?p=63671"},"modified":"2025-01-16T13:01:15","modified_gmt":"2025-01-16T16:01:15","slug":"iat-destaca-importancia-da-restinga-em-acao-de-educacao-ambiental-em-pontal-do-parana","status":"publish","type":"post","link":"https:\/\/www.paranapraia.com.br\/index.php\/2025\/01\/16\/iat-destaca-importancia-da-restinga-em-acao-de-educacao-ambiental-em-pontal-do-parana\/","title":{"rendered":"IAT destaca import\u00e2ncia da restinga em a\u00e7\u00e3o de educa\u00e7\u00e3o ambiental em Pontal do Paran\u00e1"},"content":{"rendered":"\n<p>O Instituto \u00c1gua e Terra (IAT), vinculado \u00e0 Secretaria estadual do Desenvolvimento Sustent\u00e1vel (Sedest), promoveu nesta quarta-feira (15) a\u00e7\u00f5es de conscientiza\u00e7\u00e3o sobre a restinga em Pontal do Paran\u00e1, no Litoral do Estado. Contaram com exemplares de esp\u00e9cies nativas da vegeta\u00e7\u00e3o, distribui\u00e7\u00e3o de folders informativos e pr\u00e1ticas de educa\u00e7\u00e3o ambiental, ressaltando a import\u00e2ncia da flora para o meio ambiente.<\/p>\n\n\n\n<figure class=\"wp-block-gallery has-nested-images columns-default is-cropped wp-block-gallery-1 is-layout-flex wp-block-gallery-is-layout-flex\">\n<figure class=\"wp-block-image size-large\"><img loading=\"lazy\" decoding=\"async\" width=\"1024\" height=\"768\" data-id=\"63673\" src=\"https:\/\/www.paranapraia.com.br\/wp-content\/uploads\/2025\/01\/1000271751-1024x768.jpg\" alt=\"\" class=\"wp-image-63673\" srcset=\"https:\/\/www.paranapraia.com.br\/wp-content\/uploads\/2025\/01\/1000271751-1024x768.jpg 1024w, https:\/\/www.paranapraia.com.br\/wp-content\/uploads\/2025\/01\/1000271751-300x225.jpg 300w, https:\/\/www.paranapraia.com.br\/wp-content\/uploads\/2025\/01\/1000271751-768x576.jpg 768w, https:\/\/www.paranapraia.com.br\/wp-content\/uploads\/2025\/01\/1000271751-696x522.jpg 696w, https:\/\/www.paranapraia.com.br\/wp-content\/uploads\/2025\/01\/1000271751-1068x801.jpg 1068w, https:\/\/www.paranapraia.com.br\/wp-content\/uploads\/2025\/01\/1000271751-scaled.jpg 800w\" sizes=\"(max-width: 1024px) 100vw, 1024px\" \/><figcaption class=\"wp-element-caption\">default<\/figcaption><\/figure>\n\n\n\n<figure class=\"wp-block-image size-large\"><img loading=\"lazy\" decoding=\"async\" width=\"768\" height=\"1024\" data-id=\"63675\" src=\"https:\/\/www.paranapraia.com.br\/wp-content\/uploads\/2025\/01\/1000271750-768x1024.jpg\" alt=\"\" class=\"wp-image-63675\" srcset=\"https:\/\/www.paranapraia.com.br\/wp-content\/uploads\/2025\/01\/1000271750-768x1024.jpg 768w, https:\/\/www.paranapraia.com.br\/wp-content\/uploads\/2025\/01\/1000271750-225x300.jpg 225w, https:\/\/www.paranapraia.com.br\/wp-content\/uploads\/2025\/01\/1000271750-696x928.jpg 696w, https:\/\/www.paranapraia.com.br\/wp-content\/uploads\/2025\/01\/1000271750-scaled.jpg 600w\" sizes=\"(max-width: 768px) 100vw, 768px\" \/><\/figure>\n\n\n\n<figure class=\"wp-block-image size-large\"><img loading=\"lazy\" decoding=\"async\" width=\"1024\" height=\"768\" data-id=\"63674\" src=\"https:\/\/www.paranapraia.com.br\/wp-content\/uploads\/2025\/01\/1000271748-1024x768.jpg\" alt=\"\" class=\"wp-image-63674\" srcset=\"https:\/\/www.paranapraia.com.br\/wp-content\/uploads\/2025\/01\/1000271748-1024x768.jpg 1024w, https:\/\/www.paranapraia.com.br\/wp-content\/uploads\/2025\/01\/1000271748-300x225.jpg 300w, https:\/\/www.paranapraia.com.br\/wp-content\/uploads\/2025\/01\/1000271748-768x576.jpg 768w, https:\/\/www.paranapraia.com.br\/wp-content\/uploads\/2025\/01\/1000271748-696x522.jpg 696w, https:\/\/www.paranapraia.com.br\/wp-content\/uploads\/2025\/01\/1000271748-1068x801.jpg 1068w, https:\/\/www.paranapraia.com.br\/wp-content\/uploads\/2025\/01\/1000271748-scaled.jpg 800w\" sizes=\"(max-width: 1024px) 100vw, 1024px\" \/><figcaption class=\"wp-element-caption\">default<\/figcaption><\/figure>\n\n\n\n<figure class=\"wp-block-image size-large\"><img loading=\"lazy\" decoding=\"async\" width=\"1024\" height=\"768\" data-id=\"63676\" src=\"https:\/\/www.paranapraia.com.br\/wp-content\/uploads\/2025\/01\/1000271749-1024x768.jpg\" alt=\"\" class=\"wp-image-63676\" srcset=\"https:\/\/www.paranapraia.com.br\/wp-content\/uploads\/2025\/01\/1000271749-1024x768.jpg 1024w, https:\/\/www.paranapraia.com.br\/wp-content\/uploads\/2025\/01\/1000271749-300x225.jpg 300w, https:\/\/www.paranapraia.com.br\/wp-content\/uploads\/2025\/01\/1000271749-768x576.jpg 768w, https:\/\/www.paranapraia.com.br\/wp-content\/uploads\/2025\/01\/1000271749-696x522.jpg 696w, https:\/\/www.paranapraia.com.br\/wp-content\/uploads\/2025\/01\/1000271749-1068x801.jpg 1068w, https:\/\/www.paranapraia.com.br\/wp-content\/uploads\/2025\/01\/1000271749-scaled.jpg 800w\" sizes=\"(max-width: 1024px) 100vw, 1024px\" \/><figcaption class=\"wp-element-caption\">default<\/figcaption><\/figure>\n\n\n\n<figure class=\"wp-block-image size-large\"><img loading=\"lazy\" decoding=\"async\" width=\"1024\" height=\"768\" data-id=\"63677\" src=\"https:\/\/www.paranapraia.com.br\/wp-content\/uploads\/2025\/01\/1000271746-1024x768.jpg\" alt=\"\" class=\"wp-image-63677\" srcset=\"https:\/\/www.paranapraia.com.br\/wp-content\/uploads\/2025\/01\/1000271746-1024x768.jpg 1024w, https:\/\/www.paranapraia.com.br\/wp-content\/uploads\/2025\/01\/1000271746-300x225.jpg 300w, https:\/\/www.paranapraia.com.br\/wp-content\/uploads\/2025\/01\/1000271746-768x576.jpg 768w, https:\/\/www.paranapraia.com.br\/wp-content\/uploads\/2025\/01\/1000271746-696x522.jpg 696w, https:\/\/www.paranapraia.com.br\/wp-content\/uploads\/2025\/01\/1000271746-1068x801.jpg 1068w, https:\/\/www.paranapraia.com.br\/wp-content\/uploads\/2025\/01\/1000271746-scaled.jpg 800w\" sizes=\"(max-width: 1024px) 100vw, 1024px\" \/><figcaption class=\"wp-element-caption\">default<\/figcaption><\/figure>\n<\/figure>\n\n\n\n<p>As esp\u00e9cies em exposi\u00e7\u00e3o foram a capotiguara (Blutaparon portulacoides), o carrapicho-de-praia (Acicarpha bonariensis) e a salsa-da-praia (Ipomoea pes-caprae).<\/p>\n\n\n\n<p>O engenheiro florestal do IAT, Joberti Silva da Rocha, destacou a aten\u00e7\u00e3o que o Instituto, por meio da ger\u00eancia de Restaura\u00e7\u00e3o Ambiental, tem com o plantio das esp\u00e9cies nativas de restinga e tamb\u00e9m com a educa\u00e7\u00e3o ambiental. \u201cA restinga \u00e9 um dos ecossistemas que mais sofre press\u00e3o. Nossa miss\u00e3o \u00e9 estimular a popula\u00e7\u00e3o a saber a import\u00e2ncia, preservar, e recuperar \u00e1reas de restinga\u201d, afirmou.<\/p>\n\n\n\n<p>Ele explicou que a restinga \u00e9 um ecossistema costeiro fundamental na manuten\u00e7\u00e3o da qualidade da \u00e1gua do mar, al\u00e9m de servir como barreira f\u00edsica contra a eros\u00e3o das praias e a ressaca da mar\u00e9. \u201cTem impacto direto na qualidade das praias que temos no Paran\u00e1\u201d, disse o engenheiro.<\/p>\n\n\n\n<p>As atividades agradaram aos veranistas. O marceneiro Orlando Beloto p\u00f4de aprender um pouco mais sobre a flora local. Ele aproveitou tamb\u00e9m para se divertir com a neta Maria Helena, de 7 anos. \u201cA gente n\u00e3o sabe a import\u00e2ncia que a restinga realmente tem, por isso \u00e9 a\u00e7\u00e3o \u00e9 muito valiosa. A partir disso come\u00e7amos a preservar\u201d, destacou.<\/p>\n\n\n\n<p>Genivaldo Miguel Presidente \u00e9 aposentado e morador de Pontal do Paran\u00e1 h\u00e1 15 anos. Ele frequenta a praia todos os dias e sempre aprecia a beleza e a import\u00e2ncia das esp\u00e9cies nativas. \u201cTem que cuidar. Isso n\u00e3o \u00e9 para mim, \u00e9 para os meus netos e filhos\u201d, disse.<\/p>\n\n\n\n<p>Reestruturar as \u00e1reas de restinga \u00e9 um dos pilares do programa de educa\u00e7\u00e3o ambiental Paran\u00e1 Mais Verde, lan\u00e7ado pela secretaria estadual do Desenvolvimento Sustent\u00e1vel em 2019. O objetivo \u00e9 despertar a consci\u00eancia ambiental e aliar desenvolvimento ambiental, econ\u00f4mico e social.<\/p>\n\n\n\n<p>O projeto conta com as seguintes linhas de a\u00e7\u00e3o: Revitaliza Viveiros (moderniza\u00e7\u00e3o dos atuais 19 viveiros espalhados pelo Estado), Viveiros Socioambientais (distribui\u00e7\u00e3o de mudas), Incentivo a Esp\u00e9cies Amea\u00e7adas de Extin\u00e7\u00e3o, Datas Comemorativas (plantio de mudas de esp\u00e9cies nativas), Parques Urbanos e Poliniza Paran\u00e1.<\/p>\n\n\n\n<p>Informa\u00e7\u00f5es: AEN (Ag\u00eancia Estadual de Not\u00edcias)<br>\ud83d\udcf7PMPPR\/Cesar Ramires<\/p>\n\n\n\n<h1 class=\"wp-block-heading\">restinga<\/h1>\n\n\n\n<h1 class=\"wp-block-heading\">educac\u0327a\u0303oambiental<\/h1>\n\n\n\n<h1 class=\"wp-block-heading\">pontalquecuida<\/h1>\n\n\n\n<h1 class=\"wp-block-heading\">pontaldoparana\u0301<\/h1>\n","protected":false},"excerpt":{"rendered":"<p>O Instituto \u00c1gua e Terra (IAT), vinculado \u00e0 Secretaria estadual do Desenvolvimento Sustent\u00e1vel (Sedest), promoveu nesta quarta-feira (15) a\u00e7\u00f5es de conscientiza\u00e7\u00e3o sobre a restinga em Pontal do Paran\u00e1, no Litoral do Estado. Contaram com exemplares de esp\u00e9cies nativas da vegeta\u00e7\u00e3o, distribui\u00e7\u00e3o de folders informativos e pr\u00e1ticas de educa\u00e7\u00e3o ambiental, ressaltando a import\u00e2ncia da flora para [&hellip;]<\/p>\n","protected":false},"author":2,"featured_media":63672,"comment_status":"open","ping_status":"open","sticky":false,"template":"","format":"standard","meta":{"advanced_seo_description":"","jetpack_seo_html_title":"","jetpack_seo_noindex":false,"_jetpack_memberships_contains_paid_content":false,"footnotes":""},"categories":[40,65],"tags":[],"class_list":{"0":"post-63671","1":"post","2":"type-post","3":"status-publish","4":"format-standard","5":"has-post-thumbnail","7":"category-destaques","8":"category-pontal-do-parana"},"jetpack_featured_media_url":"https:\/\/www.paranapraia.com.br\/wp-content\/uploads\/2025\/01\/FB_IMG_1737043174406-scaled.jpg","jetpack_sharing_enabled":true,"_links":{"self":[{"href":"https:\/\/www.paranapraia.com.br\/index.php\/wp-json\/wp\/v2\/posts\/63671"}],"collection":[{"href":"https:\/\/www.paranapraia.com.br\/index.php\/wp-json\/wp\/v2\/posts"}],"about":[{"href":"https:\/\/www.paranapraia.com.br\/index.php\/wp-json\/wp\/v2\/types\/post"}],"author":[{"embeddable":true,"href":"https:\/\/www.paranapraia.com.br\/index.php\/wp-json\/wp\/v2\/users\/2"}],"replies":[{"embeddable":true,"href":"https:\/\/www.paranapraia.com.br\/index.php\/wp-json\/wp\/v2\/comments?post=63671"}],"version-history":[{"count":1,"href":"https:\/\/www.paranapraia.com.br\/index.php\/wp-json\/wp\/v2\/posts\/63671\/revisions"}],"predecessor-version":[{"id":63678,"href":"https:\/\/www.paranapraia.com.br\/index.php\/wp-json\/wp\/v2\/posts\/63671\/revisions\/63678"}],"wp:featuredmedia":[{"embeddable":true,"href":"https:\/\/www.paranapraia.com.br\/index.php\/wp-json\/wp\/v2\/media\/63672"}],"wp:attachment":[{"href":"https:\/\/www.paranapraia.com.br\/index.php\/wp-json\/wp\/v2\/media?parent=63671"}],"wp:term":[{"taxonomy":"category","embeddable":true,"href":"https:\/\/www.paranapraia.com.br\/index.php\/wp-json\/wp\/v2\/categories?post=63671"},{"taxonomy":"post_tag","embeddable":true,"href":"https:\/\/www.paranapraia.com.br\/index.php\/wp-json\/wp\/v2\/tags?post=63671"}],"curies":[{"name":"wp","href":"https:\/\/api.w.org\/{rel}","templated":true}]}}