{"id":63667,"date":"2025-01-16T12:16:08","date_gmt":"2025-01-16T15:16:08","guid":{"rendered":"https:\/\/www.paranapraia.com.br\/?p=63667"},"modified":"2025-01-16T12:16:11","modified_gmt":"2025-01-16T15:16:11","slug":"mais-de-1-milhao-de-atendimentos-turistas-aprovam-estruturas-do-verao-maior","status":"publish","type":"post","link":"https:\/\/www.paranapraia.com.br\/index.php\/2025\/01\/16\/mais-de-1-milhao-de-atendimentos-turistas-aprovam-estruturas-do-verao-maior\/","title":{"rendered":"Mais de 1 milh\u00e3o de atendimentos: turistas aprovam estruturas do Ver\u00e3o Maior"},"content":{"rendered":"\n<p>As estruturas do Ver\u00e3o Maior Paran\u00e1 montadas pelo Governo do Estado no Litoral e na Costa Noroeste ultrapassaram a marca de 1 milh\u00e3o de atendimentos. Entre os dias 28 de dezembro e 12 de janeiro, a coordena\u00e7\u00e3o do Ver\u00e3o Maior contabilizou um 1.083.970 participa\u00e7\u00f5es nas atividades educativas, de esporte e lazer nas arenas, incluindo o p\u00fablico dos shows dos Palcos Sunset.<\/p>\n\n\n\n<figure class=\"wp-block-image size-full\"><img loading=\"lazy\" decoding=\"async\" width=\"720\" height=\"480\" src=\"https:\/\/www.paranapraia.com.br\/wp-content\/uploads\/2025\/01\/1000271658.webp\" alt=\"\" class=\"wp-image-63668\" srcset=\"https:\/\/www.paranapraia.com.br\/wp-content\/uploads\/2025\/01\/1000271658.webp 720w, https:\/\/www.paranapraia.com.br\/wp-content\/uploads\/2025\/01\/1000271658-300x200.webp 300w, https:\/\/www.paranapraia.com.br\/wp-content\/uploads\/2025\/01\/1000271658-696x464.webp 696w\" sizes=\"(max-width: 720px) 100vw, 720px\" \/><\/figure>\n\n\n\n<p>As arenas esportivas foram montadas em seis pontos estrat\u00e9gicos em Matinhos, Pontal do Paran\u00e1 e Guaratuba, no Litoral, e em Porto Rico e no balne\u00e1rio Porto S\u00e3o Jos\u00e9, em S\u00e3o Pedro do Paran\u00e1, no Noroeste. Elas re\u00fanem estruturas esportivas para a pr\u00e1tica de futv\u00f4lei, v\u00f4lei de areia, beach tennis e teqball, pista de skate, tirolesa, trap\u00e9zio e estandes educativos dos \u00f3rg\u00e3o estaduais, onde \u00e9 poss\u00edvel desde emprestar livros at\u00e9 fazer uma massagem.<\/p>\n\n\n\n<p>Todas essas atividades, junto com os shows nacionais do Ver\u00e3o Maior e as obras do Governo do Estado no Litoral, como a nova&nbsp;<a href=\"https:\/\/www.aen.pr.gov.br\/Noticia\/Perto-do-fim-intervencoes-na-nova-Orla-de-Matinhos-alcancam-97-de-execucao\" target=\"_blank\" rel=\"noreferrer noopener\">Orla de Matinhos<\/a>&nbsp;e a&nbsp;<a href=\"https:\/\/www.aen.pr.gov.br\/Noticia\/Com-avancos-na-estrutura-Ponte-de-Guaratuba-alcanca-353-de-execucao\" target=\"_blank\" rel=\"noreferrer noopener\">Ponte de Guaratuba<\/a>, est\u00e3o ajudando a atrair mais turistas para o Litoral e agradam veranistas, comerciantes e moradores.<\/p>\n\n\n\n<p>A advogada Juliane Rabelo, de 42 anos, aguarda apenas o in\u00edcio das f\u00e9rias escolares para descer para o Litoral com a fam\u00edlia. Ela fica trabalhando de casa, mas libera o filho Bernardo para aproveitar o dia nas atividades do Ver\u00e3o Maior. \u201cEu fico em casa e tenho total confian\u00e7a em deixar meu filho adolescente aqui, porque o pessoal acolhe. A gente j\u00e1 fez amizade com todo mundo, \u00e9 sensacional. \u00c9 um ver\u00e3o que meu filho vai guardar para a vida inteira\u201d, afirma.&nbsp;<\/p>\n\n\n\n<p>\u201cA cada ano que passa a estrutura melhora. N\u00e3o s\u00f3 na praia, como no palco dos shows principais tamb\u00e9m. A equipe de recrea\u00e7\u00e3o do Ver\u00e3o Maior est\u00e1 cada vez mais equipada e mais organizada, eles s\u00e3o fant\u00e1sticos\u201d, diz. \u201cEu acabo meu trabalho e j\u00e1 venho com a minha cadeirinha para a praia para aproveitar os shows, s\u00e3o todos muito bons. \u00c9 bacana conhecer bandas locais diferentes. E os shows nacionais a gente tamb\u00e9m aproveita. \u00c9 um privil\u00e9gio estar aqui\u201d<\/p>\n\n\n\n<p>A pedagoga aposentada Dayse Manosso, de 64 anos, trocou o Curitiba por Matinhos h\u00e1 sete anos e percebeu a mudan\u00e7a na cidade com as obras e o Ver\u00e3o Maior. \u201cFicou maravilhoso depois que foi feita essa nova estrutura. E a ponte de Guaratuba e Matinhos tamb\u00e9m acho muito importante. Eu estou maravilhada e n\u00e3o pretendo sair do Paran\u00e1 de jeito nenhum, amo isso aqui\u201d, afirma.<\/p>\n\n\n\n<p>Sua filha, a pedagoga Desiree Manosso, de 42 anos, pretende passar boa parte das f\u00e9rias na praia, onde encontra muita divers\u00e3o para as filhas. \u201cA estrutura est\u00e1 muito bacana, o policiamento, tudo muito seguro, tem bastante op\u00e7\u00e3o de atividades. Est\u00e1 tudo muito maravilhoso, muito perfeito, a organiza\u00e7\u00e3o dos shows tamb\u00e9m est\u00e1 muito boa, est\u00e1 de parab\u00e9ns\u201d, destaca.<\/p>\n\n\n\n<p><strong>TRABALHADORES<\/strong>&nbsp;\u2013 Para quem aproveita a temporada para ganhar um dinheirinho extra, o p\u00fablico atra\u00eddo pelo Ver\u00e3o Maior tamb\u00e9m \u00e9 um incentivo. Este \u00e9 o segundo ano seguido que Andr\u00e9ia Loi troca o Mato Grosso do Sul pelas areias de Matinhos, para onde veio vender sorvete na praia.<\/p>\n\n\n\n<p>\u201cEu adoro esse lugar, aqui a gente trabalha e se diverte. Vim no ano passado e j\u00e1 estou aqui outra vez. Uma amiga que j\u00e1 vinha trabalhar desde outras temporadas me chamou, eu topei, adorei e voltei mais uma vez\u201d, conta. \u201cO movimento est\u00e1 bom e a temporada est\u00e1 praticamente no in\u00edcio. Com certeza estarei aqui por mais vezes\u201d.<\/p>\n\n\n\n<p>Morador de Matinhos, o ambulante Marcelo Sander Machado, que trabalha h\u00e1 25 anos na temporada, tamb\u00e9m aprova o movimento. \u201cO movimento est\u00e1 bom, est\u00e1 bacana. A gente que trabalha na areia percebe que est\u00e1 aumentando a cada ano. Nossa orla est\u00e1 top, \u00e9 s\u00f3 o turista vir e abrir a m\u00e3o para gastar\u201d, brinca.<\/p>\n\n\n\n<p>AEN<\/p>\n","protected":false},"excerpt":{"rendered":"<p>As estruturas do Ver\u00e3o Maior Paran\u00e1 montadas pelo Governo do Estado no Litoral e na Costa Noroeste ultrapassaram a marca de 1 milh\u00e3o de atendimentos. Entre os dias 28 de dezembro e 12 de janeiro, a coordena\u00e7\u00e3o do Ver\u00e3o Maior contabilizou um 1.083.970 participa\u00e7\u00f5es nas atividades educativas, de esporte e lazer nas arenas, incluindo o [&hellip;]<\/p>\n","protected":false},"author":2,"featured_media":63669,"comment_status":"open","ping_status":"open","sticky":false,"template":"","format":"standard","meta":{"advanced_seo_description":"","jetpack_seo_html_title":"","jetpack_seo_noindex":false,"_jetpack_memberships_contains_paid_content":false,"footnotes":""},"categories":[40,91],"tags":[],"class_list":{"0":"post-63667","1":"post","2":"type-post","3":"status-publish","4":"format-standard","5":"has-post-thumbnail","7":"category-destaques","8":"category-litoral"},"jetpack_featured_media_url":"https:\/\/www.paranapraia.com.br\/wp-content\/uploads\/2025\/01\/20250114_agb_tendas_verao_maior-2_1-scaled.jpg","jetpack_sharing_enabled":true,"_links":{"self":[{"href":"https:\/\/www.paranapraia.com.br\/index.php\/wp-json\/wp\/v2\/posts\/63667"}],"collection":[{"href":"https:\/\/www.paranapraia.com.br\/index.php\/wp-json\/wp\/v2\/posts"}],"about":[{"href":"https:\/\/www.paranapraia.com.br\/index.php\/wp-json\/wp\/v2\/types\/post"}],"author":[{"embeddable":true,"href":"https:\/\/www.paranapraia.com.br\/index.php\/wp-json\/wp\/v2\/users\/2"}],"replies":[{"embeddable":true,"href":"https:\/\/www.paranapraia.com.br\/index.php\/wp-json\/wp\/v2\/comments?post=63667"}],"version-history":[{"count":1,"href":"https:\/\/www.paranapraia.com.br\/index.php\/wp-json\/wp\/v2\/posts\/63667\/revisions"}],"predecessor-version":[{"id":63670,"href":"https:\/\/www.paranapraia.com.br\/index.php\/wp-json\/wp\/v2\/posts\/63667\/revisions\/63670"}],"wp:featuredmedia":[{"embeddable":true,"href":"https:\/\/www.paranapraia.com.br\/index.php\/wp-json\/wp\/v2\/media\/63669"}],"wp:attachment":[{"href":"https:\/\/www.paranapraia.com.br\/index.php\/wp-json\/wp\/v2\/media?parent=63667"}],"wp:term":[{"taxonomy":"category","embeddable":true,"href":"https:\/\/www.paranapraia.com.br\/index.php\/wp-json\/wp\/v2\/categories?post=63667"},{"taxonomy":"post_tag","embeddable":true,"href":"https:\/\/www.paranapraia.com.br\/index.php\/wp-json\/wp\/v2\/tags?post=63667"}],"curies":[{"name":"wp","href":"https:\/\/api.w.org\/{rel}","templated":true}]}}