{"id":63642,"date":"2025-01-16T11:54:14","date_gmt":"2025-01-16T14:54:14","guid":{"rendered":"https:\/\/www.paranapraia.com.br\/?p=63642"},"modified":"2025-01-16T11:54:17","modified_gmt":"2025-01-16T14:54:17","slug":"der-pr-aborda-413-veiculos-durante-fiscalizacao-de-transporte-no-verao-maior","status":"publish","type":"post","link":"https:\/\/www.paranapraia.com.br\/index.php\/2025\/01\/16\/der-pr-aborda-413-veiculos-durante-fiscalizacao-de-transporte-no-verao-maior\/","title":{"rendered":"DER\/PR aborda 413 ve\u00edculos durante fiscaliza\u00e7\u00e3o de transporte no Ver\u00e3o Maior"},"content":{"rendered":"\n<p>O Departamento de Estradas de Rodagem do Paran\u00e1 (DER\/PR), autarquia da Secretaria de Infraestrutura e Log\u00edstica (SEIL), abordou 413 ve\u00edculos de transporte intermunicipal de passageiros nas primeiras semanas do Ver\u00e3o Maior Paran\u00e1, visando coibir o transporte irregular e clandestino.<\/p>\n\n\n\n<p>Desse total, 54 foram notificados, e, destes, 15 estavam operando clandestinamente, sendo interrompidas suas atividades de imediato. A pr\u00e1tica do transporte clandestino coloca em risco n\u00e3o somente o passageiro, como tamb\u00e9m demais ve\u00edculos, que dividem a pista com um transporte que n\u00e3o atende as exig\u00eancias legais para circular, como ter inspe\u00e7\u00e3o mec\u00e2nica acreditada em dia e seguro.<\/p>\n\n\n\n<p>Os agentes de fiscaliza\u00e7\u00e3o de Transporte Rodovi\u00e1rio Intermunicipal de Passageiros do DER\/PR atuam em blitz nos principais postos rodovi\u00e1rios de acesso para o Litoral com apoio do Batalh\u00e3o de Pol\u00edcia Rodovi\u00e1ria (BPRv) da Pol\u00edcia Militar do Paran\u00e1, e na costa oeste do Paran\u00e1 com apoio da Pol\u00edcia Rodovi\u00e1ria Federal (PRF). O transporte interestadual de passageiros \u00e9 fiscalizado pela Ag\u00eancia Nacional de Transportes Terrestres (ANTT).<\/p>\n\n\n\n<p>Cidad\u00e3os podem utilizar o telefone&nbsp;<strong>08000-41-01-58&nbsp;<\/strong>para fazer den\u00fancias sobre o transporte irregular de passageiros entre munic\u00edpios, inclusive quanto a aplicativos que utilizam autom\u00f3veis para este fim. Nenhum autom\u00f3vel est\u00e1 autorizado a realizar transporte comercial de passageiros entre munic\u00edpios no Paran\u00e1, n\u00e3o importando a forma em que este \u00e9 contratado.<\/p>\n\n\n\n<p>As atividades de fiscaliza\u00e7\u00e3o do DER\/PR, por meio de sua Coordenadoria de Transporte Rodovi\u00e1rio Comercial, v\u00e3o prosseguir nas duas regi\u00f5es durante a alta temporada.<\/p>\n\n\n\n<p><strong>REGULAMENTA\u00c7\u00c3O<\/strong>&nbsp;\u2013 O DER\/PR \u00e9 respons\u00e1vel por administrar e fiscalizar o transporte comercial intermunicipal de passageiros no Estado, cujas empresas s\u00f3 podem operar caso atendam a todos os requerimentos na legisla\u00e7\u00e3o vigente.<\/p>\n\n\n\n<p>Isso inclui as linhas de transporte regular entre cidades, do tipo rodovi\u00e1rio e metropolitano (exceto pelas linhas da Regi\u00e3o Metropolitana de Curitiba); e tamb\u00e9m o fretamento cont\u00ednuo, como o transporte de trabalhadores e pacientes; e o fretamento eventual, que cobre todos os tipos de viagens para turismo.<\/p>\n\n\n\n<p>O portal do DER\/PR re\u00fane informa\u00e7\u00f5es sobre o transporte intermunicipal de passageiros para usu\u00e1rios e operadoras, inclusive consulta de empresas registradas, consulta de linhas e de hor\u00e1rios, direitos dos usu\u00e1rios, legisla\u00e7\u00e3o e estat\u00edsticas. Veja&nbsp;<a href=\"https:\/\/www.der.pr.gov.br\/Pagina\/Transporte-Intermunicipal-de-Passageiros\" target=\"_blank\" rel=\"noreferrer noopener\">AQUI<\/a>.<\/p>\n\n\n\n<p><strong>VER\u00c3O MAIOR PARAN\u00c1\u00a0<\/strong>\u2013 Toda a programa\u00e7\u00e3o do Ver\u00e3o Maior Paran\u00e1 pode ser conferida no site exclusivo do Governo do Paran\u00e1, o\u00a0<a href=\"https:\/\/www.verao.pr.gov.br\/\" target=\"_blank\" rel=\"noreferrer noopener\">pr.gov.br\/verao<\/a>. Ser\u00e3o 33 shows nacionais gratuitos nas arenas de Matinhos e Pontal do Paran\u00e1, al\u00e9m de grande programa\u00e7\u00e3o esportiva nas arenas das praias do Litoral e na regi\u00e3o Noroeste.<\/p>\n\n\n\n<p>AEN<\/p>\n","protected":false},"excerpt":{"rendered":"<p>O Departamento de Estradas de Rodagem do Paran\u00e1 (DER\/PR), autarquia da Secretaria de Infraestrutura e Log\u00edstica (SEIL), abordou 413 ve\u00edculos de transporte intermunicipal de passageiros nas primeiras semanas do Ver\u00e3o Maior Paran\u00e1, visando coibir o transporte irregular e clandestino. Desse total, 54 foram notificados, e, destes, 15 estavam operando clandestinamente, sendo interrompidas suas atividades de [&hellip;]<\/p>\n","protected":false},"author":2,"featured_media":63643,"comment_status":"open","ping_status":"open","sticky":false,"template":"","format":"standard","meta":{"advanced_seo_description":"","jetpack_seo_html_title":"","jetpack_seo_noindex":false,"_jetpack_memberships_contains_paid_content":false,"footnotes":""},"categories":[40],"tags":[319],"class_list":{"0":"post-63642","1":"post","2":"type-post","3":"status-publish","4":"format-standard","5":"has-post-thumbnail","7":"category-destaques","8":"tag-parana"},"jetpack_featured_media_url":"https:\/\/www.paranapraia.com.br\/wp-content\/uploads\/2025\/01\/fiscalizacao_de_transporte_intermunicipal_2-scaled.jpg","jetpack_sharing_enabled":true,"_links":{"self":[{"href":"https:\/\/www.paranapraia.com.br\/index.php\/wp-json\/wp\/v2\/posts\/63642"}],"collection":[{"href":"https:\/\/www.paranapraia.com.br\/index.php\/wp-json\/wp\/v2\/posts"}],"about":[{"href":"https:\/\/www.paranapraia.com.br\/index.php\/wp-json\/wp\/v2\/types\/post"}],"author":[{"embeddable":true,"href":"https:\/\/www.paranapraia.com.br\/index.php\/wp-json\/wp\/v2\/users\/2"}],"replies":[{"embeddable":true,"href":"https:\/\/www.paranapraia.com.br\/index.php\/wp-json\/wp\/v2\/comments?post=63642"}],"version-history":[{"count":1,"href":"https:\/\/www.paranapraia.com.br\/index.php\/wp-json\/wp\/v2\/posts\/63642\/revisions"}],"predecessor-version":[{"id":63644,"href":"https:\/\/www.paranapraia.com.br\/index.php\/wp-json\/wp\/v2\/posts\/63642\/revisions\/63644"}],"wp:featuredmedia":[{"embeddable":true,"href":"https:\/\/www.paranapraia.com.br\/index.php\/wp-json\/wp\/v2\/media\/63643"}],"wp:attachment":[{"href":"https:\/\/www.paranapraia.com.br\/index.php\/wp-json\/wp\/v2\/media?parent=63642"}],"wp:term":[{"taxonomy":"category","embeddable":true,"href":"https:\/\/www.paranapraia.com.br\/index.php\/wp-json\/wp\/v2\/categories?post=63642"},{"taxonomy":"post_tag","embeddable":true,"href":"https:\/\/www.paranapraia.com.br\/index.php\/wp-json\/wp\/v2\/tags?post=63642"}],"curies":[{"name":"wp","href":"https:\/\/api.w.org\/{rel}","templated":true}]}}