{"id":63639,"date":"2025-01-16T11:51:01","date_gmt":"2025-01-16T14:51:01","guid":{"rendered":"https:\/\/www.paranapraia.com.br\/?p=63639"},"modified":"2025-01-16T11:51:04","modified_gmt":"2025-01-16T14:51:04","slug":"donativos-arrecadados-pela-igreja-de-jesus-cristo-dos-santos-dos-ultimos-dias-sao-entregues-a-prefeitura-de-paranagua","status":"publish","type":"post","link":"https:\/\/www.paranapraia.com.br\/index.php\/2025\/01\/16\/donativos-arrecadados-pela-igreja-de-jesus-cristo-dos-santos-dos-ultimos-dias-sao-entregues-a-prefeitura-de-paranagua\/","title":{"rendered":"Donativos arrecadados pela Igreja de Jesus Cristo dos Santos dos \u00daltimos Dias s\u00e3o entregues \u00e0 Prefeitura de Paranagu\u00e1"},"content":{"rendered":"\n<p>Mais de 50 pessoas participaram de um encontro na tarde desta quarta (15) na Prefeitura de Paranagu\u00e1 para formalizar a entrega de donativos \u00e0s v\u00edtimas da enchente provocada por mais de 105 mm de chuva num curto espa\u00e7o de tempo na semana passada.<\/p>\n\n\n\n<p>As doa\u00e7\u00f5es foram arrecadadas pela Igreja de Jesus Cristo dos Santos dos \u00daltimos Dias totalizando 500 cestas b\u00e1sicas, 500 kits de higiene e 500 kits de limpeza. O secret\u00e1rio de Justi\u00e7a e Cidadania do Paran\u00e1, Santin Roveda, representou o governador Carlos Massa Ratinho J\u00fanior.<\/p>\n\n\n\n<p>Gestores estaduais do Provopar (Programa do Voluntariado Paranaense) tamb\u00e9m formalizaram a entrega de doa\u00e7\u00f5es arrecadadas numa campanha realizada em Curitiba nos \u00faltimos dias 11 e 12, entregues \u00e0 Prefeitura sob responsabilidade da secretaria municipal de Assist\u00eancia Social.<\/p>\n\n\n\n<p>O encontro reuniu v\u00e1rios l\u00edderes religiosos de diversas denomina\u00e7\u00f5es crist\u00e3s no gabinete do Executivo, al\u00e9m do prefeito de Paranagu\u00e1, Adriano Ramos, da vice-prefeita, Fabiana Parro, secret\u00e1rios e assessores municipais, e vereadores, incluindo o presidente da C\u00e2mara, Adalberto Ara\u00fajo, e o prefeito de Guaraque\u00e7aba, Sandro da Sa\u00fade.<\/p>\n\n\n\n<p>O gerente de Autossufici\u00eacia da Igreja, Diogo Pereira, apresentou dois dos v\u00e1rios projetos humanit\u00e1rios de sucesso apoiados pelo Brasil e se colocou \u00e0 disposi\u00e7\u00e3o da Prefeitura para iniciativas locais, citando ainda que em 2024 foram apoiados financeiramente 109 projetos em 24 estados brasileiros. No Paran\u00e1, h\u00e1 apoios em Curitiba, Londrina, Paranava\u00ed e agora em Paranagu\u00e1.<\/p>\n\n\n\n<p>O secret\u00e1rio de Justi\u00e7a e Cidadania, Santin Roveda, citou exemplos da urbaniza\u00e7\u00e3o de Curitiba ao longo do tempo e garantiu que Paranagu\u00e1 tem total apoio do governador para ser transformada por bons projetos. \u201cParanagu\u00e1 \u00e9 uma cidade com grande potencial que foi abandonada ao longo dos anos. N\u00e3o s\u00f3 a cidade, mas hoje vi que tamb\u00e9m a prefeitura. Adriano Ramos, essa pessoa \u00e9 um l\u00edder. A lideran\u00e7a, a alegria, a determina\u00e7\u00e3o do Adriano Ramos nos d\u00e3o a certeza de que agora a gente sabe quem vai colocar a cidade no caminho do progresso\u201d, disse Roveda. Ele tamb\u00e9m confirmou a realiza\u00e7\u00e3o da feira de servi\u00e7os Paran\u00e1 em A\u00e7\u00e3o na cidade nos dias 26, 27 e 28 de fevereiro.<\/p>\n\n\n\n<p>A vice-prefeita agradeceu as entidades que atenderam o chamado ap\u00f3s a enchente. &#8220;Temos que estruturar a cidade para enfrentar esses momentos de cat\u00e1strofe para que possamos nos preparar permanentemente para momentos como esse&#8221;, disse Fabiana Parro.<\/p>\n\n\n\n<p>O prefeito lembrou que as chuvas torrenciais mostraram que o secretariado n\u00e3o foge \u00e0 luta e agradeceu o empenho da equipe, al\u00e9m dos donativos da Igreja de Jesus Cristo dos Santos dos \u00daltimos Dias. &#8220;J\u00e1 nos primeiros momentos ap\u00f3s a chuva todos se mobilizaram para somar conosco. \u00c9 esse tipo de parceria, de envolvimento que buscamos sempre com a miss\u00e3o de cuidar da cidade, de cuidar das pessoas. Somos gratos \u00e0s igrejas, ao Governador Ratinho Junior aqui representado pelo secret\u00e1rio Santin Roveda que j\u00e1 \u00e9 um parnanguara de cora\u00e7\u00e3o&#8221;, agradeceu Adriano Ramos. Roveda \u00e9 o primeiro secret\u00e1rio de Estado a cumprir agenda oficial em Paranagu\u00e1 ap\u00f3s a posse de Adriano Ramos e Fabiana Parro no dia primeiro de janeiro.<\/p>\n\n\n\n<p>AEN<\/p>\n","protected":false},"excerpt":{"rendered":"<p>Mais de 50 pessoas participaram de um encontro na tarde desta quarta (15) na Prefeitura de Paranagu\u00e1 para formalizar a entrega de donativos \u00e0s v\u00edtimas da enchente provocada por mais de 105 mm de chuva num curto espa\u00e7o de tempo na semana passada. As doa\u00e7\u00f5es foram arrecadadas pela Igreja de Jesus Cristo dos Santos dos [&hellip;]<\/p>\n","protected":false},"author":2,"featured_media":63640,"comment_status":"open","ping_status":"open","sticky":false,"template":"","format":"standard","meta":{"advanced_seo_description":"","jetpack_seo_html_title":"","jetpack_seo_noindex":false,"_jetpack_memberships_contains_paid_content":false,"footnotes":""},"categories":[40,77],"tags":[321],"class_list":{"0":"post-63639","1":"post","2":"type-post","3":"status-publish","4":"format-standard","5":"has-post-thumbnail","7":"category-destaques","8":"category-paranagua","9":"tag-paranagua"},"jetpack_featured_media_url":"https:\/\/www.paranapraia.com.br\/wp-content\/uploads\/2025\/01\/thumb-31-scaled.jpeg","jetpack_sharing_enabled":true,"_links":{"self":[{"href":"https:\/\/www.paranapraia.com.br\/index.php\/wp-json\/wp\/v2\/posts\/63639"}],"collection":[{"href":"https:\/\/www.paranapraia.com.br\/index.php\/wp-json\/wp\/v2\/posts"}],"about":[{"href":"https:\/\/www.paranapraia.com.br\/index.php\/wp-json\/wp\/v2\/types\/post"}],"author":[{"embeddable":true,"href":"https:\/\/www.paranapraia.com.br\/index.php\/wp-json\/wp\/v2\/users\/2"}],"replies":[{"embeddable":true,"href":"https:\/\/www.paranapraia.com.br\/index.php\/wp-json\/wp\/v2\/comments?post=63639"}],"version-history":[{"count":1,"href":"https:\/\/www.paranapraia.com.br\/index.php\/wp-json\/wp\/v2\/posts\/63639\/revisions"}],"predecessor-version":[{"id":63641,"href":"https:\/\/www.paranapraia.com.br\/index.php\/wp-json\/wp\/v2\/posts\/63639\/revisions\/63641"}],"wp:featuredmedia":[{"embeddable":true,"href":"https:\/\/www.paranapraia.com.br\/index.php\/wp-json\/wp\/v2\/media\/63640"}],"wp:attachment":[{"href":"https:\/\/www.paranapraia.com.br\/index.php\/wp-json\/wp\/v2\/media?parent=63639"}],"wp:term":[{"taxonomy":"category","embeddable":true,"href":"https:\/\/www.paranapraia.com.br\/index.php\/wp-json\/wp\/v2\/categories?post=63639"},{"taxonomy":"post_tag","embeddable":true,"href":"https:\/\/www.paranapraia.com.br\/index.php\/wp-json\/wp\/v2\/tags?post=63639"}],"curies":[{"name":"wp","href":"https:\/\/api.w.org\/{rel}","templated":true}]}}