{"id":63636,"date":"2025-01-16T11:48:41","date_gmt":"2025-01-16T14:48:41","guid":{"rendered":"https:\/\/www.paranapraia.com.br\/?p=63636"},"modified":"2025-01-16T11:48:44","modified_gmt":"2025-01-16T14:48:44","slug":"pagode-da-banda-terezo-e-campeonato-paranaense-agitaram-o-palco-sunset","status":"publish","type":"post","link":"https:\/\/www.paranapraia.com.br\/index.php\/2025\/01\/16\/pagode-da-banda-terezo-e-campeonato-paranaense-agitaram-o-palco-sunset\/","title":{"rendered":"Pagode da banda Terezo e Campeonato Paranaense agitaram o Palco Sunset"},"content":{"rendered":"\n<p>O fim da tarde de quarta-feira (15) na praia de Caiob\u00e1, em Matinhos, foi embalado pelo pagode da banda Terezo, mais uma atra\u00e7\u00e3o do Palco Sunset do Ver\u00e3o Maior Paran\u00e1. E quem curtiu o show at\u00e9 o final pode tamb\u00e9m acompanhar dos tel\u00f5es a transmiss\u00e3o da partida entre Cascavel e Londrina pelo Campeonato Paranaense de Futebol, que acabou empatado em 0 a 0. A partir desta semana,<a href=\"https:\/\/www.aen.pr.gov.br\/Noticia\/TV-Parana-Turismo-inicia-transmissao-do-Campeonato-Paranaense-2025-nesta-quarta\" target=\"_blank\" rel=\"noreferrer noopener\">&nbsp;a TV Paran\u00e1 Turismo vai transmitir os jogos do Paranaense toda quarta-feira nas arenas do Ver\u00e3o Maior.<\/a><\/p>\n\n\n\n<p>Formada em 2016, a banda curitibana Terezo acabou de gravar o primeiro DVD e j\u00e1 levou para a praia as m\u00fasicas do novo repert\u00f3rio, al\u00e9m de cl\u00e1ssicos do pagode e do ax\u00e9. \u201c\u00c9 a segunda vez que tocamos no Ver\u00e3o Maior, estamos muito felizes por tocar aqui, porque fazer show no Litoral \u00e9 uma grande oportunidade de mostrar o nosso trabalho. E a praia e o litoral trazem esse clima de festa, de carnaval, que combina com a nossa m\u00fasica\u201d, disse o vocalista Andy Terezo.<\/p>\n\n\n\n<p>\u201cO Terezo vem trabalhando h\u00e1 oito anos, estamos gravando bastante m\u00fasicas, entre in\u00e9ditas e regrava\u00e7\u00f5es, tentando levar a banda a v\u00e1rias cidades\u201d, contou. \u201cNos finais de semana a gente est\u00e1 sempre viajando, mas tem tamb\u00e9m um pagode nosso toda sexta-feira em Curitiba, com a festa Play na Sexta\u201d.<\/p>\n\n\n\n<p>Os bailarinos Let\u00edcia Castro e Dem\u00e9trio Sanches fizeram um bate e volta de Curitiba para a praia, mas quando viram o show em Caiob\u00e1 resolveram estender o passeio por mais algumas horas. \u201cEu adorei, gosto muito do Terezo e j\u00e1 vi v\u00e1rias vezes em Curitiba e Guaratuba. \u00c9 uma iniciativa muito legal trazer para a praia, porque tem muita gente que \u00e0s vezes n\u00e3o consegue ir a um evento com toda a fam\u00edlia, as crian\u00e7as, e \u00e9 uma oportunidade para poderem participar\u201d, disse Let\u00edcia.<\/p>\n\n\n\n<p>\u201cEstamos aproveitando demais, est\u00e1 muito divertido no Palco Sunset. O Ver\u00e3o Maior Paran\u00e1 est\u00e1 muito legal, tem muitas atividades para crian\u00e7as, adultos e pessoas de todas as idades\u201d, destacou Dem\u00e9trio. \u201cA gente estava aqui, escutou a m\u00fasica e quis ficar. A m\u00fasica leva a gente para algum lugar diferente, quer dan\u00e7ar, aproveitar o restinho do sol e ser feliz. D\u00e1 uma alegrada no nosso dia, do lado do mar, banda boa, uma galera bonita e a gente vai se divertindo bastante\u201d.<\/p>\n\n\n\n<p>A programa\u00e7\u00e3o para esta quinta-feira no Palco Sunset \u00e9 a sanfoneira Bia Socek, que toca a partir das 18h30 em Caiob\u00e1.&nbsp;<\/p>\n\n\n\n<figure class=\"wp-block-image\"><a href=\"https:\/\/www.aen.pr.gov.br\/Galeria-de-Imagens\/Pagode-da-banda-Terezo-e-Campeonato-Paranaense-agitaram-o-Palco-Sunset#&amp;gid=1&amp;pid=8\"><img decoding=\"async\" src=\"https:\/\/www.aen.pr.gov.br\/sites\/default\/arquivos_restritos\/files\/imagem\/2025-01\/20250115_agb_terezo_verao_maior-7.jpg\" alt=\"-\"\/><\/a><figcaption class=\"wp-element-caption\">Fim de tarde foi de muita m\u00fasica em Caiob\u00e1. Foto: Geraldo Bubniak\/AEN<\/figcaption><\/figure>\n\n\n\n<p><br><strong>PROGRAMA\u00c7\u00c3O&nbsp;<\/strong>\u2013 Os shows do Palco Sunset s\u00e3o promovidos pelo Palco Paran\u00e1, Servi\u00e7o Social Aut\u00f4nomo subordinado \u00e0 Secretaria de Estado da Cultura como parte das atividades do Ver\u00e3o Maior Paran\u00e1, que buscam integrar cultura, esporte e lazer. Al\u00e9m de Caiob\u00e1, a programa\u00e7\u00e3o no Litoral se estende ainda a Guaratuba e, no Noroeste, a Porto S\u00e3o Jos\u00e9 (S\u00e3o Pedro do Paran\u00e1) e Porto Rico, oferecendo shows gratuitos de bandas paranaenses de diversos estilos, como reggae, sertanejo, pagode, rock e MPB.<\/p>\n\n\n\n<p><strong>Confira a agenda da semana:<\/strong><\/p>\n\n\n\n<p><strong>Caiob\u00e1<\/strong><\/p>\n\n\n\n<p>16\/01 &#8211; Bia Socek (sanfona e sertanejo)<\/p>\n\n\n\n<p><strong>Guaratuba<\/strong><\/p>\n\n\n\n<p>17\/01 &#8211; R\u00fabia Divino (MPB)<\/p>\n\n\n\n<p>18\/01 &#8211; Blindagem (rock)<\/p>\n\n\n\n<p><strong>Porto S\u00e3o Jos\u00e9<\/strong><\/p>\n\n\n\n<p>17\/01 &#8211; APK (rock e pop internacional)<\/p>\n\n\n\n<p>18\/01 &#8211; Orquestra Sanf\u00f4nica<\/p>\n\n\n\n<p><strong>Porto Rico<\/strong><\/p>\n\n\n\n<p>17\/01 &#8211; Jean e J\u00falio (sertanejo)<\/p>\n\n\n\n<p>18\/01 &#8211; Andr\u00e9 di Barros (MPB)<\/p>\n\n\n\n<p><strong>VER\u00c3O MAIOR PARAN\u00c1&nbsp;<\/strong>\u2013<strong>&nbsp;<\/strong>Toda a programa\u00e7\u00e3o do Ver\u00e3o Maior Paran\u00e1 pode ser conferida no site exclusivo do Governo do Paran\u00e1, o&nbsp;<a href=\"https:\/\/www.verao.pr.gov.br\/\" target=\"_blank\" rel=\"noreferrer noopener\">pr.gov.br\/verao<\/a>. Ser\u00e3o 33 shows nacionais gratuitos nas arenas de Matinhos e Pontal do Paran\u00e1, al\u00e9m de grande programa\u00e7\u00e3o esportiva nas arenas das praias do Litoral e na regi\u00e3o Noroeste.<\/p>\n\n\n\n<p>AEN<\/p>\n","protected":false},"excerpt":{"rendered":"<p>O fim da tarde de quarta-feira (15) na praia de Caiob\u00e1, em Matinhos, foi embalado pelo pagode da banda Terezo, mais uma atra\u00e7\u00e3o do Palco Sunset do Ver\u00e3o Maior Paran\u00e1. E quem curtiu o show at\u00e9 o final pode tamb\u00e9m acompanhar dos tel\u00f5es a transmiss\u00e3o da partida entre Cascavel e Londrina pelo Campeonato Paranaense de [&hellip;]<\/p>\n","protected":false},"author":2,"featured_media":63637,"comment_status":"open","ping_status":"open","sticky":false,"template":"","format":"standard","meta":{"advanced_seo_description":"","jetpack_seo_html_title":"","jetpack_seo_noindex":false,"_jetpack_memberships_contains_paid_content":false,"footnotes":""},"categories":[40],"tags":[316,317,319,318],"class_list":{"0":"post-63636","1":"post","2":"type-post","3":"status-publish","4":"format-standard","5":"has-post-thumbnail","7":"category-destaques","8":"tag-litoral","9":"tag-matinhos","10":"tag-parana","11":"tag-pontal-do-parana"},"jetpack_featured_media_url":"https:\/\/www.paranapraia.com.br\/wp-content\/uploads\/2025\/01\/20250115_agb_terezo_verao_maior-2-scaled.jpg","jetpack_sharing_enabled":true,"_links":{"self":[{"href":"https:\/\/www.paranapraia.com.br\/index.php\/wp-json\/wp\/v2\/posts\/63636"}],"collection":[{"href":"https:\/\/www.paranapraia.com.br\/index.php\/wp-json\/wp\/v2\/posts"}],"about":[{"href":"https:\/\/www.paranapraia.com.br\/index.php\/wp-json\/wp\/v2\/types\/post"}],"author":[{"embeddable":true,"href":"https:\/\/www.paranapraia.com.br\/index.php\/wp-json\/wp\/v2\/users\/2"}],"replies":[{"embeddable":true,"href":"https:\/\/www.paranapraia.com.br\/index.php\/wp-json\/wp\/v2\/comments?post=63636"}],"version-history":[{"count":1,"href":"https:\/\/www.paranapraia.com.br\/index.php\/wp-json\/wp\/v2\/posts\/63636\/revisions"}],"predecessor-version":[{"id":63638,"href":"https:\/\/www.paranapraia.com.br\/index.php\/wp-json\/wp\/v2\/posts\/63636\/revisions\/63638"}],"wp:featuredmedia":[{"embeddable":true,"href":"https:\/\/www.paranapraia.com.br\/index.php\/wp-json\/wp\/v2\/media\/63637"}],"wp:attachment":[{"href":"https:\/\/www.paranapraia.com.br\/index.php\/wp-json\/wp\/v2\/media?parent=63636"}],"wp:term":[{"taxonomy":"category","embeddable":true,"href":"https:\/\/www.paranapraia.com.br\/index.php\/wp-json\/wp\/v2\/categories?post=63636"},{"taxonomy":"post_tag","embeddable":true,"href":"https:\/\/www.paranapraia.com.br\/index.php\/wp-json\/wp\/v2\/tags?post=63636"}],"curies":[{"name":"wp","href":"https:\/\/api.w.org\/{rel}","templated":true}]}}