{"id":63621,"date":"2025-01-16T11:39:15","date_gmt":"2025-01-16T14:39:15","guid":{"rendered":"https:\/\/www.paranapraia.com.br\/?p=63621"},"modified":"2025-01-16T12:08:39","modified_gmt":"2025-01-16T15:08:39","slug":"operacao-da-pcpr-mira-organizacao-criminosa-envolvida-em-homicidios-e-trafico","status":"publish","type":"post","link":"https:\/\/www.paranapraia.com.br\/index.php\/2025\/01\/16\/operacao-da-pcpr-mira-organizacao-criminosa-envolvida-em-homicidios-e-trafico\/","title":{"rendered":"Opera\u00e7\u00e3o da PCPR mira organiza\u00e7\u00e3o criminosa envolvida em homic\u00eddios e tr\u00e1fico"},"content":{"rendered":"\n<p>A Pol\u00edcia Civil do Paran\u00e1 (PCPR) prendeu sete pessoas por envolvimento em uma organiza\u00e7\u00e3o criminosa ligada a homic\u00eddios, tr\u00e1fico de drogas e outros crimes violentos. As pris\u00f5es aconteceram durante uma opera\u00e7\u00e3o deflagrada na manh\u00e3 desta quinta-feira (16).<\/p>\n\n\n\n<p>Dos presos, dois foram localizados em Marechal C\u00e2ndido Rondon, um em Foz do Igua\u00e7u, considerado o l\u00edder do grupo, e um em Guaratuba. Outros tr\u00eas j\u00e1 estavam no sistema penitenci\u00e1rio por outros crimes. Em Foz do Igua\u00e7u, a Pol\u00edcia Militar prestou apoio nas a\u00e7\u00f5es, enquanto que em Guaratuba os policiais civis que atuam no Ver\u00e3o Maior Paran\u00e1 deram cumprimento ao mandado.<\/p>\n\n\n\n<p>Os 50 policiais envolvidos na a\u00e7\u00e3o tamb\u00e9m deram cumprimento a oito ordens judiciais de buscas que resultaram na apreens\u00e3o de uma arma de fogo, 15 gramas de coca\u00edna dividida em v\u00e1rias por\u00e7\u00f5es, celulares e um circuito de videomonitoramento. Os mandados foram cumpridos em Marechal C\u00e2ndido Rondon, Toledo, Foz do Igua\u00e7u e Guaratuba.<\/p>\n\n\n\n<p>A opera\u00e7\u00e3o \u00e9 resultado de seis meses de investiga\u00e7\u00f5es que iniciaram ap\u00f3s tr\u00eas homic\u00eddios ocorridos em Marechal C\u00e2ndido Rondon, em julho de 2024.<\/p>\n\n\n\n<p>A delegada da PCPR Yasmin Espicalsky explica que, durante este per\u00edodo, a investiga\u00e7\u00e3o conseguiu identificar que os crimes estavam relacionados a uma mesma organiza\u00e7\u00e3o criminosa. O primeiro deles foi o de uma mulher, usu\u00e1ria de drogas. Ela teria sido morta por um casal que era membro do grupo.<\/p>\n\n\n\n<p>\u201cPosteriormente, o casal tamb\u00e9m foi morto ap\u00f3s ter sido julgado por um &#8216;tribunal do crime&#8217;. O homem, por exemplo, foi encontrado sem os olhos, um ato de viol\u00eancia que serve como estrat\u00e9gia de intimida\u00e7\u00e3o. Os detalhes revelam a brutalidade dessa organiza\u00e7\u00e3o\u201d, disse a delegada.<\/p>\n\n\n\n<p>Dois dos alvos da opera\u00e7\u00e3o est\u00e3o foragidos. A PCPR segue em dilig\u00eancias a fim de localiz\u00e1-los.<\/p>\n\n\n\n<p><strong>DEN\u00daNCIAS\u00a0<\/strong>\u2013 A PCPR solicita a colabora\u00e7\u00e3o da popula\u00e7\u00e3o com informa\u00e7\u00f5es que levem \u00e0 captura dos foragidos. As den\u00fancias podem ser feitas de forma an\u00f4nima pelos telefones 197 da PCPR, 181 do Disque-Den\u00fancia ou (45) 3284-8450 diretamente \u00e0 equipe de investiga\u00e7\u00e3o.<\/p>\n\n\n\n<p>AEN<\/p>\n","protected":false},"excerpt":{"rendered":"<p>A Pol\u00edcia Civil do Paran\u00e1 (PCPR) prendeu sete pessoas por envolvimento em uma organiza\u00e7\u00e3o criminosa ligada a homic\u00eddios, tr\u00e1fico de drogas e outros crimes violentos. As pris\u00f5es aconteceram durante uma opera\u00e7\u00e3o deflagrada na manh\u00e3 desta quinta-feira (16). Dos presos, dois foram localizados em Marechal C\u00e2ndido Rondon, um em Foz do Igua\u00e7u, considerado o l\u00edder do [&hellip;]<\/p>\n","protected":false},"author":2,"featured_media":63624,"comment_status":"open","ping_status":"open","sticky":false,"template":"","format":"standard","meta":{"advanced_seo_description":"","jetpack_seo_html_title":"","jetpack_seo_noindex":false,"_jetpack_memberships_contains_paid_content":false,"footnotes":""},"categories":[33],"tags":[319],"class_list":{"0":"post-63621","1":"post","2":"type-post","3":"status-publish","4":"format-standard","5":"has-post-thumbnail","7":"category-policia","8":"tag-parana"},"jetpack_featured_media_url":"https:\/\/www.paranapraia.com.br\/wp-content\/uploads\/2025\/01\/whatsapp_image_2025-01-16_at_08.10.04-scaled.jpg","jetpack_sharing_enabled":true,"_links":{"self":[{"href":"https:\/\/www.paranapraia.com.br\/index.php\/wp-json\/wp\/v2\/posts\/63621"}],"collection":[{"href":"https:\/\/www.paranapraia.com.br\/index.php\/wp-json\/wp\/v2\/posts"}],"about":[{"href":"https:\/\/www.paranapraia.com.br\/index.php\/wp-json\/wp\/v2\/types\/post"}],"author":[{"embeddable":true,"href":"https:\/\/www.paranapraia.com.br\/index.php\/wp-json\/wp\/v2\/users\/2"}],"replies":[{"embeddable":true,"href":"https:\/\/www.paranapraia.com.br\/index.php\/wp-json\/wp\/v2\/comments?post=63621"}],"version-history":[{"count":2,"href":"https:\/\/www.paranapraia.com.br\/index.php\/wp-json\/wp\/v2\/posts\/63621\/revisions"}],"predecessor-version":[{"id":63665,"href":"https:\/\/www.paranapraia.com.br\/index.php\/wp-json\/wp\/v2\/posts\/63621\/revisions\/63665"}],"wp:featuredmedia":[{"embeddable":true,"href":"https:\/\/www.paranapraia.com.br\/index.php\/wp-json\/wp\/v2\/media\/63624"}],"wp:attachment":[{"href":"https:\/\/www.paranapraia.com.br\/index.php\/wp-json\/wp\/v2\/media?parent=63621"}],"wp:term":[{"taxonomy":"category","embeddable":true,"href":"https:\/\/www.paranapraia.com.br\/index.php\/wp-json\/wp\/v2\/categories?post=63621"},{"taxonomy":"post_tag","embeddable":true,"href":"https:\/\/www.paranapraia.com.br\/index.php\/wp-json\/wp\/v2\/tags?post=63621"}],"curies":[{"name":"wp","href":"https:\/\/api.w.org\/{rel}","templated":true}]}}