{"id":63606,"date":"2025-01-15T15:18:31","date_gmt":"2025-01-15T18:18:31","guid":{"rendered":"https:\/\/www.paranapraia.com.br\/?p=63606"},"modified":"2025-01-15T15:18:34","modified_gmt":"2025-01-15T18:18:34","slug":"governo-investe-r-51-milhoes-e-reforca-capacidade-do-hospital-regional-do-litoral-no-verao","status":"publish","type":"post","link":"https:\/\/www.paranapraia.com.br\/index.php\/2025\/01\/15\/governo-investe-r-51-milhoes-e-reforca-capacidade-do-hospital-regional-do-litoral-no-verao\/","title":{"rendered":"Governo investe R$ 5,1 milh\u00f5es e refor\u00e7a capacidade do Hospital Regional do Litoral no ver\u00e3o"},"content":{"rendered":"\n<p>Refer\u00eancia no atendimento para os sete munic\u00edpios da regi\u00e3o, o Hospital Regional do Litoral, em Paranagu\u00e1, recebeu R$ 5,1 milh\u00f5es em investimentos do Governo do Estado, no ano passado, para melhorar sua estrutura. O refor\u00e7o j\u00e1 leva em conta o planejamento para a temporada de ver\u00e3o, quando a popula\u00e7\u00e3o praticamente triplica no Litoral e, em consequ\u00eancia, os atendimentos na unidade.<\/p>\n\n\n\n<p>Nas duas primeiras semanas de 2025, cerca de 2.145 pacientes foram recebidos no hospital \u2013 a m\u00e9dia mensal nos demais meses do ano \u00e9 de 2,5 mil atendimentos. A unidade \u00e9 refer\u00eancia para as \u00e1reas de obstetr\u00edcia, traumatologia, urg\u00eancia e emerg\u00eancia, al\u00e9m de atender 18 especialidades m\u00e9dicas, incluindo cirurgias gerais, tor\u00e1cicas e vasculares.<\/p>\n\n\n\n<p>O aporte da Secretaria de Estado da Sa\u00fade inclui obras internas, como a reforma da UTI neonatal, UTI adulto, cl\u00ednica cir\u00fargica e outras \u00e1reas. Os recursos tamb\u00e9m foram utilizados para a compra de uma s\u00e9rie de equipamentos e materiais, como arcos cir\u00fargicos \u2013 essenciais para cirurgias ortop\u00e9dicas, por exemplo \u2013 uma nova incubadora neonatal e melhorias no novo tom\u00f3grafo para exames de cardiologia, entre outros investimentos.<\/p>\n\n\n\n<p>\u201cTemos cerca de 350 mil habitantes, mas nesta \u00e9poca do ano sobe para 1 milh\u00e3o de pessoas, dependendo da \u00e9poca at\u00e9 mais, e a demanda acaba crescendo muito\u201d, explica o diretor t\u00e9cnico do Hospital Regional do Litoral, F\u00e1bio Ricardo dos Santos. \u201cTivemos v\u00e1rios investimentos do ponto de vista estrutural e tamb\u00e9m de equipamentos, todos eles de primeira linha. S\u00e3o investimentos constantes e muito respons\u00e1veis\u201d.<\/p>\n\n\n\n<p>Al\u00e9m de ser refer\u00eancia para o Litoral, nesta \u00e9poca do ano, ele se torna refer\u00eancia a todo Estado, por causa do n\u00famero de turistas de outras cidades e regi\u00f5es. \u201cAs pessoas passam as f\u00e9rias no Litoral e a gente acaba virando uma vitrine do que o Estado tem feito pela sa\u00fade. Cada investimento e melhorias que s\u00e3o feitas, e cada especialidade nova com que trabalhamos, representam uma melhora no atendimento\u201d, salienta.<\/p>\n\n\n\n<p><strong>REFOR\u00c7O<\/strong>&nbsp;\u2013 Al\u00e9m do Hospital Regional, os munic\u00edpios tamb\u00e9m recebem aportes e estrutura extra para absorver a demanda durante a temporada. At\u00e9 o momento, a Sesa repassou aos munic\u00edpios integrantes do Ver\u00e3o Maior Paran\u00e1 \u2013 al\u00e9m do Litoral, tamb\u00e9m nas regi\u00f5es Oeste e Noroeste \u2013 R$ 10,4 milh\u00f5es, fundo a fundo, para o pagamento de plant\u00f5es m\u00e9dicos, compra de medicamentos e materiais, loca\u00e7\u00e3o de tr\u00eas ambul\u00e2ncias de suporte avan\u00e7ado e a\u00e7\u00f5es de vigil\u00e2ncia em sa\u00fade.<\/p>\n\n\n\n<p>Somente os sete munic\u00edpios do Litoral receberam R$ 8,4 milh\u00f5es, al\u00e9m de um complemento de R$ 1 milh\u00e3o para a implanta\u00e7\u00e3o de estruturas de suporte aos munic\u00edpios.<\/p>\n\n\n\n<p>\u201cTodo ano, o Governo do Estado auxilia com ambul\u00e2ncias, m\u00e9dicos, enfermeiros e t\u00e9cnicos aos sete munic\u00edpios, e com uma verba extra para que os munic\u00edpios possam oferecer o servi\u00e7o \u00e0 popula\u00e7\u00e3o local e tamb\u00e9m para quem \u00e9 de fora\u201d, destaca Santos. \u201cH\u00e1 todo um aparato que o governo oferece para que os veranistas tenham o melhor atendimento poss\u00edvel, porque a demanda aumenta substancialmente\u201d.<\/p>\n\n\n\n<p>O m\u00e9dico explica, ainda, que o hospital recebe casos mais graves de afogamentos \u2013 at\u00e9 o momento, foram oito pacientes que demandaram cuidados mais intensivos \u2013, al\u00e9m de v\u00edtimas de traumas e viroses que aumentam durante o ver\u00e3o. \u201cOs traumas causados por acidentes aumentam pelo menos 50% nesta \u00e9poca. A maioria dos afogamentos acaba sendo muito bem atendida pelo Samu, o que evita um agravamento dos casos\u201d.<\/p>\n\n\n\n<p>AEN<\/p>\n","protected":false},"excerpt":{"rendered":"<p>Refer\u00eancia no atendimento para os sete munic\u00edpios da regi\u00e3o, o Hospital Regional do Litoral, em Paranagu\u00e1, recebeu R$ 5,1 milh\u00f5es em investimentos do Governo do Estado, no ano passado, para melhorar sua estrutura. O refor\u00e7o j\u00e1 leva em conta o planejamento para a temporada de ver\u00e3o, quando a popula\u00e7\u00e3o praticamente triplica no Litoral e, em [&hellip;]<\/p>\n","protected":false},"author":2,"featured_media":63607,"comment_status":"open","ping_status":"open","sticky":false,"template":"","format":"standard","meta":{"advanced_seo_description":"","jetpack_seo_html_title":"","jetpack_seo_noindex":false,"_jetpack_memberships_contains_paid_content":false,"footnotes":""},"categories":[91,50],"tags":[],"class_list":{"0":"post-63606","1":"post","2":"type-post","3":"status-publish","4":"format-standard","5":"has-post-thumbnail","7":"category-litoral","8":"category-saude"},"jetpack_featured_media_url":"https:\/\/www.paranapraia.com.br\/wp-content\/uploads\/2025\/01\/20250115_agb_hosp_paranagua-8-scaled.jpg","jetpack_sharing_enabled":true,"_links":{"self":[{"href":"https:\/\/www.paranapraia.com.br\/index.php\/wp-json\/wp\/v2\/posts\/63606"}],"collection":[{"href":"https:\/\/www.paranapraia.com.br\/index.php\/wp-json\/wp\/v2\/posts"}],"about":[{"href":"https:\/\/www.paranapraia.com.br\/index.php\/wp-json\/wp\/v2\/types\/post"}],"author":[{"embeddable":true,"href":"https:\/\/www.paranapraia.com.br\/index.php\/wp-json\/wp\/v2\/users\/2"}],"replies":[{"embeddable":true,"href":"https:\/\/www.paranapraia.com.br\/index.php\/wp-json\/wp\/v2\/comments?post=63606"}],"version-history":[{"count":1,"href":"https:\/\/www.paranapraia.com.br\/index.php\/wp-json\/wp\/v2\/posts\/63606\/revisions"}],"predecessor-version":[{"id":63608,"href":"https:\/\/www.paranapraia.com.br\/index.php\/wp-json\/wp\/v2\/posts\/63606\/revisions\/63608"}],"wp:featuredmedia":[{"embeddable":true,"href":"https:\/\/www.paranapraia.com.br\/index.php\/wp-json\/wp\/v2\/media\/63607"}],"wp:attachment":[{"href":"https:\/\/www.paranapraia.com.br\/index.php\/wp-json\/wp\/v2\/media?parent=63606"}],"wp:term":[{"taxonomy":"category","embeddable":true,"href":"https:\/\/www.paranapraia.com.br\/index.php\/wp-json\/wp\/v2\/categories?post=63606"},{"taxonomy":"post_tag","embeddable":true,"href":"https:\/\/www.paranapraia.com.br\/index.php\/wp-json\/wp\/v2\/tags?post=63606"}],"curies":[{"name":"wp","href":"https:\/\/api.w.org\/{rel}","templated":true}]}}