{"id":63603,"date":"2025-01-15T15:11:32","date_gmt":"2025-01-15T18:11:32","guid":{"rendered":"https:\/\/www.paranapraia.com.br\/?p=63603"},"modified":"2025-01-15T15:11:35","modified_gmt":"2025-01-15T18:11:35","slug":"parana-recebe-primeira-remessa-do-ano-de-vacinas-contra-a-covid-19","status":"publish","type":"post","link":"https:\/\/www.paranapraia.com.br\/index.php\/2025\/01\/15\/parana-recebe-primeira-remessa-do-ano-de-vacinas-contra-a-covid-19\/","title":{"rendered":"Paran\u00e1 recebe primeira remessa do ano de vacinas contra a Covid-19"},"content":{"rendered":"\n<p>A Secretaria de Estado da Sa\u00fade (Sesa) recebeu nesta ter\u00e7a-feira (14) uma nova remessa de vacinas contra a Covid-19. S\u00e3o 60 mil doses da Pfizer Baby, destinada a beb\u00eas de seis meses at\u00e9 quatro anos, 11 meses e 29 dias e 50 mil doses do imunizante Zalika para a popula\u00e7\u00e3o acima de 12 anos, totalizando 110 mil doses. A distribui\u00e7\u00e3o do novo lote para todas as Regionais de Sa\u00fade ter\u00e1 in\u00edcio nesta quinta-feira (16).<\/p>\n\n\n\n<p>\u201cO processo de distribui\u00e7\u00e3o leva em torno de 48 horas, logo, at\u00e9 o fim de semana as regionais j\u00e1 estar\u00e3o redistribuindo aos munic\u00edpios. Aqueles que n\u00e3o tinham doses poder\u00e3o dar continuidade \u00e0 vacina\u00e7\u00e3o\u201d, disse o secret\u00e1rio de Estado da Sa\u00fade, Beto Preto.<\/p>\n\n\n\n<p>Atualmente a vacina\u00e7\u00e3o abrange crian\u00e7as de 6 meses a menores de 5 anos, idosos e gestantes como parte da vacina\u00e7\u00e3o de rotina. A popula\u00e7\u00e3o priorit\u00e1ria eleg\u00edvel s\u00e3o as com comorbidades, pu\u00e9rperas, imunocomprometidas, ind\u00edgenas, ribeirinhos, quilombolas, trabalhadores da sa\u00fade, pessoas com defici\u00eancia permanente, entre outros grupos priorit\u00e1rios.<\/p>\n\n\n\n<p>No Paran\u00e1, atualmente, a cobertura vacinal monovalente para as tr\u00eas doses \u00e9 de 57,65%, e de 87,97% para as duas doses. At\u00e9 13\/01 foram aplicadas 29.988.352 doses da vacina contra a Covid-19 monovalente. Em n\u00fameros absolutos, o Estado est\u00e1 em 5\u00ba lugar no Pa\u00eds. \u00c0 frente est\u00e3o os estados de S\u00e3o Paulo (131.547.434), Minas Gerais (53.313.046), Rio de Janeiro (42.412.027) e Bahia (36.191.901).<\/p>\n\n\n\n<p>As doses aplicadas da vacina Zalika n\u00e3o est\u00e3o contabilizadas devido o sistema do Minist\u00e9rio da Sa\u00fade estar em atualiza\u00e7\u00e3o.<\/p>\n\n\n\n<p>De acordo com sistema Notifica Covid-19, o Paran\u00e1 contabiliza neste in\u00edcio de ano 674 casos e 3 \u00f3bitos.<\/p>\n\n\n\n<p>AEN<\/p>\n","protected":false},"excerpt":{"rendered":"<p>A Secretaria de Estado da Sa\u00fade (Sesa) recebeu nesta ter\u00e7a-feira (14) uma nova remessa de vacinas contra a Covid-19. S\u00e3o 60 mil doses da Pfizer Baby, destinada a beb\u00eas de seis meses at\u00e9 quatro anos, 11 meses e 29 dias e 50 mil doses do imunizante Zalika para a popula\u00e7\u00e3o acima de 12 anos, totalizando [&hellip;]<\/p>\n","protected":false},"author":2,"featured_media":63604,"comment_status":"open","ping_status":"open","sticky":false,"template":"","format":"standard","meta":{"advanced_seo_description":"","jetpack_seo_html_title":"","jetpack_seo_noindex":false,"_jetpack_memberships_contains_paid_content":false,"footnotes":""},"categories":[650,50],"tags":[852,487],"class_list":{"0":"post-63603","1":"post","2":"type-post","3":"status-publish","4":"format-standard","5":"has-post-thumbnail","7":"category-parana","8":"category-saude","9":"tag-covid","10":"tag-parana-2"},"jetpack_featured_media_url":"https:\/\/www.paranapraia.com.br\/wp-content\/uploads\/2025\/01\/d1162bbe-a903-4e60-ac44-6ffbf98ab1d6-scaled.jpg","jetpack_sharing_enabled":true,"_links":{"self":[{"href":"https:\/\/www.paranapraia.com.br\/index.php\/wp-json\/wp\/v2\/posts\/63603"}],"collection":[{"href":"https:\/\/www.paranapraia.com.br\/index.php\/wp-json\/wp\/v2\/posts"}],"about":[{"href":"https:\/\/www.paranapraia.com.br\/index.php\/wp-json\/wp\/v2\/types\/post"}],"author":[{"embeddable":true,"href":"https:\/\/www.paranapraia.com.br\/index.php\/wp-json\/wp\/v2\/users\/2"}],"replies":[{"embeddable":true,"href":"https:\/\/www.paranapraia.com.br\/index.php\/wp-json\/wp\/v2\/comments?post=63603"}],"version-history":[{"count":1,"href":"https:\/\/www.paranapraia.com.br\/index.php\/wp-json\/wp\/v2\/posts\/63603\/revisions"}],"predecessor-version":[{"id":63605,"href":"https:\/\/www.paranapraia.com.br\/index.php\/wp-json\/wp\/v2\/posts\/63603\/revisions\/63605"}],"wp:featuredmedia":[{"embeddable":true,"href":"https:\/\/www.paranapraia.com.br\/index.php\/wp-json\/wp\/v2\/media\/63604"}],"wp:attachment":[{"href":"https:\/\/www.paranapraia.com.br\/index.php\/wp-json\/wp\/v2\/media?parent=63603"}],"wp:term":[{"taxonomy":"category","embeddable":true,"href":"https:\/\/www.paranapraia.com.br\/index.php\/wp-json\/wp\/v2\/categories?post=63603"},{"taxonomy":"post_tag","embeddable":true,"href":"https:\/\/www.paranapraia.com.br\/index.php\/wp-json\/wp\/v2\/tags?post=63603"}],"curies":[{"name":"wp","href":"https:\/\/api.w.org\/{rel}","templated":true}]}}