{"id":63495,"date":"2025-01-14T11:15:54","date_gmt":"2025-01-14T14:15:54","guid":{"rendered":"https:\/\/www.paranapraia.com.br\/?p=63495"},"modified":"2025-01-14T11:15:57","modified_gmt":"2025-01-14T14:15:57","slug":"palcos-sunset-do-verao-maior-retomam-com-shows-de-artistas-paranaenses-nesta-terca","status":"publish","type":"post","link":"https:\/\/www.paranapraia.com.br\/index.php\/2025\/01\/14\/palcos-sunset-do-verao-maior-retomam-com-shows-de-artistas-paranaenses-nesta-terca\/","title":{"rendered":"Palcos Sunset do Ver\u00e3o Maior retomam com shows de artistas paranaenses nesta ter\u00e7a"},"content":{"rendered":"\n<p>Depois de um fim de semana que levou mais de 300 mil pessoas a curtirem os shows do Ver\u00e3o Maior Paran\u00e1 no Litoral e Noroeste do Estado, al\u00e9m da programa\u00e7\u00e3o cultural nos postos fixos das praias, as apresenta\u00e7\u00f5es de artistas paranaenses nos palcos Sunset recome\u00e7am nesta ter\u00e7a-feira (14).<\/p>\n\n\n\n<p>A banda de reggae curitibana Namast\u00ea sobe ao palco montado em Caiob\u00e1, a partir das 18h30. A trupe surgiu em 1998 em Ponta Grossa e depois se mudou para Curitiba.&nbsp;Influenciados pela m\u00fasica jamaicana, a banda tem no seu repert\u00f3rio composi\u00e7\u00f5es pr\u00f3prias e releituras de m\u00fasicas consagradas.&nbsp;<\/p>\n\n\n\n<p>Al\u00e9m do reggae, muito sertanejo, pagode, rock e pop v\u00e3o tomar conta dos quatro palcos Sunset montados para o Ver\u00e3o Maior Paran\u00e1. Em Caiob\u00e1 se apresentam ainda a banda de pagode curitibana Terezo na quarta-feira (15) e a sanfoneira Bia Socek, na quinta (16). Em Guaratuba, al\u00e9m da banda de rock Blindagem, que se apresenta no s\u00e1bado (18), a cantora R\u00fabia Divino, sobe ao palco tocando MPB na sexta (17). Em Porto S\u00e3o Jos\u00e9, a banda APK apresenta muito rock e pop internacional na sexta (17).<\/p>\n\n\n\n<p>A mais conhecida \u00e9&nbsp;Blindagem, uma&nbsp;banda&nbsp;de&nbsp;rock fundada em&nbsp;1978 que tem v\u00e1rios CDs, grava\u00e7\u00f5es, parcerias e um amplo hist\u00f3rico de shows no Paran\u00e1 e no Brasil.<\/p>\n\n\n\n<p>Entre os shows que acontecem desde o dia 3 de janeiro, j\u00e1 passaram pelos palcos bandas como Jovem Dion\u00edsio, que estourou no pa\u00eds depois do hit \u201cAcorda, Pedrinho\u201d, Denorex 80, Djambi e Relesp\u00fablica. Mais de 48 artistas paranaenses devem se apresentar nos palcos Sunset at\u00e9 o final do Ver\u00e3o Maior Paran\u00e1.<\/p>\n\n\n\n<p><strong>Confira a agenda de shows nos palcos Sunset<\/strong>:<\/p>\n\n\n\n<p><strong>Caiob\u00e1<\/strong><\/p>\n\n\n\n<p>14\/01 &#8211; Namast\u00ea<\/p>\n\n\n\n<p>15\/01 &#8211; Terezzo<\/p>\n\n\n\n<p>16\/01 &#8211; Bia Socek<\/p>\n\n\n\n<p><strong>Guaratuba<\/strong><\/p>\n\n\n\n<p>17\/01 &#8211; R\u00fabia Divino<\/p>\n\n\n\n<p>18\/01 &#8211; Blindagem<\/p>\n\n\n\n<p><strong>Porto S\u00e3o Jos\u00e9<\/strong><\/p>\n\n\n\n<p>17\/01 &#8211; APK<\/p>\n\n\n\n<p>18\/01 &#8211; Orquestra Sanf\u00f4nica<\/p>\n\n\n\n<p><strong>Porto Rico<\/strong><\/p>\n\n\n\n<p>17\/01 &#8211; Jean e J\u00falio<\/p>\n\n\n\n<p>18\/01 &#8211; Andr\u00e9 di Barros<\/p>\n\n\n\n<p><strong>SHOWS NACIONAIS&nbsp;<\/strong>\u2013 A partir de sexta-feira (17), os palcos principais montados em Matinhos e Pontal do Paran\u00e1 recebem&nbsp;<a href=\"https:\/\/www.aen.pr.gov.br\/Noticia\/Apos-shows-com-300-mil-pessoas-Litoral-tera-Guilherme-Santiago-Gustavo-Mioto-e-Sambo\" target=\"_blank\" rel=\"noreferrer noopener\">Guilherme &amp; Santiago, o cantor Gustavo Mioto e a banda Samb\u00f4. Guilherme &amp; Santiago<\/a>&nbsp;sobem ao palco duas vezes: na sexta em Pontal do Paran\u00e1 e no s\u00e1bado (18), em Matinhos. Os shows come\u00e7am \u00e0s 22h. Gustavo Mioto anima as areias de Matinhos na sexta-feira (17) e para quem estiver em Pontal do Paran\u00e1 no s\u00e1bado (18), \u00e9 a vez da banda Samb\u00f4 subir ao palco.<\/p>\n\n\n\n<p><strong>VER\u00c3O MAIOR PARAN\u00c1<\/strong>&nbsp;\u2013 Toda a programa\u00e7\u00e3o do Ver\u00e3o Maior Paran\u00e1 pode ser conferida no site exclusivo do Governo do Paran\u00e1, o&nbsp;<a href=\"https:\/\/www.verao.pr.gov.br\/\" target=\"_blank\" rel=\"noreferrer noopener\">pr.gov.br\/verao<\/a>. Ser\u00e3o 33 shows nacionais gratuitos nas arenas de Matinhos e Pontal do Paran\u00e1, mais de 48 shows de artistas paranaenses nos Palcos Sunset em Caiob\u00e1, Guaratuba, S\u00e3o Pedro do Paran\u00e1 e Porto Rico, al\u00e9m de grande programa\u00e7\u00e3o esportiva nas arenas das praias do Litoral e na regi\u00e3o Noroeste.<\/p>\n\n\n\n<p>AEN<\/p>\n","protected":false},"excerpt":{"rendered":"<p>Depois de um fim de semana que levou mais de 300 mil pessoas a curtirem os shows do Ver\u00e3o Maior Paran\u00e1 no Litoral e Noroeste do Estado, al\u00e9m da programa\u00e7\u00e3o cultural nos postos fixos das praias, as apresenta\u00e7\u00f5es de artistas paranaenses nos palcos Sunset recome\u00e7am nesta ter\u00e7a-feira (14). A banda de reggae curitibana Namast\u00ea sobe [&hellip;]<\/p>\n","protected":false},"author":2,"featured_media":63496,"comment_status":"open","ping_status":"open","sticky":false,"template":"","format":"standard","meta":{"advanced_seo_description":"","jetpack_seo_html_title":"","jetpack_seo_noindex":false,"_jetpack_memberships_contains_paid_content":false,"footnotes":""},"categories":[40],"tags":[316,317,319,318],"class_list":{"0":"post-63495","1":"post","2":"type-post","3":"status-publish","4":"format-standard","5":"has-post-thumbnail","7":"category-destaques","8":"tag-litoral","9":"tag-matinhos","10":"tag-parana","11":"tag-pontal-do-parana"},"jetpack_featured_media_url":"https:\/\/www.paranapraia.com.br\/wp-content\/uploads\/2025\/01\/banda_namaste_divulgacao_0.jpg","jetpack_sharing_enabled":true,"_links":{"self":[{"href":"https:\/\/www.paranapraia.com.br\/index.php\/wp-json\/wp\/v2\/posts\/63495"}],"collection":[{"href":"https:\/\/www.paranapraia.com.br\/index.php\/wp-json\/wp\/v2\/posts"}],"about":[{"href":"https:\/\/www.paranapraia.com.br\/index.php\/wp-json\/wp\/v2\/types\/post"}],"author":[{"embeddable":true,"href":"https:\/\/www.paranapraia.com.br\/index.php\/wp-json\/wp\/v2\/users\/2"}],"replies":[{"embeddable":true,"href":"https:\/\/www.paranapraia.com.br\/index.php\/wp-json\/wp\/v2\/comments?post=63495"}],"version-history":[{"count":1,"href":"https:\/\/www.paranapraia.com.br\/index.php\/wp-json\/wp\/v2\/posts\/63495\/revisions"}],"predecessor-version":[{"id":63497,"href":"https:\/\/www.paranapraia.com.br\/index.php\/wp-json\/wp\/v2\/posts\/63495\/revisions\/63497"}],"wp:featuredmedia":[{"embeddable":true,"href":"https:\/\/www.paranapraia.com.br\/index.php\/wp-json\/wp\/v2\/media\/63496"}],"wp:attachment":[{"href":"https:\/\/www.paranapraia.com.br\/index.php\/wp-json\/wp\/v2\/media?parent=63495"}],"wp:term":[{"taxonomy":"category","embeddable":true,"href":"https:\/\/www.paranapraia.com.br\/index.php\/wp-json\/wp\/v2\/categories?post=63495"},{"taxonomy":"post_tag","embeddable":true,"href":"https:\/\/www.paranapraia.com.br\/index.php\/wp-json\/wp\/v2\/tags?post=63495"}],"curies":[{"name":"wp","href":"https:\/\/api.w.org\/{rel}","templated":true}]}}