{"id":63392,"date":"2025-01-13T10:16:46","date_gmt":"2025-01-13T13:16:46","guid":{"rendered":"https:\/\/www.paranapraia.com.br\/?p=63392"},"modified":"2025-01-13T10:19:28","modified_gmt":"2025-01-13T13:19:28","slug":"praias-em-alerta-shows-no-litoral-comecam-com-alta-de-66-em-locais-nao-recomendados-para-banho","status":"publish","type":"post","link":"https:\/\/www.paranapraia.com.br\/index.php\/2025\/01\/13\/praias-em-alerta-shows-no-litoral-comecam-com-alta-de-66-em-locais-nao-recomendados-para-banho\/","title":{"rendered":"Praias em alerta: shows no litoral come\u00e7am com alta de 66% em locais n\u00e3o recomendados para banho"},"content":{"rendered":"\n<p>Na mesma sexta-feira (10) em que a temporada de shows nacionais teve in\u00edcio no Litoral do Paran\u00e1, o Governo do Estado divulgou o 4\u00ba boletim de balneabilidade das praias.<\/p>\n\n\n\n<p>Com menos destaque que as atra\u00e7\u00f5es musicais, o documento trouxe um dado preocupante: dos 59 pontos monitorados no litoral paranaense, 40 foram considerados impr\u00f3prios para banho.<\/p>\n\n\n\n<p>No entanto, para fins estat\u00edsticos, o Governo Estadual contabiliza apenas 30 pontos impr\u00f3prios, desconsiderando 10 locais situados em \u00e1reas de foz \u2014 encontro de \u00e1guas de rio e mar \u2014, que, segundo o IAT (Instituto \u00c1gua e Terra), s\u00e3o permanentemente inadequados para banho.<\/p>\n\n\n\n<p>Os dados atuais indicam um aumento de 66,7% em rela\u00e7\u00e3o ao boletim anterior, divulgado no dia 3 de janeiro, que apontava 28 pontos impr\u00f3prios, ou 18 se exclu\u00eddos os locais descartados pelo IAT. Comparado ao mesmo per\u00edodo do ano passado, o aumento \u00e9 ainda mais significativo.<\/p>\n\n\n\n<p>Na \u00e9poca, eram 15 pontos impr\u00f3prios, ou apenas 5 pela m\u00e9trica oficial do Governo, mesmo com o Litoral sofrendo com fortes chuvas no in\u00edcio do ano passado.<\/p>\n\n\n\n<p>Pontos impr\u00f3prios<\/p>\n\n\n\n<p>Os 12 novos locais impr\u00f3prios para banho est\u00e3o distribu\u00eddos entre Pontal do Paran\u00e1, Matinhos \u2014 incluindo a Praia Central \u2014 e Guaratuba. Os locais j\u00e1 identificados no boletim anterior permanecem sem a sinaliza\u00e7\u00e3o de \u00e1rea pr\u00f3pria para banho (bandeira azul). <\/p>\n\n\n\n<p>Confira os pontos impr\u00f3prios:<\/p>\n\n\n\n<p>Ilha do Mel (Paranagu\u00e1): duas localidades na praia de Encantadas \u2014 em frente ao m\u00f3dulo policial e \u00e0 direita do trapiche.<\/p>\n\n\n\n<p>Pontal do Paran\u00e1: Balne\u00e1rios Shangri-l\u00e1, Olho D\u2019\u00c1gua, Ipanema, Praia de Leste e Santa Terezinha.<\/p>\n\n\n\n<p>Matinhos: Balne\u00e1rios Costa Azul, Ipacaray, Solymar, Fl\u00f3rida, Riviera, Flamingo, Praia Central (esquerda do morro) e SESC (direita do morro).<\/p>\n\n\n\n<p>Guaratuba: Caieiras (Rua Frederico Nascimento e esquerda das pedras); Guaratuba (Rua Alois Cicatka, Rua Generoso Marques, Rua Dilba Bevervanso \u2014 Col\u00f4nia dos Magistrados \u2014 e esquerda da Rua Ponta Grossa); Balne\u00e1rio Brejatuba (Rua Jacarezinho e Rua Pedro \u00c1lvares Cabral); e Balne\u00e1rio Nereidas\/Eliane (esquerda da Rua Reo Benet).<\/p>\n\n\n\n<p>Antonina: Ponta da Pita. <\/p>\n\n\n\n<p>Os demais pontos com bandeira vermelha est\u00e3o localizados nas fozes dos rios que cortam a regi\u00e3o (10 locais), \u00e1reas de drenagem urbana que nunca s\u00e3o indicadas para banho ou pr\u00e1ticas esportivas, como o Canal Caiob\u00e1, em Matinhos, e a foz do Rio Olho D\u2019\u00c1gua, em Pontal do Paran\u00e1.<\/p>\n\n\n\n<p>Por isso, segundo o IAT, esses locais n\u00e3o integram a contagem final do boletim. Chuva A justificativa para o aumento dos pontos impr\u00f3prios \u00e9 a mesma da semana anterior: as chuvas intensas que atingem o Litoral durante o ver\u00e3o.<\/p>\n\n\n\n<p>Em decorr\u00eancia de liga\u00e7\u00f5es clandestinas de esgoto, os dejetos s\u00e3o levados para os rios que des\u00e1guam no mar, informa o IAT. Ainda segundo o instituto, ser\u00e3o investidos R$ 14 milh\u00f5es em obras de drenagem e limpeza de canais nos munic\u00edpios litor\u00e2neos.<\/p>\n\n\n\n<p>Entre os canais que ser\u00e3o desassoreados est\u00e1 o do Rio Peri, um dos principais receptores de \u00e1guas pluviais de Matinhos e Pontal do Paran\u00e1. As a\u00e7\u00f5es tamb\u00e9m devem ocorrer em Guaraque\u00e7aba, Antonina, Guaratuba, Paranagu\u00e1 (incluindo a Ilha do Mel) e Morretes.<\/p>\n\n\n\n<p>Al\u00e9m disso, a Sanepar (Companhia de Saneamento do Paran\u00e1) realizar\u00e1 um mutir\u00e3o na pr\u00f3xima semana para solucionar problemas relacionados ao esgoto. <\/p>\n\n\n\n<p>Monitoramento<\/p>\n\n\n\n<p>Os boletins de balneabilidade s\u00e3o disponibilizados pelo IAT todas as sextas-feiras durante a temporada de ver\u00e3o. As amostras de \u00e1gua s\u00e3o coletadas \u00e0s segundas-feiras e analisadas ao longo da semana no laborat\u00f3rio do instituto, em Curitiba.<\/p>\n\n\n\n<p>O monitoramento verifica a presen\u00e7a de contamina\u00e7\u00e3o por esgoto sanit\u00e1rio clandestino e avalia a possibilidade de uso das \u00e1reas para atividades de lazer, como nata\u00e7\u00e3o, mergulho e esqui. Para isso, utiliza-se o indicador Escherichia coli, uma bact\u00e9ria presente no intestino de seres humanos e animais de sangue quente.<\/p>\n\n\n\n<p>Quanto maior a quantidade dessa bact\u00e9ria na \u00e1gua, maior \u00e9 a contamina\u00e7\u00e3o por esgoto e o risco de presen\u00e7a de organismos patog\u00eanicos (causadores de doen\u00e7as). As doen\u00e7as mais comuns associadas \u00e0 \u00e1gua contaminada incluem gastroenterite, diarreia, infec\u00e7\u00f5es de pele, olhos, ouvidos e garganta.<\/p>\n\n\n\n<p>Doen\u00e7as mais graves, como hepatite A, c\u00f3lera e febre tifoide, tamb\u00e9m podem ser transmitidas. Servi\u00e7o Para consultar os pontos monitorados e a qualidade da \u00e1gua, \u00e9 poss\u00edvel acessar o site do Instituto \u00c1gua e Terra (IAT), no menu Monitoramento\/Balneabilidade, ou baixar o aplicativo \u201cBalneabilidade Paran\u00e1\u201d, dispon\u00edvel para Android no Google Play.<\/p>\n\n\n\n<p>A balneabilidade tamb\u00e9m pode ser verificada por meio de banners localizados nos balne\u00e1rios: a cor azul indica \u00e1rea pr\u00f3pria para banho, enquanto a vermelha aponta \u00e1rea impr\u00f3pria.<\/p>\n\n\n\n<p><em>JB Litoral<\/em> <em>Foto: Albari Rosa \u2013 AEN PR<\/em><\/p>\n","protected":false},"excerpt":{"rendered":"<p>Na mesma sexta-feira (10) em que a temporada de shows nacionais teve in\u00edcio no Litoral do Paran\u00e1, o Governo do Estado divulgou o 4\u00ba boletim de balneabilidade das praias. Com menos destaque que as atra\u00e7\u00f5es musicais, o documento trouxe um dado preocupante: dos 59 pontos monitorados no litoral paranaense, 40 foram considerados impr\u00f3prios para banho. [&hellip;]<\/p>\n","protected":false},"author":2,"featured_media":63393,"comment_status":"open","ping_status":"open","sticky":false,"template":"","format":"standard","meta":{"advanced_seo_description":"","jetpack_seo_html_title":"","jetpack_seo_noindex":false,"_jetpack_memberships_contains_paid_content":false,"footnotes":""},"categories":[40],"tags":[671,333,715,316,317,318],"class_list":{"0":"post-63392","1":"post","2":"type-post","3":"status-publish","4":"format-standard","5":"has-post-thumbnail","7":"category-destaques","8":"tag-balneabilidade","9":"tag-guaratuba","10":"tag-ilha-do-mel","11":"tag-litoral","12":"tag-matinhos","13":"tag-pontal-do-parana"},"jetpack_featured_media_url":"https:\/\/www.paranapraia.com.br\/wp-content\/uploads\/2025\/01\/Foto-Ari-Dias-AEN-1024x768.jpg-scaled.webp","jetpack_sharing_enabled":true,"_links":{"self":[{"href":"https:\/\/www.paranapraia.com.br\/index.php\/wp-json\/wp\/v2\/posts\/63392"}],"collection":[{"href":"https:\/\/www.paranapraia.com.br\/index.php\/wp-json\/wp\/v2\/posts"}],"about":[{"href":"https:\/\/www.paranapraia.com.br\/index.php\/wp-json\/wp\/v2\/types\/post"}],"author":[{"embeddable":true,"href":"https:\/\/www.paranapraia.com.br\/index.php\/wp-json\/wp\/v2\/users\/2"}],"replies":[{"embeddable":true,"href":"https:\/\/www.paranapraia.com.br\/index.php\/wp-json\/wp\/v2\/comments?post=63392"}],"version-history":[{"count":2,"href":"https:\/\/www.paranapraia.com.br\/index.php\/wp-json\/wp\/v2\/posts\/63392\/revisions"}],"predecessor-version":[{"id":63396,"href":"https:\/\/www.paranapraia.com.br\/index.php\/wp-json\/wp\/v2\/posts\/63392\/revisions\/63396"}],"wp:featuredmedia":[{"embeddable":true,"href":"https:\/\/www.paranapraia.com.br\/index.php\/wp-json\/wp\/v2\/media\/63393"}],"wp:attachment":[{"href":"https:\/\/www.paranapraia.com.br\/index.php\/wp-json\/wp\/v2\/media?parent=63392"}],"wp:term":[{"taxonomy":"category","embeddable":true,"href":"https:\/\/www.paranapraia.com.br\/index.php\/wp-json\/wp\/v2\/categories?post=63392"},{"taxonomy":"post_tag","embeddable":true,"href":"https:\/\/www.paranapraia.com.br\/index.php\/wp-json\/wp\/v2\/tags?post=63392"}],"curies":[{"name":"wp","href":"https:\/\/api.w.org\/{rel}","templated":true}]}}