{"id":63389,"date":"2025-01-12T21:53:42","date_gmt":"2025-01-13T00:53:42","guid":{"rendered":"https:\/\/www.paranapraia.com.br\/?p=63389"},"modified":"2025-01-12T21:53:45","modified_gmt":"2025-01-13T00:53:45","slug":"matheus-kauan-agitam-88-mil-pessoas-no-encerramento-do-1-o-fim-de-semana-do-verao-maior","status":"publish","type":"post","link":"https:\/\/www.paranapraia.com.br\/index.php\/2025\/01\/12\/matheus-kauan-agitam-88-mil-pessoas-no-encerramento-do-1-o-fim-de-semana-do-verao-maior\/","title":{"rendered":"Matheus &amp; Kauan agitam 88 mil pessoas no encerramento do 1.\u00ba fim de semana do Ver\u00e3o Maior"},"content":{"rendered":"\n<p>O primeiro fim de semana de shows do Ver\u00e3o Maior Paran\u00e1 encerrou neste domingo (12) com grande estilo, com a dupla sertaneja Matheus &amp; Kauan reunindo 88 mil pessoas em Matinhos. Os cinco espet\u00e1culos deste fim de semana, que contou ainda com apresenta\u00e7\u00f5es de P\u00e9ricles, Jota Quest e Loubet, somaram um p\u00fablico de 303 mil pessoas curtindo no Litoral paranaense.<\/p>\n\n\n\n<p>At\u00e9 o final da temporada, as Arenas Ver\u00e3o Maior em Matinhos e Pontal do Paran\u00e1 v\u00e3o receber 33 shows de grandes nomes da m\u00fasica nacional. Ser\u00e3o sete fins de semana seguidos de programa\u00e7\u00e3o, que segue at\u00e9 o dia 22 de fevereiro.&nbsp;<\/p>\n\n\n\n<p>Os irm\u00e3os goianos Matheus &amp; Kauan se sentiram em casa tocando no Litoral do Paran\u00e1, j\u00e1 que costumam gravar seus DVDs na praia, inclusive o \u00faltimo, Praiou, lan\u00e7ado em 2024. Em Matinhos, eles agitaram o p\u00fablico com sucessos como \u201cO Nosso Santo Bateu\u201d e \u201cDecide A\u00ed\u201d, al\u00e9m de m\u00fasicas novas que est\u00e3o entrando no repert\u00f3rio, incluindo \u201cTriplex\u201d e \u201cCron\u00f4metro\u201d.<\/p>\n\n\n\n<p>\u201c\u00c9 uma alegria estar aqui num doming\u00e3o \u00e0 tarde, \u00e9 a nossa cara, porque temos tr\u00eas DVDs gravados na praia. O Ver\u00e3o Maior tem tudo a ver com a gente, por isso ficamos honrados em participar de um projeto t\u00e3o incr\u00edvel\u201d, disse Matheus. \u201cTrouxemos v\u00e1rias m\u00fasicas novas para apresentar para a galera, para fazer um show bem para cima, que todo mundo curte\u201d, completou Kauan.<\/p>\n\n\n\n<p>Na plateia, pessoas de todas as idades cantaram com a dupla, muitos deles com faixas na cabe\u00e7a com o nome dos dois irm\u00e3os. \u00c9 o caso de Hilary Weng, de 14 anos, que \u00e9 f\u00e3 da dupla desde os cinco. \u201cCheguei \u00e0s 13h para pegar um bom lugar, porque Matheus &amp; Kauan merecem. \u00c9 muito incr\u00edvel, estava muito ansiosa para vir, \u00e9 um show nota 10\u201d, disse.<\/p>\n\n\n\n<p>Morador de Matinhos, o construtor Jos\u00e9 Glenilson Moreira n\u00e3o perde os shows do Ver\u00e3o Maior, que ele disse estar movimentando a cidade. \u201cN\u00e3o perdemos um show, estamos sempre aqui curtindo. Uma oportunidade dessas que o governo est\u00e1 dando para n\u00f3s \u00e9 \u00fanica, ent\u00e3o tem que aproveitar\u201d, afirmou. \u201cO que est\u00e1 sendo feito para o povo daqui n\u00e3o \u00e9 pouco, com as obras e os shows, \u00e9 tudo maravilhoso. O movimento na cidade est\u00e1 muito grande, o que \u00e9 muito bom para a gente, para o com\u00e9rcio, um trabalho que est\u00e1 dando resultado\u201d.<\/p>\n\n\n\n<figure class=\"wp-block-image\"><img decoding=\"async\" src=\"https:\/\/www.aen.pr.gov.br\/sites\/default\/arquivos_restritos\/files\/imagem\/2025-01\/whatsapp_image_2025-01-12_at_20.43.09.jpg\" alt=\"SHOW Matheus &amp; Kauan\"\/><\/figure>\n\n\n\n<p>Os primos Fernando Cardoso Almeida, Eduarda Casagrande Waterkemper e Mateus Casagrande Waterkemper conseguiram se encontrar com a dupla no camarim, o que tornou o show ainda mais especial para eles. \u201cA gente \u00e9 muito f\u00e3, gosta muito deles e se sentiu muito feliz. Foi uma experi\u00eancia \u00fanica e uma ansiedade muito grande. Est\u00e1 tudo perfeito, um espa\u00e7o bem preparado e com bastante gente\u201d, contou Fernanda, de 17 anos.<\/p>\n\n\n\n<p><strong>MAIS SHOWS \u2013<\/strong>&nbsp;Na pr\u00f3xima semana, quem agita os palcos \u00e9 a dupla Guilherme &amp; Santiago, que tocam na sexta-feira (17), em Pontal do Paran\u00e1, e no s\u00e1bado (18), em Matinhos. O sertanejo Gustavo Mioto toca na sexta, em Matinhos, e a banda Samb\u00f4 se apresenta no s\u00e1bado, em Pontal do Paran\u00e1. Os pr\u00f3ximos finais de semana ainda v\u00e3o reunir Sorriso Maroto, Tit\u00e3s, Luan Santana, Fernando &amp; Sorocaba, Jo\u00e3o Bosco &amp; Vin\u00edcius e muito mais.<\/p>\n\n\n\n<p>Al\u00e9m dos shows nacionais, m\u00fasicos e bandas paranaenses tamb\u00e9m marcam presen\u00e7a nas areias do Litoral e tamb\u00e9m nos balne\u00e1rios da Costa Noroeste, em Porto Rico e S\u00e3o Pedro do Paran\u00e1. Ao todo, ser\u00e3o 50 shows nos Palcos Sunset do Ver\u00e3o Maior at\u00e9 o final da temporada.&nbsp;<\/p>\n\n\n\n<p><strong>VER\u00c3O MAIOR PARAN\u00c1 \u2013<\/strong>\u00a0Toda a programa\u00e7\u00e3o do Ver\u00e3o Maior Paran\u00e1 pode ser conferida no site exclusivo do Governo do Paran\u00e1, o\u00a0<a href=\"https:\/\/www.verao.pr.gov.br\/\" target=\"_blank\" rel=\"noreferrer noopener\">pr.gov.br\/verao<\/a>. Ser\u00e3o 33 shows nacionais gratuitos nas arenas de Matinhos e Pontal do Paran\u00e1, al\u00e9m de grande programa\u00e7\u00e3o esportiva nas arenas das praias do Litoral e na regi\u00e3o Noroeste.<\/p>\n\n\n\n<p>AEN<\/p>\n","protected":false},"excerpt":{"rendered":"<p>O primeiro fim de semana de shows do Ver\u00e3o Maior Paran\u00e1 encerrou neste domingo (12) com grande estilo, com a dupla sertaneja Matheus &amp; Kauan reunindo 88 mil pessoas em Matinhos. Os cinco espet\u00e1culos deste fim de semana, que contou ainda com apresenta\u00e7\u00f5es de P\u00e9ricles, Jota Quest e Loubet, somaram um p\u00fablico de 303 mil [&hellip;]<\/p>\n","protected":false},"author":2,"featured_media":63390,"comment_status":"open","ping_status":"open","sticky":false,"template":"","format":"standard","meta":{"advanced_seo_description":"","jetpack_seo_html_title":"","jetpack_seo_noindex":false,"_jetpack_memberships_contains_paid_content":false,"footnotes":""},"categories":[88],"tags":[316,317,319],"class_list":{"0":"post-63389","1":"post","2":"type-post","3":"status-publish","4":"format-standard","5":"has-post-thumbnail","7":"category-matinhos","8":"tag-litoral","9":"tag-matinhos","10":"tag-parana"},"jetpack_featured_media_url":"https:\/\/www.paranapraia.com.br\/wp-content\/uploads\/2025\/01\/20250112_agb_matehus_e_kauan_verao_maior-8-scaled.jpg","jetpack_sharing_enabled":true,"_links":{"self":[{"href":"https:\/\/www.paranapraia.com.br\/index.php\/wp-json\/wp\/v2\/posts\/63389"}],"collection":[{"href":"https:\/\/www.paranapraia.com.br\/index.php\/wp-json\/wp\/v2\/posts"}],"about":[{"href":"https:\/\/www.paranapraia.com.br\/index.php\/wp-json\/wp\/v2\/types\/post"}],"author":[{"embeddable":true,"href":"https:\/\/www.paranapraia.com.br\/index.php\/wp-json\/wp\/v2\/users\/2"}],"replies":[{"embeddable":true,"href":"https:\/\/www.paranapraia.com.br\/index.php\/wp-json\/wp\/v2\/comments?post=63389"}],"version-history":[{"count":1,"href":"https:\/\/www.paranapraia.com.br\/index.php\/wp-json\/wp\/v2\/posts\/63389\/revisions"}],"predecessor-version":[{"id":63391,"href":"https:\/\/www.paranapraia.com.br\/index.php\/wp-json\/wp\/v2\/posts\/63389\/revisions\/63391"}],"wp:featuredmedia":[{"embeddable":true,"href":"https:\/\/www.paranapraia.com.br\/index.php\/wp-json\/wp\/v2\/media\/63390"}],"wp:attachment":[{"href":"https:\/\/www.paranapraia.com.br\/index.php\/wp-json\/wp\/v2\/media?parent=63389"}],"wp:term":[{"taxonomy":"category","embeddable":true,"href":"https:\/\/www.paranapraia.com.br\/index.php\/wp-json\/wp\/v2\/categories?post=63389"},{"taxonomy":"post_tag","embeddable":true,"href":"https:\/\/www.paranapraia.com.br\/index.php\/wp-json\/wp\/v2\/tags?post=63389"}],"curies":[{"name":"wp","href":"https:\/\/api.w.org\/{rel}","templated":true}]}}