{"id":63280,"date":"2025-01-10T16:26:10","date_gmt":"2025-01-10T19:26:10","guid":{"rendered":"https:\/\/www.paranapraia.com.br\/?p=63280"},"modified":"2025-01-10T16:26:29","modified_gmt":"2025-01-10T19:26:29","slug":"prefeito-instala-gabinete-de-gestao-de-crise-apos-chuvas-que-alagaram-bairros-da-cidade","status":"publish","type":"post","link":"https:\/\/www.paranapraia.com.br\/index.php\/2025\/01\/10\/prefeito-instala-gabinete-de-gestao-de-crise-apos-chuvas-que-alagaram-bairros-da-cidade\/","title":{"rendered":"Prefeito instala gabinete de gest\u00e3o de crise ap\u00f3s chuvas que alagaram bairros da cidade"},"content":{"rendered":"\n<p>Ap\u00f3s as fortes chuvas que ca\u00edram sobre Paranagu\u00e1 na madrugada desta quinta (9), o prefeito Adriano Ramos determinou a instala\u00e7\u00e3o de um gabinete integrado de gest\u00e3o de crise para agir de imediato e pediu que todos trabalhem em defesa da popula\u00e7\u00e3o. Foram mais de 100 mil\u00edmetros que provocaram pontos de alagamento em bairros como Vila Guarani, Vila Portu\u00e1ria, Vila Ruth, Serraria do Rocha e Labra, entre outros, e afetaram diretamente mais de 450 pessoas. \u00c0 tarde, o grupo apresentou um relat\u00f3rio da situa\u00e7\u00e3o e discutiu medidas emergenciais na sala de reuni\u00f5es do Pal\u00e1cio S\u00e3o Jos\u00e9, sede da Prefeitura.<\/p>\n\n\n\n<figure class=\"wp-block-gallery has-nested-images columns-default is-cropped wp-block-gallery-1 is-layout-flex wp-block-gallery-is-layout-flex\">\n<figure class=\"wp-block-image size-large\"><img loading=\"lazy\" decoding=\"async\" width=\"1024\" height=\"652\" data-id=\"63285\" src=\"https:\/\/www.paranapraia.com.br\/wp-content\/uploads\/2025\/01\/13212-1024x652.jpg\" alt=\"\" class=\"wp-image-63285\" srcset=\"https:\/\/www.paranapraia.com.br\/wp-content\/uploads\/2025\/01\/13212-1024x652.jpg 1024w, https:\/\/www.paranapraia.com.br\/wp-content\/uploads\/2025\/01\/13212-300x191.jpg 300w, https:\/\/www.paranapraia.com.br\/wp-content\/uploads\/2025\/01\/13212-768x489.jpg 768w, https:\/\/www.paranapraia.com.br\/wp-content\/uploads\/2025\/01\/13212-696x443.jpg 696w, https:\/\/www.paranapraia.com.br\/wp-content\/uploads\/2025\/01\/13212-1068x680.jpg 1068w, https:\/\/www.paranapraia.com.br\/wp-content\/uploads\/2025\/01\/13212-scaled.jpg 800w\" sizes=\"(max-width: 1024px) 100vw, 1024px\" \/><\/figure>\n\n\n\n<figure class=\"wp-block-image size-large\"><img loading=\"lazy\" decoding=\"async\" width=\"1024\" height=\"652\" data-id=\"63285\" src=\"https:\/\/www.paranapraia.com.br\/wp-content\/uploads\/2025\/01\/13212-1024x652.jpg\" alt=\"\" class=\"wp-image-63285\" srcset=\"https:\/\/www.paranapraia.com.br\/wp-content\/uploads\/2025\/01\/13212-1024x652.jpg 1024w, https:\/\/www.paranapraia.com.br\/wp-content\/uploads\/2025\/01\/13212-300x191.jpg 300w, https:\/\/www.paranapraia.com.br\/wp-content\/uploads\/2025\/01\/13212-768x489.jpg 768w, https:\/\/www.paranapraia.com.br\/wp-content\/uploads\/2025\/01\/13212-696x443.jpg 696w, https:\/\/www.paranapraia.com.br\/wp-content\/uploads\/2025\/01\/13212-1068x680.jpg 1068w, https:\/\/www.paranapraia.com.br\/wp-content\/uploads\/2025\/01\/13212-scaled.jpg 800w\" sizes=\"(max-width: 1024px) 100vw, 1024px\" \/><\/figure>\n\n\n\n<figure class=\"wp-block-image size-large\"><img loading=\"lazy\" decoding=\"async\" width=\"1024\" height=\"652\" data-id=\"63285\" src=\"https:\/\/www.paranapraia.com.br\/wp-content\/uploads\/2025\/01\/13212-1024x652.jpg\" alt=\"\" class=\"wp-image-63285\" srcset=\"https:\/\/www.paranapraia.com.br\/wp-content\/uploads\/2025\/01\/13212-1024x652.jpg 1024w, https:\/\/www.paranapraia.com.br\/wp-content\/uploads\/2025\/01\/13212-300x191.jpg 300w, https:\/\/www.paranapraia.com.br\/wp-content\/uploads\/2025\/01\/13212-768x489.jpg 768w, https:\/\/www.paranapraia.com.br\/wp-content\/uploads\/2025\/01\/13212-696x443.jpg 696w, https:\/\/www.paranapraia.com.br\/wp-content\/uploads\/2025\/01\/13212-1068x680.jpg 1068w, https:\/\/www.paranapraia.com.br\/wp-content\/uploads\/2025\/01\/13212-scaled.jpg 800w\" sizes=\"(max-width: 1024px) 100vw, 1024px\" \/><\/figure>\n<\/figure>\n\n\n\n<p>O grupo re\u00fane o gabinete do Executivo; Secretaria de Seguran\u00e7a P\u00fablica; Guarda Civil Municipal (GCM); Defesa Civil Municipal e secretarias de Obras; Aquicultura Pesca e Abastecimento; Educa\u00e7\u00e3o; Esportes e Assist\u00eancia Social. A Prefeitura tamb\u00e9m compartilha informa\u00e7\u00f5es com o Corpo de Bombeiros e a Defesa Civil, envolvidos diretamente nas a\u00e7\u00f5es.<\/p>\n\n\n\n<p>Ainda de madrugada, a Prefeitura disponibilizou o gin\u00e1sio de esportes Arena Albertina Salmon para acolher os desabrigados, mas apenas uma fam\u00edlia formada por tr\u00eas pessoas deu entrada no local. Nos diversos bairros atingidos, mais de 100 resid\u00eancias foram assistidas pelos Guardas Civis Municipais (GCM). No entanto, todas as fam\u00edlias preferiram ficar em casa esperando a \u00e1gua baixar.<\/p>\n\n\n\n<p>O prefeito explicou que o principal objetivo \u00e9 socorrer, abrigar e dar aux\u00edlio \u00e0s v\u00edtimas que mais precisam. \u201cFoi um absurdo, mais de 100 mil\u00edmetros de chuva num curto espa\u00e7o de tempo e de madrugada j\u00e1 est\u00e1vamos nas ruas com as secretarias agindo para socorrer pessoas. A partir da forma\u00e7\u00e3o desse grupo de trabalho estamos com um plano emergencial e vamos desenvolver um plano de longo prazo que incluiu dragagem e outras medidas necess\u00e1rias para evitar esse tipo de trag\u00e9dia que sempre acontece nessa \u00e9poca do ano. Nossa maior preocupa\u00e7\u00e3o \u00e9 com as pessoas\u201d, detalhou Adriano Ramos, completando que as equipes da Prefeitura v\u00e3o seguir as orienta\u00e7\u00f5es da Defesa Civil Municipal e Estadual.<\/p>\n\n\n\n<p>O secret\u00e1rio de Seguran\u00e7a P\u00fablica e coordenador da Defesa Civil de Paranagu\u00e1, GCM N\u00f3brega, disse que \u201ca prioridade \u00e9 atender quem precisa de abrigo, mesmo aqueles que n\u00e3o quiseram sair de casa, mas podem precisar de aux\u00edlio\u201d.<\/p>\n\n\n\n<p>COL\u00d4NIAS: Ap\u00f3s a reuni\u00e3o, equipes da Defesa Civil e da Secretaria de Aquicultura e Pesca com os secret\u00e1rios N\u00f3brega e M\u00e1rcio Veja se deslocaram \u00e0s col\u00f4nias Visconde de Nacar, Vila Palmeiras e Santa Cruz, na PR 508 (Rodovia Alexandra-Matinhos) para atender chamados de fam\u00edlias ilhadas pela cheia de rios que cortam a regi\u00e3o e transbordaram.<\/p>\n\n\n\n<p>Participaram da reuni\u00e3o, al\u00e9m do prefeito, a vice-prefeita Fabiana Parro, os secret\u00e1rios municipais GCM N\u00f3brega (Seguran\u00e7a P\u00fablica), Oz\u00e9ias Rebello Costa (Obras), M\u00e1rcio Vega (Aquicultura Pesca e Abastecimento), Capit\u00e3o Everton, comandante do Corpo de Bombeiros, Capit\u00e3o Tiago Alves Conte, da Defesa Civil Estadual, Tenente Jean, comandante da Defesa Civil do Paran\u00e1 para Curitiba e litoral, agentes da Defesa Civil Estadual e da Guarda Civil Municipal, o presidente da C\u00e2mara de Paranagu\u00e1, vereador Adalberto Ara\u00fajo, e o vereador Giovanne Martins.<\/p>\n\n\n\n<p>Assessoria<\/p>\n","protected":false},"excerpt":{"rendered":"<p>Ap\u00f3s as fortes chuvas que ca\u00edram sobre Paranagu\u00e1 na madrugada desta quinta (9), o prefeito Adriano Ramos determinou a instala\u00e7\u00e3o de um gabinete integrado de gest\u00e3o de crise para agir de imediato e pediu que todos trabalhem em defesa da popula\u00e7\u00e3o. Foram mais de 100 mil\u00edmetros que provocaram pontos de alagamento em bairros como Vila [&hellip;]<\/p>\n","protected":false},"author":2,"featured_media":63282,"comment_status":"open","ping_status":"open","sticky":false,"template":"","format":"standard","meta":{"advanced_seo_description":"","jetpack_seo_html_title":"","jetpack_seo_noindex":false,"_jetpack_memberships_contains_paid_content":false,"footnotes":""},"categories":[40,77,1],"tags":[],"class_list":{"0":"post-63280","1":"post","2":"type-post","3":"status-publish","4":"format-standard","5":"has-post-thumbnail","7":"category-destaques","8":"category-paranagua","9":"category-sem-categoria"},"jetpack_featured_media_url":"https:\/\/www.paranapraia.com.br\/wp-content\/uploads\/2025\/01\/13213-scaled.jpg","jetpack_sharing_enabled":true,"_links":{"self":[{"href":"https:\/\/www.paranapraia.com.br\/index.php\/wp-json\/wp\/v2\/posts\/63280"}],"collection":[{"href":"https:\/\/www.paranapraia.com.br\/index.php\/wp-json\/wp\/v2\/posts"}],"about":[{"href":"https:\/\/www.paranapraia.com.br\/index.php\/wp-json\/wp\/v2\/types\/post"}],"author":[{"embeddable":true,"href":"https:\/\/www.paranapraia.com.br\/index.php\/wp-json\/wp\/v2\/users\/2"}],"replies":[{"embeddable":true,"href":"https:\/\/www.paranapraia.com.br\/index.php\/wp-json\/wp\/v2\/comments?post=63280"}],"version-history":[{"count":1,"href":"https:\/\/www.paranapraia.com.br\/index.php\/wp-json\/wp\/v2\/posts\/63280\/revisions"}],"predecessor-version":[{"id":63286,"href":"https:\/\/www.paranapraia.com.br\/index.php\/wp-json\/wp\/v2\/posts\/63280\/revisions\/63286"}],"wp:featuredmedia":[{"embeddable":true,"href":"https:\/\/www.paranapraia.com.br\/index.php\/wp-json\/wp\/v2\/media\/63282"}],"wp:attachment":[{"href":"https:\/\/www.paranapraia.com.br\/index.php\/wp-json\/wp\/v2\/media?parent=63280"}],"wp:term":[{"taxonomy":"category","embeddable":true,"href":"https:\/\/www.paranapraia.com.br\/index.php\/wp-json\/wp\/v2\/categories?post=63280"},{"taxonomy":"post_tag","embeddable":true,"href":"https:\/\/www.paranapraia.com.br\/index.php\/wp-json\/wp\/v2\/tags?post=63280"}],"curies":[{"name":"wp","href":"https:\/\/api.w.org\/{rel}","templated":true}]}}