{"id":63222,"date":"2025-01-10T11:00:15","date_gmt":"2025-01-10T14:00:15","guid":{"rendered":"https:\/\/www.paranapraia.com.br\/?p=63222"},"modified":"2025-01-10T11:00:18","modified_gmt":"2025-01-10T14:00:18","slug":"defesa-civil-instala-base-no-litoral-para-auxiliar-prefeituras-na-estacao-das-chuvas","status":"publish","type":"post","link":"https:\/\/www.paranapraia.com.br\/index.php\/2025\/01\/10\/defesa-civil-instala-base-no-litoral-para-auxiliar-prefeituras-na-estacao-das-chuvas\/","title":{"rendered":"Defesa Civil instala base no Litoral para auxiliar prefeituras na esta\u00e7\u00e3o das chuvas"},"content":{"rendered":"\n<p>Parte da equipe da Defesa Civil Estadual foi deslocada para Pontal do Paran\u00e1 neste come\u00e7o de ano para prestar aux\u00edlio aos sete munic\u00edpios do Litoral. A medida foi adotada como parte das atividades do Ver\u00e3o Maior Paran\u00e1.<\/p>\n\n\n\n<p>A base m\u00f3vel aprimora o sistema de monitoramento da regi\u00e3o e acompanhamento das ocorr\u00eancias por conta do grande volume de chuvas durante o ver\u00e3o. Em 2024 houve 22 registros de vendaval, chuvas intensas e alagamentos, e deste total 15 situa\u00e7\u00f5es ocorreram nos tr\u00eas primeiros meses, sendo nove apenas em janeiro. Neste primeiros dias de 2025 foram contabilizadas quatro ocorr\u00eancias.<\/p>\n\n\n\n<p>\u201cNessa \u00e9poca h\u00e1 um maior n\u00famero de ocorr\u00eancias no Litoral, por isso este ano trouxemos o nosso efetivo. Dessa maneira podemos estar mais pr\u00f3ximos dos novos gestores que assumem o mandato justamente na alta temporada, quando h\u00e1 grandes volumes de chuva\u201d, destaca Ivan Ricardo Fernandes, coordenador executivo da Defesa Civil Estadual.<\/p>\n\n\n\n<p>Ao todo, 14 pessoas trabalham na base. Eles monitoram as condi\u00e7\u00f5es do tempo na regi\u00e3o, em especial nos locais onde h\u00e1 maior concentra\u00e7\u00e3o de p\u00fablico.<\/p>\n\n\n\n<p>Quem gerencia esta rotina \u00e9 o chefe do Centro Estadual de Gerenciamento de Riscos e Desastres (Cegerd), capit\u00e3o Anderson Gomes. \u201cO Simepar desenvolveu um sistema para que a gente possa fazer esse acompanhamento com precis\u00e3o. Contamos tamb\u00e9m com o apoio de uma equipe de meteorologistas A ideia \u00e9 que a gente possa acompanhar os momentos de maior movimento\u201d, disse.<\/p>\n\n\n\n<p><strong>AGENDAS<\/strong>&nbsp;\u2013 Na tarde de quinta-feira (9), representantes da Defesa Civil Estadual foram a Paranagu\u00e1 para uma reuni\u00e3o com o novo prefeito, Adriano Ramos. Na ocasi\u00e3o os servidores puderam observar as dificuldades vividas pelo munic\u00edpio nos \u00faltimos dias com as fortes chuvas que deixaram ruas alagadas em alguns bairros. Tamb\u00e9m foi repassada orienta\u00e7\u00e3o sobre como cadastrar as ocorr\u00eancias e solicitar aux\u00edlio estadual em caso de necessidade.<\/p>\n\n\n\n<p>A visita tamb\u00e9m j\u00e1 ocorreu nos munic\u00edpios de Morretes e Antonina, que sofreram com vendavais no in\u00edcio do ano. O governo enviou&nbsp;<a href=\"https:\/\/www.aen.pr.gov.br\/Noticia\/Rede-de-ajuda-humanitaria-fortaleceu-envio-de-auxilio-aos-atingidos-por-calamidades\" target=\"_blank\" rel=\"noreferrer noopener\">ajuda humanit\u00e1ria<\/a>&nbsp;para auxiliar estes munic\u00edpios.&nbsp;Esta semana a Defesa Civil Estadual tamb\u00e9m esteve nas prefeituras de Guaratuba e visitas a Guaraque\u00e7aba e Pontal do Paran\u00e1 est\u00e3o marcadas para os pr\u00f3ximos dias.<\/p>\n\n\n\n<p>\u201cA nomea\u00e7\u00e3o do coordenador municipal de Defesa Civil e sua equipe s\u00e3o essenciais porque uma emerg\u00eancia pode ocorrer mesmo nas primeiras semanas do mandato, como foi o caso de Paranagu\u00e1, Morretes e Antonina. As prefeituras precisam ter um estoque m\u00ednimo de materiais como lonas, telhas e cestas b\u00e1sicas para atender a popula\u00e7\u00e3o em caso de necessidade\u201d, disse Ivan.<\/p>\n\n\n\n<p><strong>VER\u00c3O MAIOR PARAN\u00c1\u00a0<\/strong>\u2013 Toda a programa\u00e7\u00e3o do Ver\u00e3o Maior Paran\u00e1 pode ser conferida no site exclusivo do Governo do Paran\u00e1, o\u00a0<a href=\"https:\/\/www.verao.pr.gov.br\/\" target=\"_blank\" rel=\"noreferrer noopener\">pr.gov.br\/verao<\/a>. Ser\u00e3o 33 shows nacionais gratuitos nas arenas de Matinhos e Pontal do Paran\u00e1, mais de 48 shows de artistas paranaenses nos Palcos Sunset em Caiob\u00e1, Guaratuba, S\u00e3o Pedro do Paran\u00e1 e Porto Rico, al\u00e9m de grande programa\u00e7\u00e3o esportiva nas arenas das praias do Litoral e na regi\u00e3o Noroeste.<\/p>\n\n\n\n<p>AEN<\/p>\n","protected":false},"excerpt":{"rendered":"<p>Parte da equipe da Defesa Civil Estadual foi deslocada para Pontal do Paran\u00e1 neste come\u00e7o de ano para prestar aux\u00edlio aos sete munic\u00edpios do Litoral. A medida foi adotada como parte das atividades do Ver\u00e3o Maior Paran\u00e1. A base m\u00f3vel aprimora o sistema de monitoramento da regi\u00e3o e acompanhamento das ocorr\u00eancias por conta do grande [&hellip;]<\/p>\n","protected":false},"author":2,"featured_media":63223,"comment_status":"open","ping_status":"open","sticky":false,"template":"","format":"standard","meta":{"advanced_seo_description":"","jetpack_seo_html_title":"","jetpack_seo_noindex":false,"_jetpack_memberships_contains_paid_content":false,"footnotes":""},"categories":[40,91],"tags":[],"class_list":{"0":"post-63222","1":"post","2":"type-post","3":"status-publish","4":"format-standard","5":"has-post-thumbnail","7":"category-destaques","8":"category-litoral"},"jetpack_featured_media_url":"https:\/\/www.paranapraia.com.br\/wp-content\/uploads\/2025\/01\/whatsapp_image_2025-01-08_at_11.57.08_0-scaled.jpg","jetpack_sharing_enabled":true,"_links":{"self":[{"href":"https:\/\/www.paranapraia.com.br\/index.php\/wp-json\/wp\/v2\/posts\/63222"}],"collection":[{"href":"https:\/\/www.paranapraia.com.br\/index.php\/wp-json\/wp\/v2\/posts"}],"about":[{"href":"https:\/\/www.paranapraia.com.br\/index.php\/wp-json\/wp\/v2\/types\/post"}],"author":[{"embeddable":true,"href":"https:\/\/www.paranapraia.com.br\/index.php\/wp-json\/wp\/v2\/users\/2"}],"replies":[{"embeddable":true,"href":"https:\/\/www.paranapraia.com.br\/index.php\/wp-json\/wp\/v2\/comments?post=63222"}],"version-history":[{"count":1,"href":"https:\/\/www.paranapraia.com.br\/index.php\/wp-json\/wp\/v2\/posts\/63222\/revisions"}],"predecessor-version":[{"id":63224,"href":"https:\/\/www.paranapraia.com.br\/index.php\/wp-json\/wp\/v2\/posts\/63222\/revisions\/63224"}],"wp:featuredmedia":[{"embeddable":true,"href":"https:\/\/www.paranapraia.com.br\/index.php\/wp-json\/wp\/v2\/media\/63223"}],"wp:attachment":[{"href":"https:\/\/www.paranapraia.com.br\/index.php\/wp-json\/wp\/v2\/media?parent=63222"}],"wp:term":[{"taxonomy":"category","embeddable":true,"href":"https:\/\/www.paranapraia.com.br\/index.php\/wp-json\/wp\/v2\/categories?post=63222"},{"taxonomy":"post_tag","embeddable":true,"href":"https:\/\/www.paranapraia.com.br\/index.php\/wp-json\/wp\/v2\/tags?post=63222"}],"curies":[{"name":"wp","href":"https:\/\/api.w.org\/{rel}","templated":true}]}}