{"id":63217,"date":"2025-01-10T10:40:16","date_gmt":"2025-01-10T13:40:16","guid":{"rendered":"https:\/\/www.paranapraia.com.br\/?p=63217"},"modified":"2025-01-10T10:40:19","modified_gmt":"2025-01-10T13:40:19","slug":"servidores-de-matinhos-entram-em-modo-aviao-por-ordem-de-dalmora","status":"publish","type":"post","link":"https:\/\/www.paranapraia.com.br\/index.php\/2025\/01\/10\/servidores-de-matinhos-entram-em-modo-aviao-por-ordem-de-dalmora\/","title":{"rendered":"Servidores de Matinhos entram em &#8216;modo avi\u00e3o&#8217; por ordem de Dalmora"},"content":{"rendered":"\n<p>H\u00e1 10 dias no poder, o prefeito Eduardo Dalmora (PL) emitiu um of\u00edcio em que pro\u00edbe o uso de celulares por parte dos servidores p\u00fablicos municipais durante o hor\u00e1rio de trabalho. Segundo o documento, fica proibida a utiliza\u00e7\u00e3o de qualquer aparelho com acesso a internet para fins particulares.<\/p>\n\n\n\n<p>No despacho o prefeito n\u00e3o apresenta justificativa concreta para essa determina\u00e7\u00e3o, mas ressalta que n\u00e3o \u00e9 permitido qualquer tipo de contato com eletr\u00f4nicos durante o expediente, quando n\u00e3o houver a necessidade profissional.<\/p>\n\n\n\n<p>\u201cEntende-se que o uso de telefones celulares, smartphones, tablets e similares, seja efetuando ou recebendo chamadas referente a assuntos alheios as atividade do trabalho, seja usando internet e interagindo com as mais diversas m\u00eddias e redes sociais \u00e9 prejudicial para o ambiente de trabalho\u201d, diz o documento<\/p>\n\n\n\n<figure class=\"wp-block-image size-large\"><img loading=\"lazy\" decoding=\"async\" width=\"715\" height=\"1024\" src=\"https:\/\/www.paranapraia.com.br\/wp-content\/uploads\/2025\/01\/1000263057-715x1024.jpg\" alt=\"\" class=\"wp-image-63220\" srcset=\"https:\/\/www.paranapraia.com.br\/wp-content\/uploads\/2025\/01\/1000263057-715x1024.jpg 715w, https:\/\/www.paranapraia.com.br\/wp-content\/uploads\/2025\/01\/1000263057-209x300.jpg 209w, https:\/\/www.paranapraia.com.br\/wp-content\/uploads\/2025\/01\/1000263057-768x1100.jpg 768w, https:\/\/www.paranapraia.com.br\/wp-content\/uploads\/2025\/01\/1000263057-696x997.jpg 696w, https:\/\/www.paranapraia.com.br\/wp-content\/uploads\/2025\/01\/1000263057-scaled.jpg 559w\" sizes=\"(max-width: 715px) 100vw, 715px\" \/><\/figure>\n\n\n\n<p>O prefeito rec\u00e9m-empossado diz ainda que caso algum servidor p\u00fablico descumpra a medida, pode receber diferentes puni\u00e7\u00f5es: Advert\u00eancia; Multa; Suspens\u00e3o; Destitui\u00e7\u00e3o da fun\u00e7\u00e3o gratificada; Cassa\u00e7\u00e3o de aposentadoria ou disponibilidade; Demiss\u00e3o; ou Destitui\u00e7\u00e3o do cargo em comiss\u00e3o.<\/p>\n\n\n\n<p>Dalmora refor\u00e7a no documento que n\u00e3o ser\u00e1 mais tolerado o uso de celulares em desacordo com a nova regra, sendo tolerado casos de emerg\u00eancia. O prefeito determina ainda que essa nova regra precisa ser fixada em todas as reparti\u00e7\u00f5es municipais a partir do dia 8 de janeiro.<\/p>\n\n\n\n<p><strong>87% dos brasileiros utilizam smartphones diariamente <\/strong><\/p>\n\n\n\n<p>De acordo com o Instituto Brasileiro de Geografia e Estat\u00edstica (IBGE), o percentual de pessoas que t\u00eam celular varia de acordo com a faixa et\u00e1ria. Por exemplo, em 2022, 94,8% dos adultos jovens de 25 a 29 anos tinham celular, enquanto que 73,7% dos idosos de 60 anos ou mais tinham celular.\u00a0 Em m\u00e9dia, 87,6% dos brasileiros tinham acesso a um celular com internet em 2023.<\/p>\n\n\n\n<p>Para especialistas da \u00e1rea da comunica\u00e7\u00e3o, a universaliza\u00e7\u00e3o do uso de celulares tem causado uma revolu\u00e7\u00e3o na distribui\u00e7\u00e3o de servi\u00e7os e atendimento \u00e0 popula\u00e7\u00e3o.<\/p>\n\n\n\n<p>Bancos, sa\u00fade e educa\u00e7\u00e3o s\u00e3o facilmente acessados pelos aparelhos eletr\u00f4nicos, o que tem mudado a rotina produtiva na ind\u00fastria, no com\u00e9rcio e tamb\u00e9m na gest\u00e3o p\u00fablica. Al\u00e9m disso, a maioria das fun\u00e7\u00f5es hoje necessita de conectividade e acesso a meios de comunica\u00e7\u00e3o individual.<\/p>\n\n\n\n<p>O Minist\u00e9rio da Educa\u00e7\u00e3o orienta que h\u00e1 maneiras de se utilizar celulares para melhorar o aprendizado e defende que ignorar a tecnologia ser\u00e1 prejudicial para os avan\u00e7os e as novas pr\u00e1ticas, seja na vida acad\u00eamica ou no mercado de trabalho.<\/p>\n\n\n\n<p>Entre as vantagens de usar celulares no ambiente de trabalho, na educa\u00e7\u00e3o ou em momentos de lazer est\u00e1 o acesso imediato a e-mails, mensagens e sistemas de comunica\u00e7\u00e3o, agilizando a tomada de decis\u00f5es. <\/p>\n\n\n\n<p>Ferramentas de pesquisa e aplicativos espec\u00edficos podem ajudar no desempenho de tarefas, como consulta a legisla\u00e7\u00e3o ou manuais de procedimentos e tamb\u00e9m facilita a comunica\u00e7\u00e3o entre equipes e superiores, especialmente em situa\u00e7\u00f5es urgentes, al\u00e9m de ser \u00fatil para coordenar a\u00e7\u00f5es em campo, como no caso de fiscais ou agentes p\u00fablicos.<\/p>\n\n\n\n<p>Outro ponto importante de destaque que o r\u00e1pido acesso a celulares garante \u00e9 a melhor organiza\u00e7\u00e3o devido a aplicativos de agenda, listas de tarefas e notifica\u00e7\u00f5es que ajudam a gerenciar compromissos e prazos e permite tamb\u00e9m maior flexibilidade para trabalhar de forma remota ou em movimento, al\u00e9m de disponibilizar fun\u00e7\u00f5es como GPS, c\u00e2mera e aplicativos especializados que podem ser indispens\u00e1veis em algumas atividades, como por exemplo, inspe\u00e7\u00f5es, auditorias ou mapeamento.<\/p>\n\n\n\n<p>Proibi\u00e7\u00f5es s\u00e3o marcos de Dalmora Mesmo em um per\u00edodo em que n\u00e3o era gestor da cidade, Dalmora protagonizou uma pol\u00eamica em 2018 ao ser apontado como benefici\u00e1rio de um projeto que proibia a instala\u00e7\u00e3o de novos mercados em um raio m\u00ednimo de dois quil\u00f4metros de onde j\u00e1 houvesse um estabelecimento similar em atividade.<\/p>\n\n\n\n<p>A medida, que saiu de pauta ap\u00f3s manifesta\u00e7\u00f5es sociais, foi vista como favor\u00e1vel a Dalmora por ele ser dono de supermercados na cidade. Outro caso de repercuss\u00e3o foi a pol\u00eamica envolvendo o programa Custe o Que Custar (CQC) da TV Bandeirantes.<\/p>\n\n\n\n<p>Em 2015 a reportagem da emissora foi at\u00e9 Matinhos para detalhar um contrato celebrado pelo munic\u00edpio para a constru\u00e7\u00e3o de uma unidade de educa\u00e7\u00e3o infantil, que estaria com atraso de cerca de tr\u00eas anos. O ent\u00e3o prefeito Eduardo Dalmora, \u00e0 \u00e9poca no PDT, ajuizou uma a\u00e7\u00e3o alegando que a reportagem teria \u201cextrapolado o exerc\u00edcio do direito de imprensa, atingindo sua imagem\u201d. O pedido foi aceito em primeira inst\u00e2ncia.<\/p>\n\n\n\n<p>A Bandeirantes entrou no Supremo Tribunal Federal (STF) e conseguiu reverter a proibi\u00e7\u00e3o, com uma decis\u00e3o do ministro Luiz Fux em que ele chama o caso de \u201cverdadeira censura\u201d.<\/p>\n\n\n\n<p>JB Litoral<\/p>\n\n\n\n<p><\/p>\n\n\n\n<p>.<\/p>\n","protected":false},"excerpt":{"rendered":"<p>H\u00e1 10 dias no poder, o prefeito Eduardo Dalmora (PL) emitiu um of\u00edcio em que pro\u00edbe o uso de celulares por parte dos servidores p\u00fablicos municipais durante o hor\u00e1rio de trabalho. Segundo o documento, fica proibida a utiliza\u00e7\u00e3o de qualquer aparelho com acesso a internet para fins particulares. No despacho o prefeito n\u00e3o apresenta justificativa [&hellip;]<\/p>\n","protected":false},"author":2,"featured_media":63219,"comment_status":"open","ping_status":"open","sticky":false,"template":"","format":"standard","meta":{"advanced_seo_description":"","jetpack_seo_html_title":"","jetpack_seo_noindex":false,"_jetpack_memberships_contains_paid_content":false,"footnotes":""},"categories":[40,88,1],"tags":[],"class_list":{"0":"post-63217","1":"post","2":"type-post","3":"status-publish","4":"format-standard","5":"has-post-thumbnail","7":"category-destaques","8":"category-matinhos","9":"category-sem-categoria"},"jetpack_featured_media_url":"https:\/\/www.paranapraia.com.br\/wp-content\/uploads\/2025\/01\/WhatsApp-Image-2025-01-10-at-00.49.20-1.jpeg-scaled.webp","jetpack_sharing_enabled":true,"_links":{"self":[{"href":"https:\/\/www.paranapraia.com.br\/index.php\/wp-json\/wp\/v2\/posts\/63217"}],"collection":[{"href":"https:\/\/www.paranapraia.com.br\/index.php\/wp-json\/wp\/v2\/posts"}],"about":[{"href":"https:\/\/www.paranapraia.com.br\/index.php\/wp-json\/wp\/v2\/types\/post"}],"author":[{"embeddable":true,"href":"https:\/\/www.paranapraia.com.br\/index.php\/wp-json\/wp\/v2\/users\/2"}],"replies":[{"embeddable":true,"href":"https:\/\/www.paranapraia.com.br\/index.php\/wp-json\/wp\/v2\/comments?post=63217"}],"version-history":[{"count":1,"href":"https:\/\/www.paranapraia.com.br\/index.php\/wp-json\/wp\/v2\/posts\/63217\/revisions"}],"predecessor-version":[{"id":63221,"href":"https:\/\/www.paranapraia.com.br\/index.php\/wp-json\/wp\/v2\/posts\/63217\/revisions\/63221"}],"wp:featuredmedia":[{"embeddable":true,"href":"https:\/\/www.paranapraia.com.br\/index.php\/wp-json\/wp\/v2\/media\/63219"}],"wp:attachment":[{"href":"https:\/\/www.paranapraia.com.br\/index.php\/wp-json\/wp\/v2\/media?parent=63217"}],"wp:term":[{"taxonomy":"category","embeddable":true,"href":"https:\/\/www.paranapraia.com.br\/index.php\/wp-json\/wp\/v2\/categories?post=63217"},{"taxonomy":"post_tag","embeddable":true,"href":"https:\/\/www.paranapraia.com.br\/index.php\/wp-json\/wp\/v2\/tags?post=63217"}],"curies":[{"name":"wp","href":"https:\/\/api.w.org\/{rel}","templated":true}]}}