{"id":63198,"date":"2025-01-09T18:17:39","date_gmt":"2025-01-09T21:17:39","guid":{"rendered":"https:\/\/www.paranapraia.com.br\/?p=63198"},"modified":"2025-01-09T18:17:41","modified_gmt":"2025-01-09T21:17:41","slug":"paranagua-arrecada-doacoes-para-atingidos-pelas-fortes-chuvas","status":"publish","type":"post","link":"https:\/\/www.paranapraia.com.br\/index.php\/2025\/01\/09\/paranagua-arrecada-doacoes-para-atingidos-pelas-fortes-chuvas\/","title":{"rendered":"Paranagu\u00e1 arrecada doa\u00e7\u00f5es para atingidos pelas fortes chuvas"},"content":{"rendered":"\n<p>A Secretaria de Assist\u00eancia Social da Prefeitura de Paranagu\u00e1 iniciou uma campanha para arrecadar doa\u00e7\u00f5es em prol das fam\u00edlias atingidas pelas fortes chuvas da madrugada desta quinta-feira (9\/01).<\/p>\n\n\n\n<p>Quem quiser colaborar pode doar alimentos, roupas para adultos e crian\u00e7as, roupas \u00edntimas, cal\u00e7ados e materiais de limpeza e higiene. Os locais de coleta s\u00e3o: Prefeitura de Paranagu\u00e1, Arena Albertina Salmon e Secretarias de Assist\u00eancia Social e Educa\u00e7\u00e3o.<\/p>\n\n\n\n<p>A Secretaria de Assist\u00eancia Social tamb\u00e9m disponibiliza os Centros de Refer\u00eancia de Assist\u00eancia Social (CRASs) com equipe t\u00e9cnica para fazer o acolhimento das fam\u00edlias. \u201cEstamos com atendimento especializado e direcionando os atingidos aos benef\u00edcios necess\u00e1rios. Al\u00e9m disso, a ajuda da popula\u00e7\u00e3o ser\u00e1 muito importante\u201d, ressalta a secret\u00e1ria de Assist\u00eancia Social da Prefeitura de Paranagu\u00e1, Carolina Evangelista Louren\u00e7o.<\/p>\n\n\n\n<p>Endere\u00e7os e hor\u00e1rios de coleta<br>&#8211; Das 8h \u00e0s 17h:<br>Prefeitura de Paranagu\u00e1: Rua J\u00falia da Costa, 322 &#8211; Centro Hist\u00f3rico<br>Secretaria de Educa\u00e7\u00e3o: Travessa Dr. Fontes \u2013 Jo\u00e3o Gualberto<br>Secretaria de Assist\u00eancia Social: Rua Baronesa do Cerro Azul, 2382 \u2013 Costeira<\/p>\n\n\n\n<p>-Das 8h \u00e0s 20h:<br>Arena Albertina Salmon: Rua Cel. Ant\u00f4nio Bittencourt \u2013 Ponta do Caju<\/p>\n\n\n\n<p>Assessoria <\/p>\n","protected":false},"excerpt":{"rendered":"<p>A Secretaria de Assist\u00eancia Social da Prefeitura de Paranagu\u00e1 iniciou uma campanha para arrecadar doa\u00e7\u00f5es em prol das fam\u00edlias atingidas pelas fortes chuvas da madrugada desta quinta-feira (9\/01). Quem quiser colaborar pode doar alimentos, roupas para adultos e crian\u00e7as, roupas \u00edntimas, cal\u00e7ados e materiais de limpeza e higiene. Os locais de coleta s\u00e3o: Prefeitura de [&hellip;]<\/p>\n","protected":false},"author":2,"featured_media":63199,"comment_status":"open","ping_status":"open","sticky":false,"template":"","format":"standard","meta":{"advanced_seo_description":"","jetpack_seo_html_title":"","jetpack_seo_noindex":false,"_jetpack_memberships_contains_paid_content":false,"footnotes":""},"categories":[77],"tags":[],"class_list":{"0":"post-63198","1":"post","2":"type-post","3":"status-publish","4":"format-standard","5":"has-post-thumbnail","7":"category-paranagua"},"jetpack_featured_media_url":"https:\/\/www.paranapraia.com.br\/wp-content\/uploads\/2025\/01\/thumb-5-scaled.jpeg","jetpack_sharing_enabled":true,"_links":{"self":[{"href":"https:\/\/www.paranapraia.com.br\/index.php\/wp-json\/wp\/v2\/posts\/63198"}],"collection":[{"href":"https:\/\/www.paranapraia.com.br\/index.php\/wp-json\/wp\/v2\/posts"}],"about":[{"href":"https:\/\/www.paranapraia.com.br\/index.php\/wp-json\/wp\/v2\/types\/post"}],"author":[{"embeddable":true,"href":"https:\/\/www.paranapraia.com.br\/index.php\/wp-json\/wp\/v2\/users\/2"}],"replies":[{"embeddable":true,"href":"https:\/\/www.paranapraia.com.br\/index.php\/wp-json\/wp\/v2\/comments?post=63198"}],"version-history":[{"count":1,"href":"https:\/\/www.paranapraia.com.br\/index.php\/wp-json\/wp\/v2\/posts\/63198\/revisions"}],"predecessor-version":[{"id":63200,"href":"https:\/\/www.paranapraia.com.br\/index.php\/wp-json\/wp\/v2\/posts\/63198\/revisions\/63200"}],"wp:featuredmedia":[{"embeddable":true,"href":"https:\/\/www.paranapraia.com.br\/index.php\/wp-json\/wp\/v2\/media\/63199"}],"wp:attachment":[{"href":"https:\/\/www.paranapraia.com.br\/index.php\/wp-json\/wp\/v2\/media?parent=63198"}],"wp:term":[{"taxonomy":"category","embeddable":true,"href":"https:\/\/www.paranapraia.com.br\/index.php\/wp-json\/wp\/v2\/categories?post=63198"},{"taxonomy":"post_tag","embeddable":true,"href":"https:\/\/www.paranapraia.com.br\/index.php\/wp-json\/wp\/v2\/tags?post=63198"}],"curies":[{"name":"wp","href":"https:\/\/api.w.org\/{rel}","templated":true}]}}