{"id":63170,"date":"2025-01-09T13:46:08","date_gmt":"2025-01-09T16:46:08","guid":{"rendered":"https:\/\/www.paranapraia.com.br\/?p=63170"},"modified":"2025-01-09T13:46:11","modified_gmt":"2025-01-09T16:46:11","slug":"sem-despesa-extra-alunos-da-rede-estadual-vao-receber-material-escolar-em-2025","status":"publish","type":"post","link":"https:\/\/www.paranapraia.com.br\/index.php\/2025\/01\/09\/sem-despesa-extra-alunos-da-rede-estadual-vao-receber-material-escolar-em-2025\/","title":{"rendered":"Sem despesa extra: alunos da rede estadual v\u00e3o receber material escolar em 2025"},"content":{"rendered":"\n<p>Enquanto muitas fam\u00edlias come\u00e7am o ano preocupadas com a compra de material escolar, o Governo do Paran\u00e1 promove um al\u00edvio significativo para o or\u00e7amento dom\u00e9stico a partir de 2025: a distribui\u00e7\u00e3o gratuita de kits escolares para todos os alunos da rede estadual de ensino. A iniciativa, in\u00e9dita no Estado, ser\u00e1 conduzida pela Secretaria de Estado da Educa\u00e7\u00e3o (Seed-PR) e beneficiar\u00e1 mais de 910 mil estudantes, com um investimento superior a R$ 43 milh\u00f5es.<\/p>\n\n\n\n<p>Os kits ser\u00e3o enviados diretamente \u00e0s escolas, sendo entregues aos alunos a partir do in\u00edcio das aulas, em 5 de fevereiro. A proposta abrange alunos do Ensino Fundamental II, Ensino M\u00e9dio e Educa\u00e7\u00e3o de Jovens e Adultos (EJA), al\u00e9m das escolas ind\u00edgenas que oferecem o Ensino Fundamental I, que s\u00e3o de responsabilidade do Estado. Vale ressaltar que os kits destinados ao Fundamental I n\u00e3o ser\u00e3o destinados \u00e0s escolas municipais, uma vez que estas n\u00e3o s\u00e3o geridas pelo Governo do Estado.<\/p>\n\n\n\n<p>\u201cNosso objetivo \u00e9 garantir que todos os alunos tenham acesso ao que precisam para aprender, independentemente de onde estejam. Essa medida n\u00e3o apenas alivia os pais de um custo significativo, mas tamb\u00e9m promove equidade no acesso \u00e0 educa\u00e7\u00e3o\u201d, afirmou o secret\u00e1rio de Estado da Educa\u00e7\u00e3o, Roni Miranda. Ele destacou ainda que a iniciativa \u00e9 uma forma de incluir e valorizar os estudantes das redes urbanas e rurais, nivelando as condi\u00e7\u00f5es de aprendizado desde o primeiro dia letivo.<\/p>\n\n\n\n<p>Cada kit foi planejado para atender \u00e0s necessidades pedag\u00f3gicas espec\u00edficas de cada etapa escolar. Alunos do Fundamental II receber\u00e3o itens como cadernos universit\u00e1rios, r\u00e9gua e l\u00e1pis de cor. J\u00e1 os estudantes do Ensino M\u00e9dio e EJA ter\u00e3o materiais que incluem cadernos universit\u00e1rios, canetas esferogr\u00e1ficas e r\u00e9guas. Nas escolas ind\u00edgenas do Fundamental I, os kits foram adaptados para estimular a criatividade, com itens como giz de cera, canetinhas hidrogr\u00e1ficas e tesoura sem ponta.<\/p>\n\n\n\n<p>\u201cO Paran\u00e1 \u00e9 refer\u00eancia nacional em educa\u00e7\u00e3o, e esta \u00e9 mais uma prova do nosso compromisso com as fam\u00edlias e os estudantes da rede p\u00fablica. Para muitas fam\u00edlias, especialmente as com v\u00e1rios filhos, a compra do material escolar \u00e9 um peso significativo no or\u00e7amento. Entregando os kits, damos um suporte essencial e garantimos que todos os alunos comecem o ano com igualdade de condi\u00e7\u00f5es\u201d, completou o secret\u00e1rio Roni Miranda.<\/p>\n\n\n\n<p><strong>Confira a composi\u00e7\u00e3o e distribui\u00e7\u00e3o dos kits:<\/strong><\/p>\n\n\n\n<p>Ensino Fundamental I (apenas para escolas ind\u00edgenas): 7.773 kits contendo itens como cadernos, l\u00e1pis de cor, giz de cera, tesoura sem ponta e canetinhas hidrogr\u00e1ficas, voltados para estimular a criatividade e o desenvolvimento motor dos alunos.<\/p>\n\n\n\n<p>Ensino Fundamental II: 550.000 kits equipados com materiais como cadernos universit\u00e1rios, r\u00e9gua, transferidor, esquadros e l\u00e1pis de cor, essenciais para atividades acad\u00eamicas mais avan\u00e7adas.<\/p>\n\n\n\n<p>Ensino M\u00e9dio e Educa\u00e7\u00e3o de Jovens e Adultos (EJA): 352.206 kits com cadernos universit\u00e1rios, canetas esferogr\u00e1ficas, r\u00e9guas e l\u00e1pis grafite, garantindo suporte adequado \u00e0s demandas dessa etapa escolar.<\/p>\n\n\n\n<p>AEN<\/p>\n","protected":false},"excerpt":{"rendered":"<p>Enquanto muitas fam\u00edlias come\u00e7am o ano preocupadas com a compra de material escolar, o Governo do Paran\u00e1 promove um al\u00edvio significativo para o or\u00e7amento dom\u00e9stico a partir de 2025: a distribui\u00e7\u00e3o gratuita de kits escolares para todos os alunos da rede estadual de ensino. A iniciativa, in\u00e9dita no Estado, ser\u00e1 conduzida pela Secretaria de Estado [&hellip;]<\/p>\n","protected":false},"author":2,"featured_media":63171,"comment_status":"open","ping_status":"open","sticky":false,"template":"","format":"standard","meta":{"advanced_seo_description":"","jetpack_seo_html_title":"","jetpack_seo_noindex":false,"_jetpack_memberships_contains_paid_content":false,"footnotes":""},"categories":[40,72],"tags":[461,840],"class_list":{"0":"post-63170","1":"post","2":"type-post","3":"status-publish","4":"format-standard","5":"has-post-thumbnail","7":"category-destaques","8":"category-educacao","9":"tag-educacao","10":"tag-material-escolar"},"jetpack_featured_media_url":"https:\/\/www.paranapraia.com.br\/wp-content\/uploads\/2025\/01\/1_0_0-scaled.jpg","jetpack_sharing_enabled":true,"_links":{"self":[{"href":"https:\/\/www.paranapraia.com.br\/index.php\/wp-json\/wp\/v2\/posts\/63170"}],"collection":[{"href":"https:\/\/www.paranapraia.com.br\/index.php\/wp-json\/wp\/v2\/posts"}],"about":[{"href":"https:\/\/www.paranapraia.com.br\/index.php\/wp-json\/wp\/v2\/types\/post"}],"author":[{"embeddable":true,"href":"https:\/\/www.paranapraia.com.br\/index.php\/wp-json\/wp\/v2\/users\/2"}],"replies":[{"embeddable":true,"href":"https:\/\/www.paranapraia.com.br\/index.php\/wp-json\/wp\/v2\/comments?post=63170"}],"version-history":[{"count":1,"href":"https:\/\/www.paranapraia.com.br\/index.php\/wp-json\/wp\/v2\/posts\/63170\/revisions"}],"predecessor-version":[{"id":63172,"href":"https:\/\/www.paranapraia.com.br\/index.php\/wp-json\/wp\/v2\/posts\/63170\/revisions\/63172"}],"wp:featuredmedia":[{"embeddable":true,"href":"https:\/\/www.paranapraia.com.br\/index.php\/wp-json\/wp\/v2\/media\/63171"}],"wp:attachment":[{"href":"https:\/\/www.paranapraia.com.br\/index.php\/wp-json\/wp\/v2\/media?parent=63170"}],"wp:term":[{"taxonomy":"category","embeddable":true,"href":"https:\/\/www.paranapraia.com.br\/index.php\/wp-json\/wp\/v2\/categories?post=63170"},{"taxonomy":"post_tag","embeddable":true,"href":"https:\/\/www.paranapraia.com.br\/index.php\/wp-json\/wp\/v2\/tags?post=63170"}],"curies":[{"name":"wp","href":"https:\/\/api.w.org\/{rel}","templated":true}]}}