{"id":63157,"date":"2025-01-08T21:22:17","date_gmt":"2025-01-09T00:22:17","guid":{"rendered":"https:\/\/www.paranapraia.com.br\/?p=63157"},"modified":"2025-01-08T21:22:20","modified_gmt":"2025-01-09T00:22:20","slug":"de-olho-nos-europeus-parana-tera-estande-na-feira-de-turismo-em-madri","status":"publish","type":"post","link":"https:\/\/www.paranapraia.com.br\/index.php\/2025\/01\/08\/de-olho-nos-europeus-parana-tera-estande-na-feira-de-turismo-em-madri\/","title":{"rendered":"De olho nos europeus, Paran\u00e1 ter\u00e1 estande na feira de turismo em Madri"},"content":{"rendered":"\n<p>O Governo do Estado, por meio da Secretaria do Turismo (Setu-PR) e do Viaje Paran\u00e1 \u2013 \u00f3rg\u00e3o de promo\u00e7\u00e3o comercial do setor, participa pela primeira vez da Feira Internacional de Turismo (Fitur) em Madri, na Espanha. Esta \u00e9 a 45\u00aa edi\u00e7\u00e3o do evento, que acontece entre os dias 22 a 26 de janeiro e \u00e9 um dos maiores e mais consolidados do setor no mundo. O objetivo \u00e9 refor\u00e7ar a divulga\u00e7\u00e3o do Estado junto aos europeus.<\/p>\n\n\n\n<p>A Secretaria do Turismo ter\u00e1 com estande pr\u00f3prio, onde ser\u00e3o realizadas a\u00e7\u00f5es de intera\u00e7\u00e3o com o p\u00fablico, divulga\u00e7\u00e3o, busca de contatos e parcerias, al\u00e9m de outras atividades com foco na promo\u00e7\u00e3o do turismo estadual. A Setu-PR vai apresentar os atrativos do Paran\u00e1 em variados segmentos, como natureza, ecoturismo e turismo gastron\u00f4mico, al\u00e9m de cases de sucesso e o potencial paranaense dentro da recep\u00e7\u00e3o de grandes shows e eventos.<\/p>\n\n\n\n<p>M\u00e1rcio Nunes, secret\u00e1rio estadual do Turismo, explica que a feira em Madri vai ajudar na divulga\u00e7\u00e3o dos atrativos e potenciais paranaenses ao p\u00fablico europeu.&nbsp;\u201cO&nbsp;Paran\u00e1 conta com muitos roteiros e destinos que se encaixam nos roteiros de viagens favoritas do p\u00fablico europeu. Ao apresentarmos o Paran\u00e1 como um destino ideal a diferentes p\u00fablicos, de diferentes nacionalidades, conseguimos tamb\u00e9m ampliar o n\u00famero de turistas estrangeiros que chegam ao Estado\u201d, disse o secret\u00e1rio.<\/p>\n\n\n\n<p>Ele lembrou que o Estado foi a terceira maior porta de entrada de estrangeiros do Brasil ao longo de 2024.<\/p>\n\n\n\n<p><strong>ESTANDE&nbsp;<\/strong>\u2013&nbsp;O espa\u00e7o do Paran\u00e1 no evento vai contar com oito expositores, que devem apresentar seus servi\u00e7os e experi\u00eancias relacionadas ao turismo paranaense. \u201cCome\u00e7amos o ano j\u00e1 com boa expectativa, pois \u00e9 a primeira vez que levamos um estande a essa grande feira, importante vitrine do setor\u201d, afirma Irapuan Cortes, diretor-presidente do Viaje Paran\u00e1. \u201cPor meio deste espa\u00e7o e das atividades promovidas vamos apresentar os servi\u00e7os e op\u00e7\u00f5es qualificadas para turismo do Estado, posicionando o Paran\u00e1 na prateleira de cima do turismo mundial\u201d, disse.<\/p>\n\n\n\n<p><strong>FITUR<\/strong>&nbsp;\u2013&nbsp;O evento acontece na Institui\u00e7\u00e3o de Feiras de Madrid (Ifema), com mais de 69.000 metros quadrados para exposi\u00e7\u00e3o. O evento \u00e9 conhecido por seu amplo ambiente de aprendizado, prop\u00edcio para que os participantes conhe\u00e7am&nbsp;novos fornecedores e clientes, fortalecendo rela\u00e7\u00f5es comerciais e multiplicando as oportunidades de neg\u00f3cios.<\/p>\n\n\n\n<p>Em novembro do ano passado, foi anunciado que o Brasil seria o pa\u00eds homenageado na 45\u00aa edi\u00e7\u00e3o da Feira Internacional de Turismo (FITUR) em 2025. O reconhecimento marca o bom momento vivido pelo setor tur\u00edstico brasileiro e refor\u00e7a sua posi\u00e7\u00e3o no cen\u00e1rio global, que tem o Paran\u00e1 como um dos expoentes tanto em crescimento de oferta tur\u00edstica quanto de chegada de viajantes internacionais.<\/p>\n\n\n\n<p>AEN<\/p>\n","protected":false},"excerpt":{"rendered":"<p>O Governo do Estado, por meio da Secretaria do Turismo (Setu-PR) e do Viaje Paran\u00e1 \u2013 \u00f3rg\u00e3o de promo\u00e7\u00e3o comercial do setor, participa pela primeira vez da Feira Internacional de Turismo (Fitur) em Madri, na Espanha. Esta \u00e9 a 45\u00aa edi\u00e7\u00e3o do evento, que acontece entre os dias 22 a 26 de janeiro e \u00e9 [&hellip;]<\/p>\n","protected":false},"author":2,"featured_media":63158,"comment_status":"open","ping_status":"open","sticky":false,"template":"","format":"standard","meta":{"advanced_seo_description":"","jetpack_seo_html_title":"","jetpack_seo_noindex":false,"_jetpack_memberships_contains_paid_content":false,"footnotes":""},"categories":[40,38],"tags":[],"class_list":{"0":"post-63157","1":"post","2":"type-post","3":"status-publish","4":"format-standard","5":"has-post-thumbnail","7":"category-destaques","8":"category-turismo"},"jetpack_featured_media_url":"https:\/\/www.paranapraia.com.br\/wp-content\/uploads\/2025\/01\/eduardo_aguiar_setu-pr_2-scaled.jpg","jetpack_sharing_enabled":true,"_links":{"self":[{"href":"https:\/\/www.paranapraia.com.br\/index.php\/wp-json\/wp\/v2\/posts\/63157"}],"collection":[{"href":"https:\/\/www.paranapraia.com.br\/index.php\/wp-json\/wp\/v2\/posts"}],"about":[{"href":"https:\/\/www.paranapraia.com.br\/index.php\/wp-json\/wp\/v2\/types\/post"}],"author":[{"embeddable":true,"href":"https:\/\/www.paranapraia.com.br\/index.php\/wp-json\/wp\/v2\/users\/2"}],"replies":[{"embeddable":true,"href":"https:\/\/www.paranapraia.com.br\/index.php\/wp-json\/wp\/v2\/comments?post=63157"}],"version-history":[{"count":1,"href":"https:\/\/www.paranapraia.com.br\/index.php\/wp-json\/wp\/v2\/posts\/63157\/revisions"}],"predecessor-version":[{"id":63159,"href":"https:\/\/www.paranapraia.com.br\/index.php\/wp-json\/wp\/v2\/posts\/63157\/revisions\/63159"}],"wp:featuredmedia":[{"embeddable":true,"href":"https:\/\/www.paranapraia.com.br\/index.php\/wp-json\/wp\/v2\/media\/63158"}],"wp:attachment":[{"href":"https:\/\/www.paranapraia.com.br\/index.php\/wp-json\/wp\/v2\/media?parent=63157"}],"wp:term":[{"taxonomy":"category","embeddable":true,"href":"https:\/\/www.paranapraia.com.br\/index.php\/wp-json\/wp\/v2\/categories?post=63157"},{"taxonomy":"post_tag","embeddable":true,"href":"https:\/\/www.paranapraia.com.br\/index.php\/wp-json\/wp\/v2\/tags?post=63157"}],"curies":[{"name":"wp","href":"https:\/\/api.w.org\/{rel}","templated":true}]}}