{"id":63147,"date":"2025-01-08T15:34:28","date_gmt":"2025-01-08T18:34:28","guid":{"rendered":"https:\/\/www.paranapraia.com.br\/?p=63147"},"modified":"2025-01-08T15:34:31","modified_gmt":"2025-01-08T18:34:31","slug":"pcpr-prende-homem-em-flagrante-por-violencia-domestica-em-antonina","status":"publish","type":"post","link":"https:\/\/www.paranapraia.com.br\/index.php\/2025\/01\/08\/pcpr-prende-homem-em-flagrante-por-violencia-domestica-em-antonina\/","title":{"rendered":"PCPR prende homem em flagrante por viol\u00eancia dom\u00e9stica em Antonina"},"content":{"rendered":"\n<p>A Pol\u00edcia Civil do Paran\u00e1 (PCPR) prendeu em flagrante, um homem, de 31 anos, por agredir fisicamente a companheira, de 26, nesta quarta-feira (8), em Antonina, no litoral do Estado.<\/p>\n\n\n\n<p>Segundo relato da v\u00edtima, o suspeito a atacou com dois tapas no rosto e a derrubou ao ch\u00e3o com uma rasteira, ap\u00f3s ela se recusar a manter rela\u00e7\u00f5es sexuais. A mulher, que est\u00e1 gr\u00e1vida, procurou a Delegacia da PCPR para registrar a ocorr\u00eancia.<\/p>\n\n\n\n<p>Diante das informa\u00e7\u00f5es, a equipe policial que est\u00e1 atuando no Ver\u00e3o Maior Paran\u00e1 realizou dilig\u00eancias imediatas e localizou o suspeito cerca de duas horas ap\u00f3s a agress\u00e3o. A delegada da PCPR, Renata Cintra, destacou a import\u00e2ncia da pronta interven\u00e7\u00e3o policial.<\/p>\n\n\n\n<p>&#8220;Agir com rapidez \u00e9 fundamental para proteger as v\u00edtimas e evitar a escalada da viol\u00eancia. Este caso reflete nosso compromisso com a seguran\u00e7a e o enfrentamento da viol\u00eancia dom\u00e9stica.&#8221;<\/p>\n\n\n\n<p>O indiv\u00edduo foi conduzido \u00e0 delegacia para os procedimentos legais.<\/p>\n\n\n\n<p>DEN\u00daNCIAS \u2013 A PCPR destaca a import\u00e2ncia da colabora\u00e7\u00e3o da popula\u00e7\u00e3o em den\u00fancias de crimes contra mulheres, crian\u00e7as e adolescentes. As den\u00fancias podem ser feitas pelos telefones 197, da PCPR ou 181, do Disque-Den\u00fancia.<\/p>\n\n\n\n<p>Em casos de viol\u00eancia em andamento, a Pol\u00edcia Militar deve ser acionada pelo telefone 190.<\/p>\n\n\n\n<p>VER\u00c3O MAIOR PARAN\u00c1 &#8211; Toda a programa\u00e7\u00e3o do Ver\u00e3o Maior Paran\u00e1 est\u00e1 dispon\u00edvel no site exclusivo do Governo do Paran\u00e1, pr.gov.br\/verao. A temporada conta com diversas a\u00e7\u00f5es integradas de seguran\u00e7a p\u00fablica, al\u00e9m de atividades culturais e esportivas em todo o litoral e regi\u00e3o Noroeste do Estado.<\/p>\n\n\n\n<p>AEN<\/p>\n","protected":false},"excerpt":{"rendered":"<p>A Pol\u00edcia Civil do Paran\u00e1 (PCPR) prendeu em flagrante, um homem, de 31 anos, por agredir fisicamente a companheira, de 26, nesta quarta-feira (8), em Antonina, no litoral do Estado. Segundo relato da v\u00edtima, o suspeito a atacou com dois tapas no rosto e a derrubou ao ch\u00e3o com uma rasteira, ap\u00f3s ela se recusar [&hellip;]<\/p>\n","protected":false},"author":2,"featured_media":63148,"comment_status":"open","ping_status":"open","sticky":false,"template":"","format":"standard","meta":{"advanced_seo_description":"","jetpack_seo_html_title":"","jetpack_seo_noindex":false,"_jetpack_memberships_contains_paid_content":false,"footnotes":""},"categories":[132,33],"tags":[],"class_list":{"0":"post-63147","1":"post","2":"type-post","3":"status-publish","4":"format-standard","5":"has-post-thumbnail","7":"category-antonina","8":"category-policia"},"jetpack_featured_media_url":"https:\/\/www.paranapraia.com.br\/wp-content\/uploads\/2025\/01\/antonina_pcpr_0-scaled.jpg","jetpack_sharing_enabled":true,"_links":{"self":[{"href":"https:\/\/www.paranapraia.com.br\/index.php\/wp-json\/wp\/v2\/posts\/63147"}],"collection":[{"href":"https:\/\/www.paranapraia.com.br\/index.php\/wp-json\/wp\/v2\/posts"}],"about":[{"href":"https:\/\/www.paranapraia.com.br\/index.php\/wp-json\/wp\/v2\/types\/post"}],"author":[{"embeddable":true,"href":"https:\/\/www.paranapraia.com.br\/index.php\/wp-json\/wp\/v2\/users\/2"}],"replies":[{"embeddable":true,"href":"https:\/\/www.paranapraia.com.br\/index.php\/wp-json\/wp\/v2\/comments?post=63147"}],"version-history":[{"count":1,"href":"https:\/\/www.paranapraia.com.br\/index.php\/wp-json\/wp\/v2\/posts\/63147\/revisions"}],"predecessor-version":[{"id":63149,"href":"https:\/\/www.paranapraia.com.br\/index.php\/wp-json\/wp\/v2\/posts\/63147\/revisions\/63149"}],"wp:featuredmedia":[{"embeddable":true,"href":"https:\/\/www.paranapraia.com.br\/index.php\/wp-json\/wp\/v2\/media\/63148"}],"wp:attachment":[{"href":"https:\/\/www.paranapraia.com.br\/index.php\/wp-json\/wp\/v2\/media?parent=63147"}],"wp:term":[{"taxonomy":"category","embeddable":true,"href":"https:\/\/www.paranapraia.com.br\/index.php\/wp-json\/wp\/v2\/categories?post=63147"},{"taxonomy":"post_tag","embeddable":true,"href":"https:\/\/www.paranapraia.com.br\/index.php\/wp-json\/wp\/v2\/tags?post=63147"}],"curies":[{"name":"wp","href":"https:\/\/api.w.org\/{rel}","templated":true}]}}