{"id":63144,"date":"2025-01-08T13:42:00","date_gmt":"2025-01-08T16:42:00","guid":{"rendered":"https:\/\/www.paranapraia.com.br\/?p=63144"},"modified":"2025-01-08T13:42:02","modified_gmt":"2025-01-08T16:42:02","slug":"gustavo-toledo-e-gabriel-encantam-fas-com-performance-no-palco-sunset-de-caioba","status":"publish","type":"post","link":"https:\/\/www.paranapraia.com.br\/index.php\/2025\/01\/08\/gustavo-toledo-e-gabriel-encantam-fas-com-performance-no-palco-sunset-de-caioba\/","title":{"rendered":"Gustavo Toledo e Gabriel encantam f\u00e3s com performance no Palco Sunset de Caiob\u00e1"},"content":{"rendered":"\n<p>Os fins de tarde do Ver\u00e3o Maior Paran\u00e1 t\u00eam sido de muita anima\u00e7\u00e3o e m\u00fasica para os moradores, turistas e veranistas que passam o in\u00edcio de ano nas regi\u00f5es do Litoral e Noroeste do Estado. A dupla sertaneja Gustavo Toledo e Gabriel foi quem abriu, ter\u00e7a-feira (07), a semana de shows do Palco Sunset nas praias paranaenses, o primeiro na estrutura de Caiob\u00e1, em Matinhos.<\/p>\n\n\n\n<p>A empres\u00e1ria C\u00e9lia da Silva Carneiro, 59 anos, de Tel\u00eamaco Borba, nos Campos Gerais, chegou na ter\u00e7a mesmo \u00e0 cidade e foi direto curtir o show do Palco Sunset. \u201cEncontrei essa Caiob\u00e1 maravilhosa, cheia de shows e, embora o tempo esteja com um pouco de chuva, nada nos impede de aproveitar tudo isso. Caiob\u00e1 bombando e o nosso Paran\u00e1 sempre um sucesso\u201d, destacou. \u201cTem festa para crian\u00e7a, tem estrutura de shows, brincadeiras, como sempre o ver\u00e3o aqui no Paran\u00e1 \u00e9 muito bom\u201d, acrescentou.<\/p>\n\n\n\n<p>Quem tamb\u00e9m aproveitou a passagem pelo Litoral paranaense para assistir a um show ao vivo foi Antonio Ribeiro, 63 anos, de Curitiba. \u201cNota 10, a banda arrebenta e a galera muito animada\u201d, ressaltou. Outro ponto que chamou a sua aten\u00e7\u00e3o \u00e9 a estrutura dos palcos. \u201cBem grande, qualidade de som muito boa, de show profissional mesmo\u201d, disse.<\/p>\n\n\n\n<p>Com os investimentos no Litoral, como a Revitaliza\u00e7\u00e3o da Orla de Matinhos, que atingiu 97% de conclus\u00e3o, e uma programa\u00e7\u00e3o recheada de atra\u00e7\u00f5es, o Ver\u00e3o Maior Paran\u00e1 tem atra\u00eddo tamb\u00e9m turistas de outros estados. \u00c9 o caso da t\u00e9cnica de enfermagem Marines Em\u00eddio Moreira, 59 anos, moradora de Mar\u00edlia, em S\u00e3o Paulo. \u201cEu gosto de festa, amo todos os ritmos e aqui receberam a gente de uma maneira maravilhosa. Estou curtindo, aproveitando e chamando a minha fam\u00edlia para vir tamb\u00e9m\u201d, contou. Ela veio ao Paran\u00e1 para descansar e est\u00e1 aproveitando para curtir as atra\u00e7\u00f5es de Matinhos. \u201c\u00c9 a primeira vez que venho para c\u00e1 e amei, nunca tinha visto uma estrutura como essa.\u201d<\/p>\n\n\n\n<p><strong>SHOWS PARANAENSES<\/strong>&nbsp;\u2014 A programa\u00e7\u00e3o do Palco Sunset de Caiob\u00e1 continua com apresenta\u00e7\u00f5es das bandas Ochtop nesta quarta-feira (08) e Denorex 80 na quinta (09). A agenda da semana conta, ainda, com os veteranos do rock curitibano Relesp\u00fablica e Black Maria, que tocam na sexta-feira (10) e no s\u00e1bado (11) em Guaratuba, respectivamente.<\/p>\n\n\n\n<p>Assim como em outras edi\u00e7\u00f5es, os Palcos Sunsets s\u00e3o voltados a shows de artistas paranaenses. A programa\u00e7\u00e3o de shows com artistas locais tamb\u00e9m est\u00e1 sendo levada \u00e0 Costa Noroeste: Inimigos do Ritmo e Thiago Viola tocam na sexta e no s\u00e1bado (10 e 11) em S\u00e3o Pedro do Paran\u00e1, e Irm\u00e3os Jovino e Jo\u00e3o Vitor e Gabriel se apresentam nas mesmas datas em Porto Rico.<\/p>\n\n\n\n<p>Ao todo, 50 artistas de diferentes estilos se apresentam nos Palcos Sunset at\u00e9 o final da temporada, com atra\u00e7\u00f5es de ter\u00e7a a domingo, a partir das 18h30, apresentando uma mistura de g\u00eaneros como rock, samba, sertanejo, MPB e reggae.<\/p>\n\n\n\n<p><strong>ATRA\u00c7\u00d5ES NACIONAIS<\/strong>&nbsp;\u2013 Al\u00e9m dos Palcos Sunset, o Ver\u00e3o Maior Paran\u00e1 traz grandes shows nacionais em arenas especiais. Os primeiros ser\u00e3o nesta sexta-feira (10), com sete finais de semana seguidos de atra\u00e7\u00f5es.&nbsp;<a href=\"https:\/\/www.aen.pr.gov.br\/Noticia\/Jota-Quest-Pericles-e-sertanejos-abrem-temporada-de-shows-do-Verao-Maior-Parana\" target=\"_blank\" rel=\"noreferrer noopener\">O primeiro fim de semana&nbsp;<\/a>ter\u00e1 apresenta\u00e7\u00f5es de Jota Quest, P\u00e9ricles e Matheus &amp; Kauan, em Matinhos, na arena montada pr\u00f3xima ao Pico de Matinhos. Em Pontal do Paran\u00e1, no Centro de Eventos Marissol, o p\u00fablico poder\u00e1 curtir P\u00e9ricles, na sexta-feira (10), e Loubet, no s\u00e1bado (11).<\/p>\n\n\n\n<p><strong>Confira abaixo as pr\u00f3ximas atra\u00e7\u00f5es dos Palcos Sunset:<\/strong><\/p>\n\n\n\n<p><strong>Caiob\u00e1<\/strong><\/p>\n\n\n\n<p>08\/01&nbsp;&#8211; Ochtop<\/p>\n\n\n\n<p>09\/01&nbsp;&#8211; Denorex 80<\/p>\n\n\n\n<p>14\/01&nbsp;&#8211; Namast\u00ea<\/p>\n\n\n\n<p>15\/01&nbsp;&#8211; Terezzo<\/p>\n\n\n\n<p>16\/01&nbsp;&#8211; Bia Socek<\/p>\n\n\n\n<p><strong>Guaratuba<\/strong><\/p>\n\n\n\n<p>10\/01&nbsp;&#8211; Relesp\u00fablica<\/p>\n\n\n\n<p>11\/01&nbsp;&#8211; Black Maria<\/p>\n\n\n\n<p>17\/01&nbsp;&#8211; R\u00fabia Divino<\/p>\n\n\n\n<p>18\/01&nbsp;&#8211; Blindagem<\/p>\n\n\n\n<p><strong>Porto S\u00e3o Jos\u00e9<\/strong><\/p>\n\n\n\n<p>10\/01&nbsp;&#8211; Inimigos do Ritmo<\/p>\n\n\n\n<p><strong>11\/01&nbsp;<\/strong>&#8211; Thiago Viola<\/p>\n\n\n\n<p>17\/01&nbsp;&#8211; APK<\/p>\n\n\n\n<p>18\/01&nbsp;&#8211; Orquestra Sanf\u00f4nica<\/p>\n\n\n\n<p><strong>Porto Rico<\/strong><\/p>\n\n\n\n<p>10\/01&nbsp;&#8211; Irm\u00e3os Jovino<\/p>\n\n\n\n<p>11\/01&nbsp;&#8211; Jo\u00e3o Vitor e Gabriel<\/p>\n\n\n\n<p>17\/01&nbsp;&#8211; Jean e J\u00falio<\/p>\n\n\n\n<p>18\/01&nbsp;&#8211; Andr\u00e9 di Barros<\/p>\n\n\n\n<p><strong>VER\u00c3O MAIOR PARAN\u00c1<\/strong>&nbsp;\u2013 Toda a programa\u00e7\u00e3o do Ver\u00e3o Maior Paran\u00e1 pode ser conferida no site exclusivo do Governo do Paran\u00e1, o&nbsp;<a href=\"https:\/\/www.verao.pr.gov.br\/\" target=\"_blank\" rel=\"noreferrer noopener\">pr.gov.br\/verao<\/a>. Ser\u00e3o 33 shows nacionais gratuitos nas arenas de Matinhos e Pontal do Paran\u00e1, al\u00e9m de grande programa\u00e7\u00e3o esportiva nas arenas das praias do Litoral e na regi\u00e3o Noroeste.<\/p>\n\n\n\n<p>AEN<\/p>\n","protected":false},"excerpt":{"rendered":"<p>Os fins de tarde do Ver\u00e3o Maior Paran\u00e1 t\u00eam sido de muita anima\u00e7\u00e3o e m\u00fasica para os moradores, turistas e veranistas que passam o in\u00edcio de ano nas regi\u00f5es do Litoral e Noroeste do Estado. A dupla sertaneja Gustavo Toledo e Gabriel foi quem abriu, ter\u00e7a-feira (07), a semana de shows do Palco Sunset nas [&hellip;]<\/p>\n","protected":false},"author":2,"featured_media":63145,"comment_status":"open","ping_status":"open","sticky":false,"template":"","format":"standard","meta":{"advanced_seo_description":"","jetpack_seo_html_title":"","jetpack_seo_noindex":false,"_jetpack_memberships_contains_paid_content":false,"footnotes":""},"categories":[88,80],"tags":[],"class_list":{"0":"post-63144","1":"post","2":"type-post","3":"status-publish","4":"format-standard","5":"has-post-thumbnail","7":"category-matinhos","8":"category-verao"},"jetpack_featured_media_url":"https:\/\/www.paranapraia.com.br\/wp-content\/uploads\/2025\/01\/img_7025-scaled.jpg","jetpack_sharing_enabled":true,"_links":{"self":[{"href":"https:\/\/www.paranapraia.com.br\/index.php\/wp-json\/wp\/v2\/posts\/63144"}],"collection":[{"href":"https:\/\/www.paranapraia.com.br\/index.php\/wp-json\/wp\/v2\/posts"}],"about":[{"href":"https:\/\/www.paranapraia.com.br\/index.php\/wp-json\/wp\/v2\/types\/post"}],"author":[{"embeddable":true,"href":"https:\/\/www.paranapraia.com.br\/index.php\/wp-json\/wp\/v2\/users\/2"}],"replies":[{"embeddable":true,"href":"https:\/\/www.paranapraia.com.br\/index.php\/wp-json\/wp\/v2\/comments?post=63144"}],"version-history":[{"count":1,"href":"https:\/\/www.paranapraia.com.br\/index.php\/wp-json\/wp\/v2\/posts\/63144\/revisions"}],"predecessor-version":[{"id":63146,"href":"https:\/\/www.paranapraia.com.br\/index.php\/wp-json\/wp\/v2\/posts\/63144\/revisions\/63146"}],"wp:featuredmedia":[{"embeddable":true,"href":"https:\/\/www.paranapraia.com.br\/index.php\/wp-json\/wp\/v2\/media\/63145"}],"wp:attachment":[{"href":"https:\/\/www.paranapraia.com.br\/index.php\/wp-json\/wp\/v2\/media?parent=63144"}],"wp:term":[{"taxonomy":"category","embeddable":true,"href":"https:\/\/www.paranapraia.com.br\/index.php\/wp-json\/wp\/v2\/categories?post=63144"},{"taxonomy":"post_tag","embeddable":true,"href":"https:\/\/www.paranapraia.com.br\/index.php\/wp-json\/wp\/v2\/tags?post=63144"}],"curies":[{"name":"wp","href":"https:\/\/api.w.org\/{rel}","templated":true}]}}