{"id":63070,"date":"2025-01-07T11:33:22","date_gmt":"2025-01-07T14:33:22","guid":{"rendered":"https:\/\/www.paranapraia.com.br\/?p=63070"},"modified":"2025-01-07T11:33:24","modified_gmt":"2025-01-07T14:33:24","slug":"praca-coronel-macedo-e-limpa-apos-chuvas-intensas-em-antonina","status":"publish","type":"post","link":"https:\/\/www.paranapraia.com.br\/index.php\/2025\/01\/07\/praca-coronel-macedo-e-limpa-apos-chuvas-intensas-em-antonina\/","title":{"rendered":"Pra\u00e7a Coronel Macedo \u00e9 limpa ap\u00f3s chuvas intensas em Antonina"},"content":{"rendered":"\n<p>Ap\u00f3s as fortes chuvas que atingiram Antonina nos \u00faltimos dias, a Pra\u00e7a Coronel Macedo passou por uma for\u00e7a-tarefa de limpeza realizada pela equipe de limpeza urbana da Prefeitura. A a\u00e7\u00e3o teve como foco a remo\u00e7\u00e3o de folhas, galhos e outros detritos trazidos pelas enxurradas, devolvendo ao espa\u00e7o p\u00fablico sua beleza e seguran\u00e7a para os frequentadores.<\/p>\n\n\n\n<figure class=\"wp-block-gallery has-nested-images columns-default is-cropped wp-block-gallery-1 is-layout-flex wp-block-gallery-is-layout-flex\">\n<figure class=\"wp-block-image size-large\"><img loading=\"lazy\" decoding=\"async\" width=\"1024\" height=\"683\" data-id=\"63072\" src=\"https:\/\/www.paranapraia.com.br\/wp-content\/uploads\/2025\/01\/1000258836-1024x683.jpg\" alt=\"\" class=\"wp-image-63072\" srcset=\"https:\/\/www.paranapraia.com.br\/wp-content\/uploads\/2025\/01\/1000258836-1024x683.jpg 1024w, https:\/\/www.paranapraia.com.br\/wp-content\/uploads\/2025\/01\/1000258836-300x200.jpg 300w, https:\/\/www.paranapraia.com.br\/wp-content\/uploads\/2025\/01\/1000258836-768x512.jpg 768w, https:\/\/www.paranapraia.com.br\/wp-content\/uploads\/2025\/01\/1000258836-696x464.jpg 696w, https:\/\/www.paranapraia.com.br\/wp-content\/uploads\/2025\/01\/1000258836-1068x712.jpg 1068w, https:\/\/www.paranapraia.com.br\/wp-content\/uploads\/2025\/01\/1000258836-scaled.jpg 800w\" sizes=\"(max-width: 1024px) 100vw, 1024px\" \/><\/figure>\n\n\n\n<figure class=\"wp-block-image size-large\"><img loading=\"lazy\" decoding=\"async\" width=\"1024\" height=\"683\" data-id=\"63074\" src=\"https:\/\/www.paranapraia.com.br\/wp-content\/uploads\/2025\/01\/1000258835-1024x683.jpg\" alt=\"\" class=\"wp-image-63074\" srcset=\"https:\/\/www.paranapraia.com.br\/wp-content\/uploads\/2025\/01\/1000258835-1024x683.jpg 1024w, https:\/\/www.paranapraia.com.br\/wp-content\/uploads\/2025\/01\/1000258835-300x200.jpg 300w, https:\/\/www.paranapraia.com.br\/wp-content\/uploads\/2025\/01\/1000258835-768x512.jpg 768w, https:\/\/www.paranapraia.com.br\/wp-content\/uploads\/2025\/01\/1000258835-696x464.jpg 696w, https:\/\/www.paranapraia.com.br\/wp-content\/uploads\/2025\/01\/1000258835-1068x712.jpg 1068w, https:\/\/www.paranapraia.com.br\/wp-content\/uploads\/2025\/01\/1000258835-scaled.jpg 800w\" sizes=\"(max-width: 1024px) 100vw, 1024px\" \/><\/figure>\n<\/figure>\n\n\n\n<p>O trabalho incluiu varri\u00e7\u00e3o, recolhimento de res\u00edduos e inspe\u00e7\u00f5es para verificar poss\u00edveis danos \u00e0 infraestrutura da pra\u00e7a, como cal\u00e7adas, bancos e \u00e1reas verdes. Segundo a administra\u00e7\u00e3o municipal, a limpeza foi essencial para preservar o local, que \u00e9 um dos principais pontos de encontro da cidade e frequentemente utilizado por moradores e visitantes.<\/p>\n\n\n\n<p>A Prefeitura de Antonina destacou que, diante do aumento de chuvas intensas, a\u00e7\u00f5es preventivas e de manuten\u00e7\u00e3o est\u00e3o sendo refor\u00e7adas em diferentes \u00e1reas do munic\u00edpio para minimizar os impactos e garantir a seguran\u00e7a da popula\u00e7\u00e3o.<\/p>\n\n\n\n<p>Para mais informa\u00e7\u00f5es sobre a\u00e7\u00f5es municipais e atualiza\u00e7\u00f5es, acesse o site oficial: antonina.pr.gov.br.<\/p>\n","protected":false},"excerpt":{"rendered":"<p>Ap\u00f3s as fortes chuvas que atingiram Antonina nos \u00faltimos dias, a Pra\u00e7a Coronel Macedo passou por uma for\u00e7a-tarefa de limpeza realizada pela equipe de limpeza urbana da Prefeitura. A a\u00e7\u00e3o teve como foco a remo\u00e7\u00e3o de folhas, galhos e outros detritos trazidos pelas enxurradas, devolvendo ao espa\u00e7o p\u00fablico sua beleza e seguran\u00e7a para os frequentadores. [&hellip;]<\/p>\n","protected":false},"author":2,"featured_media":63071,"comment_status":"open","ping_status":"open","sticky":false,"template":"","format":"standard","meta":{"advanced_seo_description":"","jetpack_seo_html_title":"","jetpack_seo_noindex":false,"_jetpack_memberships_contains_paid_content":false,"footnotes":""},"categories":[132],"tags":[],"class_list":{"0":"post-63070","1":"post","2":"type-post","3":"status-publish","4":"format-standard","5":"has-post-thumbnail","7":"category-antonina"},"jetpack_featured_media_url":"https:\/\/www.paranapraia.com.br\/wp-content\/uploads\/2025\/01\/FB_IMG_1736260308195-scaled.jpg","jetpack_sharing_enabled":true,"_links":{"self":[{"href":"https:\/\/www.paranapraia.com.br\/index.php\/wp-json\/wp\/v2\/posts\/63070"}],"collection":[{"href":"https:\/\/www.paranapraia.com.br\/index.php\/wp-json\/wp\/v2\/posts"}],"about":[{"href":"https:\/\/www.paranapraia.com.br\/index.php\/wp-json\/wp\/v2\/types\/post"}],"author":[{"embeddable":true,"href":"https:\/\/www.paranapraia.com.br\/index.php\/wp-json\/wp\/v2\/users\/2"}],"replies":[{"embeddable":true,"href":"https:\/\/www.paranapraia.com.br\/index.php\/wp-json\/wp\/v2\/comments?post=63070"}],"version-history":[{"count":1,"href":"https:\/\/www.paranapraia.com.br\/index.php\/wp-json\/wp\/v2\/posts\/63070\/revisions"}],"predecessor-version":[{"id":63075,"href":"https:\/\/www.paranapraia.com.br\/index.php\/wp-json\/wp\/v2\/posts\/63070\/revisions\/63075"}],"wp:featuredmedia":[{"embeddable":true,"href":"https:\/\/www.paranapraia.com.br\/index.php\/wp-json\/wp\/v2\/media\/63071"}],"wp:attachment":[{"href":"https:\/\/www.paranapraia.com.br\/index.php\/wp-json\/wp\/v2\/media?parent=63070"}],"wp:term":[{"taxonomy":"category","embeddable":true,"href":"https:\/\/www.paranapraia.com.br\/index.php\/wp-json\/wp\/v2\/categories?post=63070"},{"taxonomy":"post_tag","embeddable":true,"href":"https:\/\/www.paranapraia.com.br\/index.php\/wp-json\/wp\/v2\/tags?post=63070"}],"curies":[{"name":"wp","href":"https:\/\/api.w.org\/{rel}","templated":true}]}}