{"id":6293,"date":"2019-04-12T16:26:30","date_gmt":"2019-04-12T19:26:30","guid":{"rendered":"https:\/\/www.paranapraia.com.br\/?p=6293"},"modified":"2019-04-12T16:26:31","modified_gmt":"2019-04-12T19:26:31","slug":"saude-confirma-caso-de-febre-amarela-em-paciente-de-curitiba-doenca-foi-contraida-em-morretes","status":"publish","type":"post","link":"https:\/\/www.paranapraia.com.br\/index.php\/2019\/04\/12\/saude-confirma-caso-de-febre-amarela-em-paciente-de-curitiba-doenca-foi-contraida-em-morretes\/","title":{"rendered":"Sa\u00fade confirma caso de febre amarela em paciente de Curitiba; doen\u00e7a foi contra\u00edda em Morretes"},"content":{"rendered":"\n<p>O boletim epidemiol\u00f3gico dessa semana confirmou um novo caso de febre amarela no Paran\u00e1. Trata-se de um homem de 65 anos, morador de Curitiba, que adquiriu a doen\u00e7a em Morretes, regi\u00e3o em que j\u00e1 havia um caso constatado da doen\u00e7a. Os munic\u00edpios com casos confirmados s\u00e3o Paranagu\u00e1, Antonina, Morretes, Adrian\u00f3polis, Campina Grande do Sul, Curitiba, Piraquara e S\u00e3o Jos\u00e9 dos Pinhais.<\/p>\n\n\n\n<p>A recomenda\u00e7\u00e3o da Secretaria da Sa\u00fade do Paran\u00e1 continua sendo a de que todas as pessoas tomem a vacina, para prevenir a febre amarela, pois o v\u00edrus est\u00e1 circulando no Estado. At\u00e9 o momento s\u00e3o 15 casos confirmados e 77 ocorr\u00eancias em investiga\u00e7\u00e3o, 236 j\u00e1 foram descartadas.<\/p>\n\n\n\n<p>As epizootias continuam sendo 5 confirmadas em Antonina, Morretes, Paranagu\u00e1, S\u00e3o Jos\u00e9 do Pinhais e Castro. Outras 32 ocorr\u00eancias est\u00e3o em investiga\u00e7\u00e3o.<\/p>\n\n\n\n<p>O secret\u00e1rio de estado da Sa\u00fade, Beto Preto, refor\u00e7a que a vacina\u00e7\u00e3o \u00e9 o meio mais eficaz de prevenir a doen\u00e7a. \u201cA orienta\u00e7\u00e3o principal \u00e9 incentivar a preven\u00e7\u00e3o por meio da vacina\u00e7\u00e3o. Conversar com fam\u00edlias, amigos e colegas de trabalho para lembrar da import\u00e2ncia da vacina\u00e7\u00e3o\u201d.<\/p>\n\n\n\n<p>Todas as pessoas devem se vacinar, mas o alerta principal \u00e9 para aquelas que residem em \u00e1reas de matas e rios, ou que fazem atividades como trilhas, pesca e acampamentos rurais.<\/p>\n\n\n\n<p>Quem for visitar esses locais, deve procurar a unidade de sa\u00fade mais pr\u00f3xima com no m\u00ednimo 10 dias de anteced\u00eancia da viagem. Esse \u00e9 o tempo necess\u00e1rio para garantir a devida imuniza\u00e7\u00e3o contra a doen\u00e7a. Nesta semana os munic\u00edpios de In\u00e1cio Martins, Pinh\u00e3o e Ivaipor\u00e3 fizeram uma intensifica\u00e7\u00e3o para aplicar a vacina em trabalhadores da zona rural.<\/p>\n\n\n\n<p>A superintendente de Vigil\u00e2ncia em Sa\u00fade Ac\u00e1cia Nasr ressalta que \u201c\u00e9 necess\u00e1ria apenas uma dose da vacina para garantir a imunidade por toda a vida. A vacina\u00e7\u00e3o est\u00e1 dispon\u00edvel em todas as cidades do Estado nas unidades de sa\u00fade\u201d.<\/p>\n\n\n\n<p>A vacina \u00e9 indicada para crian\u00e7as a partir dos 9 meses e adultos at\u00e9 os 59 anos. Para gestantes, mulheres que amamentam, crian\u00e7as at\u00e9 9 meses de idade, adultos maiores de 60 anos, pessoas com alergia grave a ovo ou imunodeprimidos, a recomenda\u00e7\u00e3o \u00e9 que s\u00f3 sejam vacinados com a avalia\u00e7\u00e3o de um profissional de sa\u00fade.<\/p>\n\n\n\n<p><strong>Sesa-PR<\/strong><br><\/p>\n","protected":false},"excerpt":{"rendered":"<p>O boletim epidemiol\u00f3gico dessa semana confirmou um novo caso de febre amarela no Paran\u00e1. Trata-se de um homem de 65 anos, morador de Curitiba, que adquiriu a doen\u00e7a em Morretes, regi\u00e3o em que j\u00e1 havia um caso constatado da doen\u00e7a. Os munic\u00edpios com casos confirmados s\u00e3o Paranagu\u00e1, Antonina, Morretes, Adrian\u00f3polis, Campina Grande do Sul, Curitiba, [&hellip;]<\/p>\n","protected":false},"author":2,"featured_media":6294,"comment_status":"open","ping_status":"open","sticky":false,"template":"","format":"standard","meta":{"advanced_seo_description":"","jetpack_seo_html_title":"","jetpack_seo_noindex":false,"_jetpack_memberships_contains_paid_content":false,"footnotes":""},"categories":[50],"tags":[],"class_list":{"0":"post-6293","1":"post","2":"type-post","3":"status-publish","4":"format-standard","5":"has-post-thumbnail","7":"category-saude"},"jetpack_featured_media_url":"https:\/\/www.paranapraia.com.br\/wp-content\/uploads\/2019\/04\/feb-2.jpg","jetpack_sharing_enabled":true,"_links":{"self":[{"href":"https:\/\/www.paranapraia.com.br\/index.php\/wp-json\/wp\/v2\/posts\/6293"}],"collection":[{"href":"https:\/\/www.paranapraia.com.br\/index.php\/wp-json\/wp\/v2\/posts"}],"about":[{"href":"https:\/\/www.paranapraia.com.br\/index.php\/wp-json\/wp\/v2\/types\/post"}],"author":[{"embeddable":true,"href":"https:\/\/www.paranapraia.com.br\/index.php\/wp-json\/wp\/v2\/users\/2"}],"replies":[{"embeddable":true,"href":"https:\/\/www.paranapraia.com.br\/index.php\/wp-json\/wp\/v2\/comments?post=6293"}],"version-history":[{"count":1,"href":"https:\/\/www.paranapraia.com.br\/index.php\/wp-json\/wp\/v2\/posts\/6293\/revisions"}],"predecessor-version":[{"id":6295,"href":"https:\/\/www.paranapraia.com.br\/index.php\/wp-json\/wp\/v2\/posts\/6293\/revisions\/6295"}],"wp:featuredmedia":[{"embeddable":true,"href":"https:\/\/www.paranapraia.com.br\/index.php\/wp-json\/wp\/v2\/media\/6294"}],"wp:attachment":[{"href":"https:\/\/www.paranapraia.com.br\/index.php\/wp-json\/wp\/v2\/media?parent=6293"}],"wp:term":[{"taxonomy":"category","embeddable":true,"href":"https:\/\/www.paranapraia.com.br\/index.php\/wp-json\/wp\/v2\/categories?post=6293"},{"taxonomy":"post_tag","embeddable":true,"href":"https:\/\/www.paranapraia.com.br\/index.php\/wp-json\/wp\/v2\/tags?post=6293"}],"curies":[{"name":"wp","href":"https:\/\/api.w.org\/{rel}","templated":true}]}}