{"id":62920,"date":"2025-01-04T16:06:36","date_gmt":"2025-01-04T19:06:36","guid":{"rendered":"https:\/\/www.paranapraia.com.br\/?p=62920"},"modified":"2025-01-04T16:06:39","modified_gmt":"2025-01-04T19:06:39","slug":"integracao-e-tecnologia-reduzem-em-2430-s-ocorrencias-policiais-no-litoral","status":"publish","type":"post","link":"https:\/\/www.paranapraia.com.br\/index.php\/2025\/01\/04\/integracao-e-tecnologia-reduzem-em-2430-s-ocorrencias-policiais-no-litoral\/","title":{"rendered":"Integra\u00e7\u00e3o e tecnologia reduzem em 24,30% s ocorr\u00eancias policiais no Litoral"},"content":{"rendered":"\n<p>As a\u00e7\u00f5es integradas das for\u00e7as de seguran\u00e7a do Paran\u00e1 resultaram na redu\u00e7\u00e3o de 24,30% em ocorr\u00eancias policiais registradas entre 21 de dezembro de 2024 e 1\u00ba de janeiro de 2025, em compara\u00e7\u00e3o com o mesmo per\u00edodo do ano anterior. O n\u00famero de ocorr\u00eancias caiu de 2.728 para 2.065.<\/p>\n\n\n\n<p>\u201cN\u00f3s tivemos uma redu\u00e7\u00e3o no n\u00famero de ocorr\u00eancias policiais atendidas pela Pol\u00edcia Militar e pela Pol\u00edcia Civil gra\u00e7as \u00e0 integra\u00e7\u00e3o entre as for\u00e7as de seguran\u00e7a. Apesar do aumento no fluxo de turistas e de ve\u00edculos no litoral, a atua\u00e7\u00e3o preventiva foi determinante para esse resultado\u201d, afirmou o secret\u00e1rio da Seguran\u00e7a P\u00fablica, Hudson Le\u00f4ncio Teixeira.<\/p>\n\n\n\n<p><strong>ESTRUTURA<\/strong>&nbsp;&#8211; O Ver\u00e3o Maior Paran\u00e1 abrange as cidades de Matinhos, Pontal do Paran\u00e1, Antonina, Morretes e Guaratuba. Diariamente, cerca de 1.133 integrantes das for\u00e7as de seguran\u00e7a est\u00e3o mobilizados para garantir a ordem e a prote\u00e7\u00e3o de moradores e visitantes durante a temporada.<\/p>\n\n\n\n<p>A opera\u00e7\u00e3o tamb\u00e9m se apoia em um sistema de intelig\u00eancia integrada e coordenada pela Secretaria da Seguran\u00e7a P\u00fablica (SESP) e as pol\u00edcias Civil, Militar e Penal. Essa integra\u00e7\u00e3o permite o compartilhamento \u00e1gil de informa\u00e7\u00f5es estrat\u00e9gicas, facilitando a identifica\u00e7\u00e3o de padr\u00f5es criminais, a antecipa\u00e7\u00e3o de riscos e a organiza\u00e7\u00e3o de respostas eficazes para cada situa\u00e7\u00e3o.<\/p>\n\n\n\n<p>\u201cA utiliza\u00e7\u00e3o de intelig\u00eancia integrada e de tecnologias como drones, c\u00e2meras de monitoramento e ferramentas de an\u00e1lise de dados tem sido essencial para a redu\u00e7\u00e3o das ocorr\u00eancias. Essas inova\u00e7\u00f5es nos permitem agir de forma mais precisa e eficiente, oferecendo maior seguran\u00e7a para a popula\u00e7\u00e3o e para os turistas\u201d, destacou Teixeira.<\/p>\n\n\n\n<p>A opera\u00e7\u00e3o conta com drones, helic\u00f3pteros e c\u00e2meras de monitoramento estrat\u00e9gico, que ampliam a capacidade de vigil\u00e2ncia e permitem uma r\u00e1pida resposta em situa\u00e7\u00f5es cr\u00edticas. Essas tecnologias contribuem para o acompanhamento em tempo real de \u00e1reas com maior fluxo de pessoas, facilitando a identifica\u00e7\u00e3o de poss\u00edveis incidentes e refor\u00e7ando a atua\u00e7\u00e3o preventiva.<\/p>\n\n\n\n<p>Estima-se que 1,1 milh\u00e3o de pessoas tenham visitado as praias do Litoral paranaense durante a virada do ano. Medidas como patrulhamentos refor\u00e7ados, distribui\u00e7\u00e3o de pulseiras de identifica\u00e7\u00e3o e a\u00e7\u00f5es de conscientiza\u00e7\u00e3o foram aplicadas para reduzir riscos e aumentar a seguran\u00e7a.<\/p>\n\n\n\n<p><strong>PULSEIRAS<\/strong>&nbsp;&#8211; Entre as a\u00e7\u00f5es preventivas, 17.765 pulseiras de identifica\u00e7\u00e3o foram distribu\u00eddas no litoral. A iniciativa tem como objetivo aumentar a seguran\u00e7a de crian\u00e7as e idosos, permitindo a r\u00e1pida localiza\u00e7\u00e3o de familiares em casos de desaparecimento. As pulseiras incluem o nome e o n\u00famero de celular do respons\u00e1vel.<\/p>\n\n\n\n<p><strong>VER\u00c3O MAIOR PARAN\u00c1<\/strong>&nbsp;&#8211; O Ver\u00e3o Maior Paran\u00e1 inclui 33 shows nacionais gratuitos em Matinhos e Pontal do Paran\u00e1, al\u00e9m de eventos esportivos nas praias do Litoral e na regi\u00e3o Noroeste. A programa\u00e7\u00e3o completa e informa\u00e7\u00f5es complementarem podem ser encontradas no&nbsp;<a href=\"https:\/\/www.verao.pr.gov.br\/\" target=\"_blank\" rel=\"noreferrer noopener\">site da opera\u00e7\u00e3o<\/a>.<\/p>\n\n\n\n<p>AEN<\/p>\n","protected":false},"excerpt":{"rendered":"<p>As a\u00e7\u00f5es integradas das for\u00e7as de seguran\u00e7a do Paran\u00e1 resultaram na redu\u00e7\u00e3o de 24,30% em ocorr\u00eancias policiais registradas entre 21 de dezembro de 2024 e 1\u00ba de janeiro de 2025, em compara\u00e7\u00e3o com o mesmo per\u00edodo do ano anterior. O n\u00famero de ocorr\u00eancias caiu de 2.728 para 2.065. \u201cN\u00f3s tivemos uma redu\u00e7\u00e3o no n\u00famero de [&hellip;]<\/p>\n","protected":false},"author":2,"featured_media":62921,"comment_status":"open","ping_status":"open","sticky":false,"template":"","format":"standard","meta":{"advanced_seo_description":"","jetpack_seo_html_title":"","jetpack_seo_noindex":false,"_jetpack_memberships_contains_paid_content":false,"footnotes":""},"categories":[40,91,802],"tags":[],"class_list":{"0":"post-62920","1":"post","2":"type-post","3":"status-publish","4":"format-standard","5":"has-post-thumbnail","7":"category-destaques","8":"category-litoral","9":"category-seguranca"},"jetpack_featured_media_url":"https:\/\/www.paranapraia.com.br\/wp-content\/uploads\/2025\/01\/reuniao6-scaled.jpg","jetpack_sharing_enabled":true,"_links":{"self":[{"href":"https:\/\/www.paranapraia.com.br\/index.php\/wp-json\/wp\/v2\/posts\/62920"}],"collection":[{"href":"https:\/\/www.paranapraia.com.br\/index.php\/wp-json\/wp\/v2\/posts"}],"about":[{"href":"https:\/\/www.paranapraia.com.br\/index.php\/wp-json\/wp\/v2\/types\/post"}],"author":[{"embeddable":true,"href":"https:\/\/www.paranapraia.com.br\/index.php\/wp-json\/wp\/v2\/users\/2"}],"replies":[{"embeddable":true,"href":"https:\/\/www.paranapraia.com.br\/index.php\/wp-json\/wp\/v2\/comments?post=62920"}],"version-history":[{"count":1,"href":"https:\/\/www.paranapraia.com.br\/index.php\/wp-json\/wp\/v2\/posts\/62920\/revisions"}],"predecessor-version":[{"id":62922,"href":"https:\/\/www.paranapraia.com.br\/index.php\/wp-json\/wp\/v2\/posts\/62920\/revisions\/62922"}],"wp:featuredmedia":[{"embeddable":true,"href":"https:\/\/www.paranapraia.com.br\/index.php\/wp-json\/wp\/v2\/media\/62921"}],"wp:attachment":[{"href":"https:\/\/www.paranapraia.com.br\/index.php\/wp-json\/wp\/v2\/media?parent=62920"}],"wp:term":[{"taxonomy":"category","embeddable":true,"href":"https:\/\/www.paranapraia.com.br\/index.php\/wp-json\/wp\/v2\/categories?post=62920"},{"taxonomy":"post_tag","embeddable":true,"href":"https:\/\/www.paranapraia.com.br\/index.php\/wp-json\/wp\/v2\/tags?post=62920"}],"curies":[{"name":"wp","href":"https:\/\/api.w.org\/{rel}","templated":true}]}}