{"id":62821,"date":"2025-01-02T17:20:07","date_gmt":"2025-01-02T20:20:07","guid":{"rendered":"https:\/\/www.paranapraia.com.br\/?p=62821"},"modified":"2025-01-02T17:20:10","modified_gmt":"2025-01-02T20:20:10","slug":"corpo-de-bombeiros-militar-do-parana-salva-jovem-vitima-de-afogamento-no-litoral","status":"publish","type":"post","link":"https:\/\/www.paranapraia.com.br\/index.php\/2025\/01\/02\/corpo-de-bombeiros-militar-do-parana-salva-jovem-vitima-de-afogamento-no-litoral\/","title":{"rendered":"Corpo de Bombeiros Militar do Paran\u00e1 salva jovem v\u00edtima de afogamento no Litoral"},"content":{"rendered":"\n<p>Na tarde desta quinta-feira (2), o Corpo de Bombeiros Militar do Paran\u00e1 (CBMPR) realizou o resgate de um jovem de 18 anos que se afogou nas proximidades do Posto de Guarda-Vidas no balne\u00e1rio Graja\u00fa, em Pontal do Paran\u00e1. A opera\u00e7\u00e3o contou com o empenho de 15 guarda-vidas, al\u00e9m de recursos como a moto aqu\u00e1tica e aeronave do Batalh\u00e3o de Pol\u00edcia Militar de Opera\u00e7\u00f5es A\u00e9reas (BPMOA).&nbsp;<\/p>\n\n\n\n<p>Ao receber o chamado, a equipe de guarda-vidas deslocou-se rapidamente ao local. Uma outra pessoa que estava em perigo conseguiu sair da \u00e1gua por conta pr\u00f3pria e relatou que um jovem havia desaparecido no mar.&nbsp;<\/p>\n\n\n\n<p>Em uma busca que durou 10 minutos, os bombeiros localizaram o jovem submerso. Ap\u00f3s a retirada da v\u00edtima da \u00e1gua, iniciaram-se os procedimentos de reanima\u00e7\u00e3o, que se estenderam por 27 minutos.&nbsp;<\/p>\n\n\n\n<p>As manobras restabeleceram o ritmo card\u00edaco do rapaz, que foi transportado por aeronave ao Hospital Regional do Litoral, onde segue em atendimento. A v\u00edtima, residente de Curitiba, estava no Litoral com familiares para celebrar a virada do ano e seu anivers\u00e1rio, comemorado nesta quinta-feira (2).<\/p>\n\n\n\n<p>\u201cPara garantir a seguran\u00e7a dos veranistas, o Corpo de Bombeiros Militar do Paran\u00e1 refor\u00e7a import\u00e2ncia de respeitar a sinaliza\u00e7\u00e3o das bandeiras nas praias e procurar sempre locais pr\u00f3ximos a Postos de Guarda-Vidas&#8221;, ressalta a capit\u00e3 Tamires Silva Pereira, porta-voz do Corpo de Bombeiros Militar do Paran\u00e1.<\/p>\n\n\n\n<p><strong>BANDEIRAS&nbsp;<\/strong>\u2013&nbsp;O CBMPR tamb\u00e9m atua com uso de bandeiras que s\u00e3o colocadas em locais estrat\u00e9gicos para indicar as condi\u00e7\u00f5es do mar para banho no dia. A bandeira, dividida em duas cores (vermelha e amarela), representa as \u00e1reas com monitoramentos de salva-vidas, demarcando os lugares mais apropriados para a popula\u00e7\u00e3o. A bandeira preta indica \u00e1reas sem postos de guarda-vidas e a bandeira duplo vermelha aponta espa\u00e7os interditados devido \u00e0s chuvas muito fortes, incid\u00eancia de raios, entre outros fatores de risco \u00e0 seguran\u00e7a.<\/p>\n\n\n\n<p>Al\u00e9m disso, existe tamb\u00e9m a bandeira verde que significa \u00e1rea segura, pr\u00f3pria para os banhistas e nadadores; a amarela, que indica aten\u00e7\u00e3o, \u00e1rea que est\u00e1 liberada para banho, mas que exige um maior cuidado; e a vermelha, que aponta perigo, \u00e1rea inapropriada para nadar, geralmente colocada na frente de lugares impr\u00f3prios para a popula\u00e7\u00e3o, com buracos ou correntes de retorno.<\/p>\n\n\n\n<p><strong>POSTOS&nbsp;<\/strong>\u2013&nbsp;O Litoral do Estado teve um aumento de 5% no n\u00famero de postos de guarda-vidas ativos nesta temporada do Ver\u00e3o Maior Paran\u00e1. Alguns dos principais pontos utilizados pelos banhistas j\u00e1 contam com monitoramento do Corpo de Bombeiros Militar do Paran\u00e1 desde setembro e, desde 14 de dezembro, o efetivo integral atua na regi\u00e3o, distribu\u00eddo em 100 locais de banho, al\u00e9m das a\u00e7\u00f5es de monitoramento itinerantes.<\/p>\n\n\n\n<p><strong>VER\u00c3O MAIOR PARAN\u00c1&nbsp;<\/strong>\u2013&nbsp;Toda a programa\u00e7\u00e3o do Ver\u00e3o Maior Paran\u00e1 pode ser conferida no site exclusivo do Governo do Paran\u00e1,&nbsp;<strong><a href=\"https:\/\/www.aen.pr.gov.br\/Noticia\/pr.gov.br\/verao\" target=\"_blank\" rel=\"noreferrer noopener\">pr.gov.br\/verao<\/a><\/strong>&nbsp;Ser\u00e3o 33 shows nacionais gratuitos nas arenas de Matinhos e Pontal do Paran\u00e1, al\u00e9m de grande programa\u00e7\u00e3o esportiva nas arenas das praias do Litoral e na regi\u00e3o Noroeste.<\/p>\n\n\n\n<p>AEN<\/p>\n","protected":false},"excerpt":{"rendered":"<p>Na tarde desta quinta-feira (2), o Corpo de Bombeiros Militar do Paran\u00e1 (CBMPR) realizou o resgate de um jovem de 18 anos que se afogou nas proximidades do Posto de Guarda-Vidas no balne\u00e1rio Graja\u00fa, em Pontal do Paran\u00e1. A opera\u00e7\u00e3o contou com o empenho de 15 guarda-vidas, al\u00e9m de recursos como a moto aqu\u00e1tica e [&hellip;]<\/p>\n","protected":false},"author":2,"featured_media":62822,"comment_status":"open","ping_status":"open","sticky":false,"template":"","format":"standard","meta":{"advanced_seo_description":"","jetpack_seo_html_title":"","jetpack_seo_noindex":false,"_jetpack_memberships_contains_paid_content":false,"footnotes":""},"categories":[91],"tags":[],"class_list":{"0":"post-62821","1":"post","2":"type-post","3":"status-publish","4":"format-standard","5":"has-post-thumbnail","7":"category-litoral"},"jetpack_featured_media_url":"https:\/\/www.paranapraia.com.br\/wp-content\/uploads\/2025\/01\/guarda-vidas_0-1-scaled.jpg","jetpack_sharing_enabled":true,"_links":{"self":[{"href":"https:\/\/www.paranapraia.com.br\/index.php\/wp-json\/wp\/v2\/posts\/62821"}],"collection":[{"href":"https:\/\/www.paranapraia.com.br\/index.php\/wp-json\/wp\/v2\/posts"}],"about":[{"href":"https:\/\/www.paranapraia.com.br\/index.php\/wp-json\/wp\/v2\/types\/post"}],"author":[{"embeddable":true,"href":"https:\/\/www.paranapraia.com.br\/index.php\/wp-json\/wp\/v2\/users\/2"}],"replies":[{"embeddable":true,"href":"https:\/\/www.paranapraia.com.br\/index.php\/wp-json\/wp\/v2\/comments?post=62821"}],"version-history":[{"count":1,"href":"https:\/\/www.paranapraia.com.br\/index.php\/wp-json\/wp\/v2\/posts\/62821\/revisions"}],"predecessor-version":[{"id":62823,"href":"https:\/\/www.paranapraia.com.br\/index.php\/wp-json\/wp\/v2\/posts\/62821\/revisions\/62823"}],"wp:featuredmedia":[{"embeddable":true,"href":"https:\/\/www.paranapraia.com.br\/index.php\/wp-json\/wp\/v2\/media\/62822"}],"wp:attachment":[{"href":"https:\/\/www.paranapraia.com.br\/index.php\/wp-json\/wp\/v2\/media?parent=62821"}],"wp:term":[{"taxonomy":"category","embeddable":true,"href":"https:\/\/www.paranapraia.com.br\/index.php\/wp-json\/wp\/v2\/categories?post=62821"},{"taxonomy":"post_tag","embeddable":true,"href":"https:\/\/www.paranapraia.com.br\/index.php\/wp-json\/wp\/v2\/tags?post=62821"}],"curies":[{"name":"wp","href":"https:\/\/api.w.org\/{rel}","templated":true}]}}