{"id":62815,"date":"2025-01-02T16:37:03","date_gmt":"2025-01-02T19:37:03","guid":{"rendered":"https:\/\/www.paranapraia.com.br\/?p=62815"},"modified":"2025-01-02T16:39:00","modified_gmt":"2025-01-02T19:39:00","slug":"pcpr-prende-homem-em-flagrante-por-violencia-domestica-em-pontal-do-parana","status":"publish","type":"post","link":"https:\/\/www.paranapraia.com.br\/index.php\/2025\/01\/02\/pcpr-prende-homem-em-flagrante-por-violencia-domestica-em-pontal-do-parana\/","title":{"rendered":"PCPR prende homem em flagrante por viol\u00eancia dom\u00e9stica em Pontal do Paran\u00e1"},"content":{"rendered":"\n<p>A Pol\u00edcia Civil do Paran\u00e1 (PCPR) prendeu em flagrante um homem, de 40 anos, por viol\u00eancia dom\u00e9stica contra a companheira, de 29 anos. A pris\u00e3o foi realizada nesta quarta-feira (1\u00ba), em Pontal do Paran\u00e1, no litoral do Estado.<\/p>\n\n\n\n<p>A a\u00e7\u00e3o teve in\u00edcio ap\u00f3s vizinhos denunciarem na delegacia as agress\u00f5es sofridas pela mulher.&nbsp;<\/p>\n\n\n\n<p>Assista sonora com delegado da PCPR Bruno Rocha \ud83d\udc47\ud83c\udffc<\/p>\n\n\n\n<figure class=\"wp-block-video\"><video controls src=\"https:\/\/www.paranapraia.com.br\/wp-content\/uploads\/2025\/01\/1000252844.mp4\"><\/video><\/figure>\n\n\n\n<p>\u201cOs policiais rapidamente deslocaram at\u00e9 a regi\u00e3o apontada, encontraram a v\u00edtima chorosa e com algumas les\u00f5es aparentes, assim, efetuaram a pris\u00e3o do indiv\u00edduo\u201d, explica o delegado da PCPR Bruno Rocha.<\/p>\n\n\n\n<p>O homem foi detido no local e conduzido \u00e0 delegacia, onde foi autuado em flagrante por viol\u00eancia dom\u00e9stica.<\/p>\n\n\n\n<p>DEN\u00daNCIAS &#8211; A PCPR refor\u00e7a a import\u00e2ncia da colabora\u00e7\u00e3o da popula\u00e7\u00e3o em den\u00fancias de crimes contra mulheres, crian\u00e7as e adolescentes. As den\u00fancias podem ser feitas pelos telefones 197, da PCPR ou 181 do Disque-Den\u00fancia.<\/p>\n\n\n\n<p>Se a viol\u00eancia estiver acontecendo neste momento, a Pol\u00edcia Militar deve ser acionada pelo telefone 190.<\/p>\n\n\n\n<p>VER\u00c3O MAIOR PARAN\u00c1 \u2013 Toda a programa\u00e7\u00e3o do Ver\u00e3o Maior Paran\u00e1 pode ser conferida no site exclusivo do Governo do Paran\u00e1, o pr.gov.br\/verao Ser\u00e3o 33 shows nacionais gratuitos nas arenas de Matinhos e Pontal do Paran\u00e1, al\u00e9m de grande programa\u00e7\u00e3o esportiva nas arenas das praias do Litoral e na regi\u00e3o Noroeste.<\/p>\n\n\n\n<p>PCPR<\/p>\n","protected":false},"excerpt":{"rendered":"<p>A Pol\u00edcia Civil do Paran\u00e1 (PCPR) prendeu em flagrante um homem, de 40 anos, por viol\u00eancia dom\u00e9stica contra a companheira, de 29 anos. A pris\u00e3o foi realizada nesta quarta-feira (1\u00ba), em Pontal do Paran\u00e1, no litoral do Estado. A a\u00e7\u00e3o teve in\u00edcio ap\u00f3s vizinhos denunciarem na delegacia as agress\u00f5es sofridas pela mulher.&nbsp; Assista sonora com [&hellip;]<\/p>\n","protected":false},"author":2,"featured_media":62816,"comment_status":"open","ping_status":"open","sticky":false,"template":"","format":"standard","meta":{"advanced_seo_description":"","jetpack_seo_html_title":"","jetpack_seo_noindex":false,"_jetpack_memberships_contains_paid_content":false,"footnotes":""},"categories":[33,65],"tags":[],"class_list":{"0":"post-62815","1":"post","2":"type-post","3":"status-publish","4":"format-standard","5":"has-post-thumbnail","7":"category-policia","8":"category-pontal-do-parana"},"jetpack_featured_media_url":"https:\/\/www.paranapraia.com.br\/wp-content\/uploads\/2025\/01\/pcpr_pontal-scaled.jpg","jetpack_sharing_enabled":true,"_links":{"self":[{"href":"https:\/\/www.paranapraia.com.br\/index.php\/wp-json\/wp\/v2\/posts\/62815"}],"collection":[{"href":"https:\/\/www.paranapraia.com.br\/index.php\/wp-json\/wp\/v2\/posts"}],"about":[{"href":"https:\/\/www.paranapraia.com.br\/index.php\/wp-json\/wp\/v2\/types\/post"}],"author":[{"embeddable":true,"href":"https:\/\/www.paranapraia.com.br\/index.php\/wp-json\/wp\/v2\/users\/2"}],"replies":[{"embeddable":true,"href":"https:\/\/www.paranapraia.com.br\/index.php\/wp-json\/wp\/v2\/comments?post=62815"}],"version-history":[{"count":2,"href":"https:\/\/www.paranapraia.com.br\/index.php\/wp-json\/wp\/v2\/posts\/62815\/revisions"}],"predecessor-version":[{"id":62820,"href":"https:\/\/www.paranapraia.com.br\/index.php\/wp-json\/wp\/v2\/posts\/62815\/revisions\/62820"}],"wp:featuredmedia":[{"embeddable":true,"href":"https:\/\/www.paranapraia.com.br\/index.php\/wp-json\/wp\/v2\/media\/62816"}],"wp:attachment":[{"href":"https:\/\/www.paranapraia.com.br\/index.php\/wp-json\/wp\/v2\/media?parent=62815"}],"wp:term":[{"taxonomy":"category","embeddable":true,"href":"https:\/\/www.paranapraia.com.br\/index.php\/wp-json\/wp\/v2\/categories?post=62815"},{"taxonomy":"post_tag","embeddable":true,"href":"https:\/\/www.paranapraia.com.br\/index.php\/wp-json\/wp\/v2\/tags?post=62815"}],"curies":[{"name":"wp","href":"https:\/\/api.w.org\/{rel}","templated":true}]}}