{"id":62803,"date":"2025-01-02T16:30:39","date_gmt":"2025-01-02T19:30:39","guid":{"rendered":"https:\/\/www.paranapraia.com.br\/?p=62803"},"modified":"2025-01-02T16:30:43","modified_gmt":"2025-01-02T19:30:43","slug":"pontal-do-parana-cerimonia-de-posse-e-eleicao-da-mesa-diretora-da-camara-municipal","status":"publish","type":"post","link":"https:\/\/www.paranapraia.com.br\/index.php\/2025\/01\/02\/pontal-do-parana-cerimonia-de-posse-e-eleicao-da-mesa-diretora-da-camara-municipal\/","title":{"rendered":"Pontal do Paran\u00e1: Cerim\u00f4nia de Posse e Elei\u00e7\u00e3o da Mesa Diretora da C\u00e2mara Municipal"},"content":{"rendered":"\n<p>No dia 1\u00ba de janeiro, ocorreu a cerim\u00f4nia de posse do Prefeito Rud\u00e3o Gimenes, da Vice-Prefeita Patricia Millo Marcomini, e dos(as) Vereadores(as) eleitos(as) para a 8\u00aa Legislatura de Pontal do Paran\u00e1. O evento, realizado no Gin\u00e1sio da Escola Amatuzzi, no Balne\u00e1rio Shangri-l\u00e1, marcou o in\u00edcio de uma nova etapa na gest\u00e3o p\u00fablica do munic\u00edpio.<\/p>\n\n\n\n<p>Os trabalhos da cerim\u00f4nia foram conduzidos pelo Presidente da legislatura anterior, Sinedir da Rosa Cardozo (Sene), que liderou a transi\u00e7\u00e3o e deu posse aos novos representantes.<\/p>\n\n\n\n<figure class=\"wp-block-gallery has-nested-images columns-default is-cropped wp-block-gallery-1 is-layout-flex wp-block-gallery-is-layout-flex\">\n<figure class=\"wp-block-image size-large\"><img loading=\"lazy\" decoding=\"async\" width=\"1024\" height=\"683\" data-id=\"62806\" src=\"https:\/\/www.paranapraia.com.br\/wp-content\/uploads\/2025\/01\/1000252814-1024x683.jpg\" alt=\"\" class=\"wp-image-62806\" srcset=\"https:\/\/www.paranapraia.com.br\/wp-content\/uploads\/2025\/01\/1000252814-1024x683.jpg 1024w, https:\/\/www.paranapraia.com.br\/wp-content\/uploads\/2025\/01\/1000252814-300x200.jpg 300w, https:\/\/www.paranapraia.com.br\/wp-content\/uploads\/2025\/01\/1000252814-768x512.jpg 768w, https:\/\/www.paranapraia.com.br\/wp-content\/uploads\/2025\/01\/1000252814-696x464.jpg 696w, https:\/\/www.paranapraia.com.br\/wp-content\/uploads\/2025\/01\/1000252814-1068x712.jpg 1068w, https:\/\/www.paranapraia.com.br\/wp-content\/uploads\/2025\/01\/1000252814-scaled.jpg 800w\" sizes=\"(max-width: 1024px) 100vw, 1024px\" \/><\/figure>\n\n\n\n<figure class=\"wp-block-image size-large\"><img loading=\"lazy\" decoding=\"async\" width=\"1024\" height=\"683\" data-id=\"62808\" src=\"https:\/\/www.paranapraia.com.br\/wp-content\/uploads\/2025\/01\/1000252813-1024x683.jpg\" alt=\"\" class=\"wp-image-62808\" srcset=\"https:\/\/www.paranapraia.com.br\/wp-content\/uploads\/2025\/01\/1000252813-1024x683.jpg 1024w, https:\/\/www.paranapraia.com.br\/wp-content\/uploads\/2025\/01\/1000252813-300x200.jpg 300w, https:\/\/www.paranapraia.com.br\/wp-content\/uploads\/2025\/01\/1000252813-768x512.jpg 768w, https:\/\/www.paranapraia.com.br\/wp-content\/uploads\/2025\/01\/1000252813-696x464.jpg 696w, https:\/\/www.paranapraia.com.br\/wp-content\/uploads\/2025\/01\/1000252813-1068x712.jpg 1068w, https:\/\/www.paranapraia.com.br\/wp-content\/uploads\/2025\/01\/1000252813-scaled.jpg 800w\" sizes=\"(max-width: 1024px) 100vw, 1024px\" \/><\/figure>\n\n\n\n<figure class=\"wp-block-image size-large\"><img loading=\"lazy\" decoding=\"async\" width=\"1024\" height=\"683\" data-id=\"62805\" src=\"https:\/\/www.paranapraia.com.br\/wp-content\/uploads\/2025\/01\/1000252812-1024x683.jpg\" alt=\"\" class=\"wp-image-62805\" srcset=\"https:\/\/www.paranapraia.com.br\/wp-content\/uploads\/2025\/01\/1000252812-1024x683.jpg 1024w, https:\/\/www.paranapraia.com.br\/wp-content\/uploads\/2025\/01\/1000252812-300x200.jpg 300w, https:\/\/www.paranapraia.com.br\/wp-content\/uploads\/2025\/01\/1000252812-768x512.jpg 768w, https:\/\/www.paranapraia.com.br\/wp-content\/uploads\/2025\/01\/1000252812-696x464.jpg 696w, https:\/\/www.paranapraia.com.br\/wp-content\/uploads\/2025\/01\/1000252812-1068x712.jpg 1068w, https:\/\/www.paranapraia.com.br\/wp-content\/uploads\/2025\/01\/1000252812-scaled.jpg 800w\" sizes=\"(max-width: 1024px) 100vw, 1024px\" \/><\/figure>\n\n\n\n<figure class=\"wp-block-image size-large\"><img loading=\"lazy\" decoding=\"async\" width=\"1024\" height=\"683\" data-id=\"62807\" src=\"https:\/\/www.paranapraia.com.br\/wp-content\/uploads\/2025\/01\/1000252811-1024x683.jpg\" alt=\"\" class=\"wp-image-62807\" srcset=\"https:\/\/www.paranapraia.com.br\/wp-content\/uploads\/2025\/01\/1000252811-1024x683.jpg 1024w, https:\/\/www.paranapraia.com.br\/wp-content\/uploads\/2025\/01\/1000252811-300x200.jpg 300w, https:\/\/www.paranapraia.com.br\/wp-content\/uploads\/2025\/01\/1000252811-768x512.jpg 768w, https:\/\/www.paranapraia.com.br\/wp-content\/uploads\/2025\/01\/1000252811-696x464.jpg 696w, https:\/\/www.paranapraia.com.br\/wp-content\/uploads\/2025\/01\/1000252811-1068x712.jpg 1068w, https:\/\/www.paranapraia.com.br\/wp-content\/uploads\/2025\/01\/1000252811-scaled.jpg 800w\" sizes=\"(max-width: 1024px) 100vw, 1024px\" \/><\/figure>\n<\/figure>\n\n\n\n<p>Na sequ\u00eancia, durante a sess\u00e3o, foi realizada a elei\u00e7\u00e3o da Mesa Diretora da C\u00e2mara Municipal, que conduzir\u00e1 os trabalhos legislativos no pr\u00f3ximo bi\u00eanio. A composi\u00e7\u00e3o ficou assim definida:<\/p>\n\n\n\n<p>Presidente: Elinete Guimar\u00e3es Rocha<br>Vice-Presidente: Jos\u00e9 Juvanete Pereira<br>1\u00ba Secret\u00e1rio: Cirineu Marca<br>2\u00aa Secret\u00e1ria: Cleonice Silva do Nascimento<\/p>\n\n\n\n<p>Al\u00e9m disso, refor\u00e7amos os nomes de todos os Vereadores(as) eleitos(as):<\/p>\n\n\n\n<p>Any de Oliveira Brasil Messina<br>Cirineu Marca<br>Cleonice Silva do Nascimento<br>Elinete Guimar\u00e3es Rocha<br>Jhonatan Bitencourt Isidoro<br>Jos\u00e9 Juvanete Pereira<br>Marcelo Santos da Silva<br>Oseias Leal<br>Rosiane Rosa Borges<br>Sinedir da Rosa Cardozo<br>Valdinei Vicente da Silva<\/p>\n\n\n\n<p>A cerim\u00f4nia contou com a presen\u00e7a do Capit\u00e3o Biscaia, da Pol\u00edcia Militar, Comandante da Opera\u00e7\u00e3o Ver\u00e3o em Pontal do Paran\u00e1, al\u00e9m de diversas outras autoridades.<\/p>\n\n\n\n<p>A ocasi\u00e3o foi um momento significativo para celebrar a democracia e refor\u00e7ar o compromisso dos novos representantes com a popula\u00e7\u00e3o. Que esta nova etapa seja marcada por progresso e desenvolvimento para Pontal do Paran\u00e1!<\/p>\n\n\n\n<h1 class=\"wp-block-heading\">pontaldoparana<\/h1>\n\n\n\n<h1 class=\"wp-block-heading\">possedearma<\/h1>\n\n\n\n<h1 class=\"wp-block-heading\">executivo<\/h1>\n\n\n\n<h1 class=\"wp-block-heading\">legislativomunicipal<\/h1>\n","protected":false},"excerpt":{"rendered":"<p>No dia 1\u00ba de janeiro, ocorreu a cerim\u00f4nia de posse do Prefeito Rud\u00e3o Gimenes, da Vice-Prefeita Patricia Millo Marcomini, e dos(as) Vereadores(as) eleitos(as) para a 8\u00aa Legislatura de Pontal do Paran\u00e1. O evento, realizado no Gin\u00e1sio da Escola Amatuzzi, no Balne\u00e1rio Shangri-l\u00e1, marcou o in\u00edcio de uma nova etapa na gest\u00e3o p\u00fablica do munic\u00edpio. Os [&hellip;]<\/p>\n","protected":false},"author":2,"featured_media":62804,"comment_status":"open","ping_status":"open","sticky":false,"template":"","format":"standard","meta":{"advanced_seo_description":"","jetpack_seo_html_title":"","jetpack_seo_noindex":false,"_jetpack_memberships_contains_paid_content":false,"footnotes":""},"categories":[40,65],"tags":[],"class_list":{"0":"post-62803","1":"post","2":"type-post","3":"status-publish","4":"format-standard","5":"has-post-thumbnail","7":"category-destaques","8":"category-pontal-do-parana"},"jetpack_featured_media_url":"https:\/\/www.paranapraia.com.br\/wp-content\/uploads\/2025\/01\/IMG-20250102-WA0073-scaled.jpg","jetpack_sharing_enabled":true,"_links":{"self":[{"href":"https:\/\/www.paranapraia.com.br\/index.php\/wp-json\/wp\/v2\/posts\/62803"}],"collection":[{"href":"https:\/\/www.paranapraia.com.br\/index.php\/wp-json\/wp\/v2\/posts"}],"about":[{"href":"https:\/\/www.paranapraia.com.br\/index.php\/wp-json\/wp\/v2\/types\/post"}],"author":[{"embeddable":true,"href":"https:\/\/www.paranapraia.com.br\/index.php\/wp-json\/wp\/v2\/users\/2"}],"replies":[{"embeddable":true,"href":"https:\/\/www.paranapraia.com.br\/index.php\/wp-json\/wp\/v2\/comments?post=62803"}],"version-history":[{"count":1,"href":"https:\/\/www.paranapraia.com.br\/index.php\/wp-json\/wp\/v2\/posts\/62803\/revisions"}],"predecessor-version":[{"id":62809,"href":"https:\/\/www.paranapraia.com.br\/index.php\/wp-json\/wp\/v2\/posts\/62803\/revisions\/62809"}],"wp:featuredmedia":[{"embeddable":true,"href":"https:\/\/www.paranapraia.com.br\/index.php\/wp-json\/wp\/v2\/media\/62804"}],"wp:attachment":[{"href":"https:\/\/www.paranapraia.com.br\/index.php\/wp-json\/wp\/v2\/media?parent=62803"}],"wp:term":[{"taxonomy":"category","embeddable":true,"href":"https:\/\/www.paranapraia.com.br\/index.php\/wp-json\/wp\/v2\/categories?post=62803"},{"taxonomy":"post_tag","embeddable":true,"href":"https:\/\/www.paranapraia.com.br\/index.php\/wp-json\/wp\/v2\/tags?post=62803"}],"curies":[{"name":"wp","href":"https:\/\/api.w.org\/{rel}","templated":true}]}}