{"id":62504,"date":"2024-12-25T19:39:33","date_gmt":"2024-12-25T22:39:33","guid":{"rendered":"https:\/\/www.paranapraia.com.br\/?p=62504"},"modified":"2024-12-25T19:39:36","modified_gmt":"2024-12-25T22:39:36","slug":"transfusao-de-sangue-imediata-no-local-do-acidente-salvou-vida-de-crianca-de-5-anos","status":"publish","type":"post","link":"https:\/\/www.paranapraia.com.br\/index.php\/2024\/12\/25\/transfusao-de-sangue-imediata-no-local-do-acidente-salvou-vida-de-crianca-de-5-anos\/","title":{"rendered":"Transfus\u00e3o de sangue imediata no local do acidente salvou vida de crian\u00e7a de 5 anos"},"content":{"rendered":"\n<p>Primeira paciente pedi\u00e1trica do Paran\u00e1 a receber transfus\u00e3o de sangue no pr\u00f3prio local do acidente, a menina Maria Laura Ferraz, 5 anos, vai receber alta nesta quinta-feira (26), ap\u00f3s 14 dias internada no Hospital Universit\u00e1rio de Maring\u00e1, 12 deles na UTI. Ela vai reencontrar a m\u00e3e, Luciana, de 36 anos, que tamb\u00e9m ficou internada sete dias na UTI do mesmo hospital e recebeu alta na \u00faltima quinta-feira (19).<\/p>\n\n\n\n<p>Ambas voltavam de uma consulta m\u00e9dica da menina na cidade de Carl\u00f3polis, no dia 12 de dezembro, quando o ve\u00edculo da prefeitura de Jabuti em que estavam se envolveu em um acidente grave com outro ve\u00edculo na BR-153, perto de Ibaiti, que vitimou duas pessoas. Dois helic\u00f3pteros, al\u00e9m de uma ambul\u00e2ncia por terra, foram acionados para resgatar as v\u00edtimas. Com les\u00f5es graves no intestino, f\u00edgado e ba\u00e7o, Maria Laura n\u00e3o podia esperar: necessitava de uma transfus\u00e3o de sangue imediata para ter condi\u00e7\u00f5es de chegar ao hospital. O que foi feito na aeronave e a salvou.<\/p>\n\n\n\n<p>\u201cEsse equipamento de transfus\u00e3o de sangue no pr\u00f3prio local fez toda a diferen\u00e7a para minha filha. N\u00e3o fosse isso, minha fam\u00edlia teria um Natal com muita tristeza, chorando a perda da nossa filha. Posso dizer sem d\u00favida nenhuma que minha filha nasceu de volta gra\u00e7as a esse equipamento\u201d, comemora o pai da menina, o gerente de supermercado Josilei Ferraz, de 40 anos.<\/p>\n\n\n\n<p>O resgate de Maria Laura foi feito pela equipe do doutor Maur\u00edcio Lemos, coordenador m\u00e9dico da opera\u00e7\u00e3o aerom\u00e9dica de Maring\u00e1. Ele lembra que quando chegou ao local do acidente, o batimento card\u00edaco de Maria Laura estava muito acelerado pela perda de sangue na regi\u00e3o da barriga. \u201cAt\u00e9 ent\u00e3o, eu n\u00e3o havia transfundido nenhuma crian\u00e7a no local do acidente, apenas adultos. Mas ali n\u00e3o tinha escolha. Ou eu fazia a transfus\u00e3o de sangue, ou a menina ia morrer pela gravidade em que ela se encontrava\u201d, ressalta o m\u00e9dico, que visitou Maria Laura no hospital nesta quarta-feira (25) de Natal.&nbsp; \u201cFoi emocionante visitar essa menina, porque eu a vi morrendo e agora ela est\u00e1 pronta para voltar para casa gra\u00e7as ao procedimento que fizemos naquele momento exato\u201d, relata Lemos.<\/p>\n\n\n\n<p>Desde que o sistema foi implantado, a base de Maring\u00e1 havia realizado 42 transfus\u00f5es de sangue na aeronave que opera o sistema. Nenhuma, at\u00e9 ent\u00e3o, em crian\u00e7a. \u201cNaquele momento, avaliei todos os crit\u00e9rios t\u00e9cnicos e ela tinha condi\u00e7\u00f5es de passar pelo procedimento. Tanto que quando passei o sangue ela j\u00e1 come\u00e7ou a estabilizar, o que permitiu que cheg\u00e1ssemos at\u00e9 o hospital onde ela foi atendida\u201d, explica Lemos. &nbsp;<\/p>\n\n\n\n<p>A diretora estadual da Rede de Aten\u00e7\u00e3o \u00e0s Urg\u00eancias, Giovana Fratin, enfatiza que a hemotransfus\u00e3o maci\u00e7a \u2013 como \u00e9 chamado o processo &#8211; melhora a condi\u00e7\u00e3o do paciente at\u00e9 a chegada ao hospital de refer\u00eancia. Portanto, \u00e9 muitas vezes a diferen\u00e7a entre a vida e a morte do paciente. \u201cS\u00e3o muitas a\u00e7\u00f5es dentro de uma estrat\u00e9gia de aten\u00e7\u00e3o \u00e0 sa\u00fade, realizada pelo governo do Paran\u00e1, entre elas esse caso da hemotransfus\u00e3o no pr\u00e9-hospitalar\u201d, aponta.<\/p>\n\n\n\n<p><strong>SERVI\u00c7O AEROM\u00c9DICO &#8211;&nbsp;<\/strong>O atendimento aerom\u00e9dico do Paran\u00e1 \u00e9 reconhecido nacionalmente. Operado pelo Sistema Estadual de Regula\u00e7\u00e3o de Urg\u00eancia, cobre todo o estado com cinco bases estrat\u00e9gicas localizadas em Curitiba, Cascavel, Londrina, Maring\u00e1 e Ponta Grossa.<\/p>\n\n\n\n<p>Al\u00e9m de atender v\u00edtimas de trauma, o servi\u00e7o realiza transporte de \u00f3rg\u00e3os para transplantes, sendo uma pe\u00e7a-chave no sistema de sa\u00fade estadual.<\/p>\n\n\n\n<p>A base de Maring\u00e1 tamb\u00e9m se destaca por ser a primeira do Paran\u00e1 a empregar hemotransfus\u00e3o em v\u00edtimas graves diretamente na cena de trauma.<\/p>\n\n\n\n<p>At\u00e9 novembro, o servi\u00e7o aerom\u00e9dico do Paran\u00e1 havia atendido 3.292 pacientes no ano de 2024. Em 2023,&nbsp;<a href=\"https:\/\/www.aen.pr.gov.br\/Noticia\/Servico-aeromedico-do-Parana-bate-recorde-historico-em-2023-com-mais-de-4-mil-atendimentos\" target=\"_blank\" rel=\"noreferrer noopener\">o estado registrou um recorde hist\u00f3rico<\/a>, com 4.003 atendimentos. Al\u00e9m de resgates e transfer\u00eancias, esses n\u00fameros incluem o transporte de \u00f3rg\u00e3os, refor\u00e7ando o papel essencial do servi\u00e7o na sa\u00fade p\u00fablica.<\/p>\n\n\n\n<p>\u201cSob a lideran\u00e7a do governador Ratinho Junior, estamos alcan\u00e7ando marcas hist\u00f3ricas na rede de cuidado em urg\u00eancia e emerg\u00eancia do Paran\u00e1. H\u00e1 dois anos, esse esfor\u00e7o nos levou a atingir a cobertura total do territ\u00f3rio paranaense pelo Samu. Esse resultado assegura um atendimento \u00e1gil e eficiente, refor\u00e7ando nosso compromisso com a miss\u00e3o de salvar vidas\u201d, destaca o secret\u00e1rio de Sa\u00fade do Estado, Beto Preto.<\/p>\n\n\n\n<p>AEN<\/p>\n","protected":false},"excerpt":{"rendered":"<p>Primeira paciente pedi\u00e1trica do Paran\u00e1 a receber transfus\u00e3o de sangue no pr\u00f3prio local do acidente, a menina Maria Laura Ferraz, 5 anos, vai receber alta nesta quinta-feira (26), ap\u00f3s 14 dias internada no Hospital Universit\u00e1rio de Maring\u00e1, 12 deles na UTI. Ela vai reencontrar a m\u00e3e, Luciana, de 36 anos, que tamb\u00e9m ficou internada sete [&hellip;]<\/p>\n","protected":false},"author":2,"featured_media":62505,"comment_status":"open","ping_status":"open","sticky":false,"template":"","format":"standard","meta":{"advanced_seo_description":"","jetpack_seo_html_title":"","jetpack_seo_noindex":false,"_jetpack_memberships_contains_paid_content":false,"footnotes":""},"categories":[40,50],"tags":[487,811],"class_list":{"0":"post-62504","1":"post","2":"type-post","3":"status-publish","4":"format-standard","5":"has-post-thumbnail","7":"category-destaques","8":"category-saude","9":"tag-parana-2","10":"tag-transfusao-no-local"},"jetpack_featured_media_url":"https:\/\/www.paranapraia.com.br\/wp-content\/uploads\/2024\/12\/whatsapp_image_2024-12-25_at_17.47.57_1-scaled.jpg","jetpack_sharing_enabled":true,"_links":{"self":[{"href":"https:\/\/www.paranapraia.com.br\/index.php\/wp-json\/wp\/v2\/posts\/62504"}],"collection":[{"href":"https:\/\/www.paranapraia.com.br\/index.php\/wp-json\/wp\/v2\/posts"}],"about":[{"href":"https:\/\/www.paranapraia.com.br\/index.php\/wp-json\/wp\/v2\/types\/post"}],"author":[{"embeddable":true,"href":"https:\/\/www.paranapraia.com.br\/index.php\/wp-json\/wp\/v2\/users\/2"}],"replies":[{"embeddable":true,"href":"https:\/\/www.paranapraia.com.br\/index.php\/wp-json\/wp\/v2\/comments?post=62504"}],"version-history":[{"count":1,"href":"https:\/\/www.paranapraia.com.br\/index.php\/wp-json\/wp\/v2\/posts\/62504\/revisions"}],"predecessor-version":[{"id":62506,"href":"https:\/\/www.paranapraia.com.br\/index.php\/wp-json\/wp\/v2\/posts\/62504\/revisions\/62506"}],"wp:featuredmedia":[{"embeddable":true,"href":"https:\/\/www.paranapraia.com.br\/index.php\/wp-json\/wp\/v2\/media\/62505"}],"wp:attachment":[{"href":"https:\/\/www.paranapraia.com.br\/index.php\/wp-json\/wp\/v2\/media?parent=62504"}],"wp:term":[{"taxonomy":"category","embeddable":true,"href":"https:\/\/www.paranapraia.com.br\/index.php\/wp-json\/wp\/v2\/categories?post=62504"},{"taxonomy":"post_tag","embeddable":true,"href":"https:\/\/www.paranapraia.com.br\/index.php\/wp-json\/wp\/v2\/tags?post=62504"}],"curies":[{"name":"wp","href":"https:\/\/api.w.org\/{rel}","templated":true}]}}