{"id":62499,"date":"2024-12-25T13:34:30","date_gmt":"2024-12-25T16:34:30","guid":{"rendered":"https:\/\/www.paranapraia.com.br\/?p=62499"},"modified":"2024-12-25T13:34:33","modified_gmt":"2024-12-25T16:34:33","slug":"centro-de-saude-publica-de-precisao-avanca-com-pesquisas-geneticas-ja-em-andamento","status":"publish","type":"post","link":"https:\/\/www.paranapraia.com.br\/index.php\/2024\/12\/25\/centro-de-saude-publica-de-precisao-avanca-com-pesquisas-geneticas-ja-em-andamento\/","title":{"rendered":"Centro de Sa\u00fade P\u00fablica de Precis\u00e3o avan\u00e7a com pesquisas gen\u00e9ticas j\u00e1 em andamento"},"content":{"rendered":"\n<p>O Centro de Sa\u00fade P\u00fablica de Precis\u00e3o encerra o ano de 2024 com um importante avan\u00e7o na \u00e1rea: o in\u00edcio das pesquisas cient\u00edficas em estudos gen\u00e9ticos e com a perspectiva de come\u00e7ar, j\u00e1 em 2025, a realizar o sequenciamento gen\u00e9tico da popula\u00e7\u00e3o brasileira com finalidade de pesquisa e diagn\u00f3stico de doen\u00e7as raras e c\u00e2ncer.<\/p>\n\n\n\n<p>Instalado no Parque Tecnol\u00f3gico da Sa\u00fade, na Cidade Industrial de Curitiba (CIC), o Centro de Sa\u00fade P\u00fablica de Precis\u00e3o recebeu equipamentos avan\u00e7ados, que dar\u00e3o suporte para o in\u00edcio dos trabalhos da unidade. O Centro \u00e9 uma iniciativa do Instituto de Tecnologia do Paran\u00e1 (Tecpar), do Instituto Carlos Chagas (ICC\/Fiocruz Paran\u00e1) e do Instituto de Biologia Molecular do Paran\u00e1 (IBMP).<\/p>\n\n\n\n<p>O investimento do Tecpar totaliza mais de R$ 7 milh\u00f5es, entre recursos pr\u00f3prios e do Fundo Paran\u00e1.<\/p>\n\n\n\n<p>Em uma das frentes de pesquisa, a unidade est\u00e1 sendo preparada para iniciar a sua atua\u00e7\u00e3o dentro do Programa Nacional de Gen\u00f4mica e Sa\u00fade de Precis\u00e3o \u2013 Genomas Brasil. Criado pelo Minist\u00e9rio da Sa\u00fade com o objetivo de desenvolver sequenciamento gen\u00f4mico para diagn\u00f3stico e tratamentos, o Genoma Brasil conta com a participa\u00e7\u00e3o do Centro de Sa\u00fade P\u00fablica de Precis\u00e3o como um dos centros de pesquisa.<\/p>\n\n\n\n<p>AEN<\/p>\n","protected":false},"excerpt":{"rendered":"<p>O Centro de Sa\u00fade P\u00fablica de Precis\u00e3o encerra o ano de 2024 com um importante avan\u00e7o na \u00e1rea: o in\u00edcio das pesquisas cient\u00edficas em estudos gen\u00e9ticos e com a perspectiva de come\u00e7ar, j\u00e1 em 2025, a realizar o sequenciamento gen\u00e9tico da popula\u00e7\u00e3o brasileira com finalidade de pesquisa e diagn\u00f3stico de doen\u00e7as raras e c\u00e2ncer. Instalado [&hellip;]<\/p>\n","protected":false},"author":2,"featured_media":62500,"comment_status":"open","ping_status":"open","sticky":false,"template":"","format":"standard","meta":{"advanced_seo_description":"","jetpack_seo_html_title":"","jetpack_seo_noindex":false,"_jetpack_memberships_contains_paid_content":false,"footnotes":""},"categories":[121],"tags":[],"class_list":{"0":"post-62499","1":"post","2":"type-post","3":"status-publish","4":"format-standard","5":"has-post-thumbnail","7":"category-tecnologia-2"},"jetpack_featured_media_url":"https:\/\/www.paranapraia.com.br\/wp-content\/uploads\/2024\/12\/centro_de_saude_publica_de_precisao_1-scaled.jpg","jetpack_sharing_enabled":true,"_links":{"self":[{"href":"https:\/\/www.paranapraia.com.br\/index.php\/wp-json\/wp\/v2\/posts\/62499"}],"collection":[{"href":"https:\/\/www.paranapraia.com.br\/index.php\/wp-json\/wp\/v2\/posts"}],"about":[{"href":"https:\/\/www.paranapraia.com.br\/index.php\/wp-json\/wp\/v2\/types\/post"}],"author":[{"embeddable":true,"href":"https:\/\/www.paranapraia.com.br\/index.php\/wp-json\/wp\/v2\/users\/2"}],"replies":[{"embeddable":true,"href":"https:\/\/www.paranapraia.com.br\/index.php\/wp-json\/wp\/v2\/comments?post=62499"}],"version-history":[{"count":1,"href":"https:\/\/www.paranapraia.com.br\/index.php\/wp-json\/wp\/v2\/posts\/62499\/revisions"}],"predecessor-version":[{"id":62501,"href":"https:\/\/www.paranapraia.com.br\/index.php\/wp-json\/wp\/v2\/posts\/62499\/revisions\/62501"}],"wp:featuredmedia":[{"embeddable":true,"href":"https:\/\/www.paranapraia.com.br\/index.php\/wp-json\/wp\/v2\/media\/62500"}],"wp:attachment":[{"href":"https:\/\/www.paranapraia.com.br\/index.php\/wp-json\/wp\/v2\/media?parent=62499"}],"wp:term":[{"taxonomy":"category","embeddable":true,"href":"https:\/\/www.paranapraia.com.br\/index.php\/wp-json\/wp\/v2\/categories?post=62499"},{"taxonomy":"post_tag","embeddable":true,"href":"https:\/\/www.paranapraia.com.br\/index.php\/wp-json\/wp\/v2\/tags?post=62499"}],"curies":[{"name":"wp","href":"https:\/\/api.w.org\/{rel}","templated":true}]}}