{"id":62437,"date":"2024-12-23T09:15:29","date_gmt":"2024-12-23T12:15:29","guid":{"rendered":"https:\/\/www.paranapraia.com.br\/?p=62437"},"modified":"2024-12-23T09:15:33","modified_gmt":"2024-12-23T12:15:33","slug":"policia-penal-intensifica-fiscalizacao-de-monitorados-com-tornozeleira-eletronica-no-verao","status":"publish","type":"post","link":"https:\/\/www.paranapraia.com.br\/index.php\/2024\/12\/23\/policia-penal-intensifica-fiscalizacao-de-monitorados-com-tornozeleira-eletronica-no-verao\/","title":{"rendered":"Pol\u00edcia Penal intensifica fiscaliza\u00e7\u00e3o de monitorados com tornozeleira eletr\u00f4nica no ver\u00e3o"},"content":{"rendered":"\n<p>A Pol\u00edcia Penal do Paran\u00e1 (PPPR) segue com a\u00e7\u00f5es intensivas de fiscaliza\u00e7\u00e3o j\u00e1 antes do in\u00edcio Ver\u00e3o Maior Paran\u00e1 2024\/2025 para garantir a seguran\u00e7a nas \u00e1reas litor\u00e2neas do Estado. Desde o in\u00edcio da opera\u00e7\u00e3o, em 13 de dezembro, apenados monitorados por tornozeleira eletr\u00f4nica, residentes na \u00e1rea de abrang\u00eancia da opera\u00e7\u00e3o, t\u00eam sido acompanhados de perto pelas equipes da Divis\u00e3o de Monitora\u00e7\u00e3o Eletr\u00f4nica (DME), respons\u00e1vel pela supervis\u00e3o dessas pessoas.<\/p>\n\n\n\n<p>O acompanhamento rigoroso tem se mostrado essencial para garantir que os apenados cumpram as condi\u00e7\u00f5es estabelecidas pela Justi\u00e7a, al\u00e9m de proporcionar maior controle sobre a circula\u00e7\u00e3o desses indiv\u00edduos nas \u00e1reas de risco.<\/p>\n\n\n\n<p>O coordenador da DME, Cl\u00e1udio Xavier, destacou que o plano de a\u00e7\u00e3o da unidade para a Ver\u00e3o Maior Paran\u00e1 envolve a intensifica\u00e7\u00e3o das fiscaliza\u00e7\u00f5es, com o uso de duas unidades m\u00f3veis especialmente equipadas.<\/p>\n\n\n\n<p>\u201cAs unidades m\u00f3veis s\u00e3o uma ferramenta crucial, pois oferecem uma estrutura completa para o atendimento e fiscaliza\u00e7\u00e3o em tempo real. Elas garantem que as opera\u00e7\u00f5es sejam executadas de forma eficiente e r\u00e1pida, com o uso de tecnologia de ponta\u201d, explicou.<\/p>\n\n\n\n<p>As unidades m\u00f3veis s\u00e3o equipadas com internet embarcada, sistemas virtuais, computadores, impressoras, televisores de alta defini\u00e7\u00e3o e ar-condicionado, proporcionando um ambiente adequado para a realiza\u00e7\u00e3o de qualquer procedimento necess\u00e1rio, diretamente no local da abordagem.<\/p>\n\n\n\n<p>Com essa infraestrutura, a fiscaliza\u00e7\u00e3o ser\u00e1 mais \u00e1gil e precisa, permitindo o monitoramento dos residentes em Antonina, Guaratuba, Matinhos, Morretes, Paranagu\u00e1 e Pontal do Paran\u00e1. Al\u00e9m disso, a DME atuar\u00e1 na fiscaliza\u00e7\u00e3o de pessoas de outras regi\u00f5es do Estado que se desloquem para o Litoral durante a temporada.<\/p>\n\n\n\n<p>Al\u00e9m das unidades m\u00f3veis, a Pol\u00edcia Penal do Paran\u00e1 mant\u00e9m postos fixos de atendimento em Guaratuba e Paranagu\u00e1, fortalecendo a presen\u00e7a da fiscaliza\u00e7\u00e3o. Essas iniciativas, que envolvem a parceria e integra\u00e7\u00e3o com outras for\u00e7as de seguran\u00e7a, refor\u00e7am o compromisso do Estado em manter a ordem p\u00fablica durante a temporada.<\/p>\n\n\n\n<p>\u201cA monitora\u00e7\u00e3o eletr\u00f4nica \u00e9 essencial no Ver\u00e3o Maior Paran\u00e1, integrando for\u00e7as policiais no que diz respeito ao cumprimento de mandados de pris\u00e3o, na fiscaliza\u00e7\u00e3o quanto aos hor\u00e1rios autorizados para circula\u00e7\u00e3o e nos informativos de descumprimentos ao judici\u00e1rio, prevenindo delitos e fortalecendo a seguran\u00e7a da popula\u00e7\u00e3o\u201d, explica a policial penal Tayon\u00e1 Cristina Gomes, que atua no Centro de Controle de Opera\u00e7\u00f5es (CCO).<\/p>\n\n\n\n<p>AEN<\/p>\n","protected":false},"excerpt":{"rendered":"<p>A Pol\u00edcia Penal do Paran\u00e1 (PPPR) segue com a\u00e7\u00f5es intensivas de fiscaliza\u00e7\u00e3o j\u00e1 antes do in\u00edcio Ver\u00e3o Maior Paran\u00e1 2024\/2025 para garantir a seguran\u00e7a nas \u00e1reas litor\u00e2neas do Estado. Desde o in\u00edcio da opera\u00e7\u00e3o, em 13 de dezembro, apenados monitorados por tornozeleira eletr\u00f4nica, residentes na \u00e1rea de abrang\u00eancia da opera\u00e7\u00e3o, t\u00eam sido acompanhados de perto [&hellip;]<\/p>\n","protected":false},"author":2,"featured_media":62438,"comment_status":"open","ping_status":"open","sticky":false,"template":"","format":"standard","meta":{"advanced_seo_description":"","jetpack_seo_html_title":"","jetpack_seo_noindex":false,"_jetpack_memberships_contains_paid_content":false,"footnotes":""},"categories":[40,91,802],"tags":[],"class_list":{"0":"post-62437","1":"post","2":"type-post","3":"status-publish","4":"format-standard","5":"has-post-thumbnail","7":"category-destaques","8":"category-litoral","9":"category-seguranca"},"jetpack_featured_media_url":"https:\/\/www.paranapraia.com.br\/wp-content\/uploads\/2024\/12\/dme1-scaled.jpg","jetpack_sharing_enabled":true,"_links":{"self":[{"href":"https:\/\/www.paranapraia.com.br\/index.php\/wp-json\/wp\/v2\/posts\/62437"}],"collection":[{"href":"https:\/\/www.paranapraia.com.br\/index.php\/wp-json\/wp\/v2\/posts"}],"about":[{"href":"https:\/\/www.paranapraia.com.br\/index.php\/wp-json\/wp\/v2\/types\/post"}],"author":[{"embeddable":true,"href":"https:\/\/www.paranapraia.com.br\/index.php\/wp-json\/wp\/v2\/users\/2"}],"replies":[{"embeddable":true,"href":"https:\/\/www.paranapraia.com.br\/index.php\/wp-json\/wp\/v2\/comments?post=62437"}],"version-history":[{"count":1,"href":"https:\/\/www.paranapraia.com.br\/index.php\/wp-json\/wp\/v2\/posts\/62437\/revisions"}],"predecessor-version":[{"id":62439,"href":"https:\/\/www.paranapraia.com.br\/index.php\/wp-json\/wp\/v2\/posts\/62437\/revisions\/62439"}],"wp:featuredmedia":[{"embeddable":true,"href":"https:\/\/www.paranapraia.com.br\/index.php\/wp-json\/wp\/v2\/media\/62438"}],"wp:attachment":[{"href":"https:\/\/www.paranapraia.com.br\/index.php\/wp-json\/wp\/v2\/media?parent=62437"}],"wp:term":[{"taxonomy":"category","embeddable":true,"href":"https:\/\/www.paranapraia.com.br\/index.php\/wp-json\/wp\/v2\/categories?post=62437"},{"taxonomy":"post_tag","embeddable":true,"href":"https:\/\/www.paranapraia.com.br\/index.php\/wp-json\/wp\/v2\/tags?post=62437"}],"curies":[{"name":"wp","href":"https:\/\/api.w.org\/{rel}","templated":true}]}}