{"id":6239,"date":"2019-04-12T13:08:10","date_gmt":"2019-04-12T16:08:10","guid":{"rendered":"https:\/\/www.paranapraia.com.br\/?p=6239"},"modified":"2019-04-12T13:08:11","modified_gmt":"2019-04-12T16:08:11","slug":"economia-em-ritmo-lento-deve-levar-governo-a-prever-rombo-maior-em-2020","status":"publish","type":"post","link":"https:\/\/www.paranapraia.com.br\/index.php\/2019\/04\/12\/economia-em-ritmo-lento-deve-levar-governo-a-prever-rombo-maior-em-2020\/","title":{"rendered":"Economia em ritmo lento deve levar governo a prever rombo maior em 2020"},"content":{"rendered":"\n<h4 class=\"wp-block-heading\">Na vis\u00e3o do governo, a mudan\u00e7a na previs\u00e3o para o ano que vem ser\u00e1 um alerta adicional para a reforma da Previd\u00eancia<\/h4>\n\n\n\n<p>Com a piora do cen\u00e1rio de crescimento econ\u00f4mico e da arrecada\u00e7\u00e3o do Pa\u00eds, o governo deve rever, para pior, a meta fiscal para o ano que vem. At\u00e9 agora, a equipe econ\u00f4mica vinha trabalhando com a possibilidade de um d\u00e9ficit de at\u00e9 R$ 110 bilh\u00f5es em 2020. Estimativas preliminares apontam, por\u00e9m, para um rombo de R$ 10 bilh\u00f5es a R$ 15 bilh\u00f5es maior. Para este ano, a proje\u00e7\u00e3o \u00e9 de um rombo de at\u00e9 R$ 139 bilh\u00f5es.<\/p>\n\n\n\n<p>Na vis\u00e3o do governo, a mudan\u00e7a na previs\u00e3o para o ano que vem, que deve ser anunciada na segunda-feira, ser\u00e1 um alerta adicional para a necessidade de aprova\u00e7\u00e3o da reforma da Previd\u00eancia. Na \u00e1rea econ\u00f4mica, fontes avaliam que, sem a reforma (cujo impacto nas contas n\u00e3o pode ser contabilizado nas proje\u00e7\u00f5es oficiais), o quadro de d\u00e9ficits pode se estender at\u00e9 o \u00faltimo ano de mandato do presidente Jair Bolsonaro, em 2022.<\/p>\n\n\n\n<p>O cen\u00e1rio mostra a dificuldade de cumprir o objetivo do ministro da Economia, Paulo Guedes, anunciado durante a campanha, de zerar o d\u00e9ficit ainda no primeiro ano da gest\u00e3o. Em entrevista concedida ao Estado em mar\u00e7o, Guedes ainda afirmou que iria \u201cfazer o imposs\u00edvel\u201d para atingir essa meta de zerar o d\u00e9ficit.<\/p>\n\n\n\n<p>Por outro lado, as metas que ser\u00e3o divulgadas na pr\u00f3xima segunda-feira devem manter a diretriz de redu\u00e7\u00e3o do rombo ano a ano. At\u00e9 ent\u00e3o, o indicativo para 2021 era de um d\u00e9ficit de R$ 70 bilh\u00f5es, segundo a Lei de Diretrizes Or\u00e7ament\u00e1rias (LDO) deste ano. As proje\u00e7\u00f5es para 2022 ser\u00e3o in\u00e9ditas, mas a avalia\u00e7\u00e3o preliminar \u00e9 de que ser\u00e1 poss\u00edvel reduzir o rombo para cerca de metade do valor do ano anterior.<\/p>\n\n\n\n<p>As novas metas estipuladas pelo governo n\u00e3o incluem a previs\u00e3o de ingresso de bilh\u00f5es em recursos com o megaleil\u00e3o de petr\u00f3leo do pr\u00e9-sal. O leil\u00e3o est\u00e1 marcado para 28 de outubro, mas t\u00e9cnicos creem que a melhor estrat\u00e9gia seria deixar esse dinheiro para os pr\u00f3ximos anos e n\u00e3o mexer na meta fiscal agora. A previs\u00e3o do governo \u00e9 que o dinheiro entre nos cofres da Uni\u00e3o em dezembro, mas esse cronograma \u00e9 considerado apertado e n\u00e3o leva em conta riscos associados ao processo de venda de ativos.<\/p>\n\n\n\n<p><strong>Sal\u00e1rio m\u00ednimo<\/strong><\/p>\n\n\n\n<p>Para tentar conter o ritmo de crescimento das despesas, o governo deve enviar sua proposta de LDO sem reajuste real do sal\u00e1rio m\u00ednimo, apenas com a recomposi\u00e7\u00e3o pela infla\u00e7\u00e3o. A decis\u00e3o marca o fim da pol\u00edtica de valoriza\u00e7\u00e3o real do sal\u00e1rio m\u00ednimo, iniciada no governo do ex-presidente Luiz In\u00e1cio Lula da Silva.<\/p>\n\n\n\n<p>No relat\u00f3rio bimestral de mar\u00e7o, a equipe econ\u00f4mica previu que o \u00edndice que reajusta o piso nacional deve ficar em 4,2% este ano, o que resultaria num valor pr\u00f3ximo a R$ 1.040. Pela regra antiga, o valor poderia ficar em R$ 1.051.As informa\u00e7\u00f5es s\u00e3o do jornal .<\/p>\n\n\n\n<p>BandaB<\/p>\n","protected":false},"excerpt":{"rendered":"<p>Na vis\u00e3o do governo, a mudan\u00e7a na previs\u00e3o para o ano que vem ser\u00e1 um alerta adicional para a reforma da Previd\u00eancia Com a piora do cen\u00e1rio de crescimento econ\u00f4mico e da arrecada\u00e7\u00e3o do Pa\u00eds, o governo deve rever, para pior, a meta fiscal para o ano que vem. At\u00e9 agora, a equipe econ\u00f4mica vinha [&hellip;]<\/p>\n","protected":false},"author":2,"featured_media":6240,"comment_status":"open","ping_status":"open","sticky":false,"template":"","format":"standard","meta":{"advanced_seo_description":"","jetpack_seo_html_title":"","jetpack_seo_noindex":false,"_jetpack_memberships_contains_paid_content":false,"footnotes":""},"categories":[32],"tags":[],"class_list":{"0":"post-6239","1":"post","2":"type-post","3":"status-publish","4":"format-standard","5":"has-post-thumbnail","7":"category-politica"},"jetpack_featured_media_url":"https:\/\/www.paranapraia.com.br\/wp-content\/uploads\/2019\/04\/la.jpeg","jetpack_sharing_enabled":true,"_links":{"self":[{"href":"https:\/\/www.paranapraia.com.br\/index.php\/wp-json\/wp\/v2\/posts\/6239"}],"collection":[{"href":"https:\/\/www.paranapraia.com.br\/index.php\/wp-json\/wp\/v2\/posts"}],"about":[{"href":"https:\/\/www.paranapraia.com.br\/index.php\/wp-json\/wp\/v2\/types\/post"}],"author":[{"embeddable":true,"href":"https:\/\/www.paranapraia.com.br\/index.php\/wp-json\/wp\/v2\/users\/2"}],"replies":[{"embeddable":true,"href":"https:\/\/www.paranapraia.com.br\/index.php\/wp-json\/wp\/v2\/comments?post=6239"}],"version-history":[{"count":1,"href":"https:\/\/www.paranapraia.com.br\/index.php\/wp-json\/wp\/v2\/posts\/6239\/revisions"}],"predecessor-version":[{"id":6241,"href":"https:\/\/www.paranapraia.com.br\/index.php\/wp-json\/wp\/v2\/posts\/6239\/revisions\/6241"}],"wp:featuredmedia":[{"embeddable":true,"href":"https:\/\/www.paranapraia.com.br\/index.php\/wp-json\/wp\/v2\/media\/6240"}],"wp:attachment":[{"href":"https:\/\/www.paranapraia.com.br\/index.php\/wp-json\/wp\/v2\/media?parent=6239"}],"wp:term":[{"taxonomy":"category","embeddable":true,"href":"https:\/\/www.paranapraia.com.br\/index.php\/wp-json\/wp\/v2\/categories?post=6239"},{"taxonomy":"post_tag","embeddable":true,"href":"https:\/\/www.paranapraia.com.br\/index.php\/wp-json\/wp\/v2\/tags?post=6239"}],"curies":[{"name":"wp","href":"https:\/\/api.w.org\/{rel}","templated":true}]}}