{"id":6229,"date":"2019-04-12T13:03:09","date_gmt":"2019-04-12T16:03:09","guid":{"rendered":"https:\/\/www.paranapraia.com.br\/?p=6229"},"modified":"2019-04-12T13:03:10","modified_gmt":"2019-04-12T16:03:10","slug":"petrobras-tem-forte-queda-na-bolsa-apos-recuo-de-bolsonaro","status":"publish","type":"post","link":"https:\/\/www.paranapraia.com.br\/index.php\/2019\/04\/12\/petrobras-tem-forte-queda-na-bolsa-apos-recuo-de-bolsonaro\/","title":{"rendered":"Petrobras tem forte queda na Bolsa ap\u00f3s recuo de Bolsonaro"},"content":{"rendered":"\n<h4 class=\"wp-block-heading\">O mercado financeiro entendeu o recuo como uma interfer\u00eancia do governo de Jair Bolsonaro (PSL) na estatal, algo que foi duramente criticado durante a gest\u00e3o de Dilma Rousseff<\/h4>\n\n\n\n<p>As a\u00e7\u00f5es da Petrobras abriram em queda de mais de 5% nesta sexta-feira (12), reflexo da decis\u00e3o da companhia de suspender o reajuste no pre\u00e7o do diesel horas depois de anunci\u00e1-lo, na quinta (11).<\/p>\n\n\n\n<p>O mercado financeiro entendeu o recuo como uma interfer\u00eancia do governo de Jair Bolsonaro (PSL) na estatal, algo que foi duramente criticado durante a gest\u00e3o de Dilma Rousseff (PT).<\/p>\n\n\n\n<p>Em nota, a corretora Guide escreveu que \u201co governo est\u00e1 fazendo exatamente aquilo que ele mais cr\u00edtica. Al\u00e9m de ir completamente ao contr\u00e1rio do que pensa o ministro da economia Paulo Guedes\u201d.<\/p>\n\n\n\n<p>A corretora considerou a decis\u00e3o errada e baseada apenas no medo de uma nova paralisa\u00e7\u00e3o dos caminhoneiros em um momento em que o governo est\u00e1 fragilizado.<\/p>\n\n\n\n<p>\u201cBolsonaro pode at\u00e9 acertar no curto prazo, ao evitar uma nova greve dos caminhoneiros, dado a sua popularidade baixa e um complexo cen\u00e1rio na negocia\u00e7\u00e3o da Previd\u00eancia. Por\u00e9m, precisa sinalizar, rapidamente, que n\u00e3o ir\u00e1 sentar em cima dos pre\u00e7os da Petrobras\u201d, dizem os analistas da Guide.<br>Com o forte peso da Petrobras no Ibovespa, o \u00edndice recua e perde o patamar de 94 mil pontos.<\/p>\n\n\n\n<p>A pol\u00edtica de reajuste no pre\u00e7o dos combust\u00edveis da Petrobras foi adotada durante a gest\u00e3o de Pedro Parente, que assumiu a companhia no governo Temer. Levava em considera\u00e7\u00e3o as cota\u00e7\u00f5es internacionais do petr\u00f3leo e o d\u00f3lar.<\/p>\n\n\n\n<p>O sistema entrou em xeque, por\u00e9m, quando os pre\u00e7os do combust\u00edvel dispararam e caminhoneiros organizaram paralisa\u00e7\u00e3o que se estendeu por mais de uma semana, em maio do ano passado.<\/p>\n\n\n\n<p>Em junho, Parente deixou a companhia e foi sucedido por Ivan Monteiro. Atualmente a estatal \u00e9 comandada por Roberto Castello Branco, escolhido por Bolsonaro.<\/p>\n\n\n\n<p>BandaB<\/p>\n","protected":false},"excerpt":{"rendered":"<p>O mercado financeiro entendeu o recuo como uma interfer\u00eancia do governo de Jair Bolsonaro (PSL) na estatal, algo que foi duramente criticado durante a gest\u00e3o de Dilma Rousseff As a\u00e7\u00f5es da Petrobras abriram em queda de mais de 5% nesta sexta-feira (12), reflexo da decis\u00e3o da companhia de suspender o reajuste no pre\u00e7o do diesel [&hellip;]<\/p>\n","protected":false},"author":2,"featured_media":6230,"comment_status":"open","ping_status":"open","sticky":false,"template":"","format":"standard","meta":{"advanced_seo_description":"","jetpack_seo_html_title":"","jetpack_seo_noindex":false,"_jetpack_memberships_contains_paid_content":false,"footnotes":""},"categories":[32],"tags":[],"class_list":{"0":"post-6229","1":"post","2":"type-post","3":"status-publish","4":"format-standard","5":"has-post-thumbnail","7":"category-politica"},"jetpack_featured_media_url":"https:\/\/www.paranapraia.com.br\/wp-content\/uploads\/2019\/04\/petrobras-768x491.jpg","jetpack_sharing_enabled":true,"_links":{"self":[{"href":"https:\/\/www.paranapraia.com.br\/index.php\/wp-json\/wp\/v2\/posts\/6229"}],"collection":[{"href":"https:\/\/www.paranapraia.com.br\/index.php\/wp-json\/wp\/v2\/posts"}],"about":[{"href":"https:\/\/www.paranapraia.com.br\/index.php\/wp-json\/wp\/v2\/types\/post"}],"author":[{"embeddable":true,"href":"https:\/\/www.paranapraia.com.br\/index.php\/wp-json\/wp\/v2\/users\/2"}],"replies":[{"embeddable":true,"href":"https:\/\/www.paranapraia.com.br\/index.php\/wp-json\/wp\/v2\/comments?post=6229"}],"version-history":[{"count":1,"href":"https:\/\/www.paranapraia.com.br\/index.php\/wp-json\/wp\/v2\/posts\/6229\/revisions"}],"predecessor-version":[{"id":6231,"href":"https:\/\/www.paranapraia.com.br\/index.php\/wp-json\/wp\/v2\/posts\/6229\/revisions\/6231"}],"wp:featuredmedia":[{"embeddable":true,"href":"https:\/\/www.paranapraia.com.br\/index.php\/wp-json\/wp\/v2\/media\/6230"}],"wp:attachment":[{"href":"https:\/\/www.paranapraia.com.br\/index.php\/wp-json\/wp\/v2\/media?parent=6229"}],"wp:term":[{"taxonomy":"category","embeddable":true,"href":"https:\/\/www.paranapraia.com.br\/index.php\/wp-json\/wp\/v2\/categories?post=6229"},{"taxonomy":"post_tag","embeddable":true,"href":"https:\/\/www.paranapraia.com.br\/index.php\/wp-json\/wp\/v2\/tags?post=6229"}],"curies":[{"name":"wp","href":"https:\/\/api.w.org\/{rel}","templated":true}]}}