{"id":6226,"date":"2019-04-12T13:00:20","date_gmt":"2019-04-12T16:00:20","guid":{"rendered":"https:\/\/www.paranapraia.com.br\/?p=6226"},"modified":"2019-04-12T13:00:22","modified_gmt":"2019-04-12T16:00:22","slug":"suspeito-de-agredir-e-ameacar-ex-mulher-e-espancado-pela-populacao","status":"publish","type":"post","link":"https:\/\/www.paranapraia.com.br\/index.php\/2019\/04\/12\/suspeito-de-agredir-e-ameacar-ex-mulher-e-espancado-pela-populacao\/","title":{"rendered":"Suspeito de agredir e amea\u00e7ar ex-mulher \u00e9 espancado pela popula\u00e7\u00e3o"},"content":{"rendered":"\n<p>Um homem suspeito de agredir e amea\u00e7ar a ex-mulher, com quem morava em Santa Catarina, foi espancado pela popula\u00e7\u00e3o na manh\u00e3 desta sexta-feira (12), no bairro S\u00edtio Cercado, em Curitiba. O caso veio \u00e0 tona nesta quinta-feira (11), ap\u00f3s a v\u00edtima e sua fam\u00edlia denunciarem as amea\u00e7as que v\u00eam sofrendo desde a separa\u00e7\u00e3o do casal, que aconteceu h\u00e1 um m\u00eas.<\/p>\n\n\n\n<p>Suellen Alves Correa, de 23 anos, relatou \u00e0 reportagem da\u00a0Rede Massa\u00a0o inferno que estava vivendo ao lado do marido, Luiz Daniel, 34, com quem se relacionava h\u00e1 aproximadamente um ano. \u201cDurante o namoro, o tempo que a gente estava se conhecendo, ele era uma pessoa excelente, atenciosa, gentil, educada. Tratava bem a mim e a minha fam\u00edlia, n\u00e3o tinha nem o que falar, na verdade. Foi at\u00e9 o momento de casar mesmo que tudo mudou, a partir do momento que eu \u2018estava dentro da casa\u2019, tudo mudou\u201d, disse.<\/p>\n\n\n\n<p>O casal namorou por aproximadamente seis meses e, ent\u00e3o, casou e foi morar junto em Santa Catarina, local em que as agress\u00f5es come\u00e7aram a acontecer. \u201cEle come\u00e7ava a pegar forte pelo meu bra\u00e7o, para me arrastar, me empurrava, colocava a faca no meu rosto dizendo que eu ia morrer, que ele ia me matar, que era para eu pedir miseric\u00f3rdia\u201d, relembrou Suellen. Em uma das amea\u00e7as, o homem chegou a usar uma barra de ferro contra a esposa.<\/p>\n\n\n\n<p>Al\u00e9m das agress\u00f5es e amea\u00e7as, a v\u00edtima tamb\u00e9m foi proibida de manter contato com a fam\u00edlia. \u201cUm problema no servi\u00e7o, um copo fora do lugar, uma roupa que eu colocava e ele n\u00e3o gostava&#8230; tudo. Falar com a minha m\u00e3e era extremamente proibido, se minha m\u00e3e me ligasse era motivo para uma briga muito s\u00e9ria\u201d, explicou. A irm\u00e3 de Suellen notou o distanciamento da jovem e, ent\u00e3o, decidiu visita-la em Santa Catarina. Por\u00e9m, ao chegar ao local, Luiz Daniel pegou todos os pertences da cunhada, inclusive o dinheiro que seria usado para retornar a Curitiba, no intuito de impedir que a fam\u00edlia da esposa descobrisse o que estava acontecendo.<\/p>\n\n\n\n<p>A irm\u00e3 da v\u00edtima conseguiu voltar para casa e contou tudo para a m\u00e3e, que decidiu ir at\u00e9 a casa em que a filha morava com o ent\u00e3o marido para resgata-la. \u201cO policial que me atendeu l\u00e1 falou assim \u2018olha, m\u00e3e, se tua filha n\u00e3o sair hoje daqui de dentro, ela vai ser em um caix\u00e3o\u2019. Minha filha estava dentro de casa sem poder falar comigo, com a irm\u00e3, com o pai&#8230; era proibida de tudo. Pense para uma m\u00e3e viver tudo isso, est\u00e1 sendo muito do\u00eddo\u201d, desabafou.<\/p>\n\n\n\n<p>Por\u00e9m, ao saber que a fam\u00edlia de Suellen havia descoberto a situa\u00e7\u00e3o, Luiz Daniel passou a amea\u00e7ar tamb\u00e9m os pais da v\u00edtima e prometeu \u201cca\u00e7ar\u201d os respons\u00e1veis por tirar a v\u00edtima da casa. \u201cA m\u00e3e \u00e9 uma vagabunda, cara, s\u00e9rio, uma p* que gosta de pol\u00edcia, n\u00e9? Acha que se esconde atr\u00e1s de policial, \u2018demor\u00f4\u2019 ent\u00e3o. O pessoal que veio te trazer e te levar, cara, meu, s\u00e9rio, eu vou ca\u00e7ar eles, cara, que nem se ca\u00e7a animal\u201d, disse o homem em um \u00e1udio.<\/p>\n\n\n\n<p>Desde a separa\u00e7\u00e3o, que aconteceu h\u00e1 30 dias, as amea\u00e7as \u00e0 jovem e \u00e0 toda fam\u00edlia se tornaram ainda mais recorrentes. Por este motivo, a m\u00e3e e a irm\u00e3 de Suellen chegaram a ser demitidas das empresas em que trabalhavam. \u201cDepois que meus pais foram me buscar de l\u00e1, que sa\u00ed de dentro do meu apartamento com a pol\u00edcia, minha vida tem sido um inferno. N\u00e3o consigo trabalhar, n\u00e3o consigo voltar para minha faculdade. Minha m\u00e3e n\u00e3o trabalha, pois ela perdeu o emprego por causa dele, pois ele amea\u00e7a. Minha irm\u00e3 perdeu o emprego dela porque ele amea\u00e7a&#8230; as empresas t\u00eam medo que aconte\u00e7a algo dentro do trabalho\u201d, detalhou a jovem.<\/p>\n\n\n\n<p>Ap\u00f3s a veicula\u00e7\u00e3o da reportagem, o homem foi identificado pela popula\u00e7\u00e3o e espancado na manh\u00e3 desta sexta-feira. Ele foi socorrido com ferimentos moderados e encaminhado ao Hospital Cajuru.<\/p>\n\n\n\n<p>MassaNews<\/p>\n","protected":false},"excerpt":{"rendered":"<p>Um homem suspeito de agredir e amea\u00e7ar a ex-mulher, com quem morava em Santa Catarina, foi espancado pela popula\u00e7\u00e3o na manh\u00e3 desta sexta-feira (12), no bairro S\u00edtio Cercado, em Curitiba. O caso veio \u00e0 tona nesta quinta-feira (11), ap\u00f3s a v\u00edtima e sua fam\u00edlia denunciarem as amea\u00e7as que v\u00eam sofrendo desde a separa\u00e7\u00e3o do casal, [&hellip;]<\/p>\n","protected":false},"author":2,"featured_media":6227,"comment_status":"open","ping_status":"open","sticky":false,"template":"","format":"standard","meta":{"advanced_seo_description":"","jetpack_seo_html_title":"","jetpack_seo_noindex":false,"_jetpack_memberships_contains_paid_content":false,"footnotes":""},"categories":[33],"tags":[],"class_list":{"0":"post-6226","1":"post","2":"type-post","3":"status-publish","4":"format-standard","5":"has-post-thumbnail","7":"category-policia"},"jetpack_featured_media_url":"https:\/\/www.paranapraia.com.br\/wp-content\/uploads\/2019\/04\/s.jpeg","jetpack_sharing_enabled":true,"_links":{"self":[{"href":"https:\/\/www.paranapraia.com.br\/index.php\/wp-json\/wp\/v2\/posts\/6226"}],"collection":[{"href":"https:\/\/www.paranapraia.com.br\/index.php\/wp-json\/wp\/v2\/posts"}],"about":[{"href":"https:\/\/www.paranapraia.com.br\/index.php\/wp-json\/wp\/v2\/types\/post"}],"author":[{"embeddable":true,"href":"https:\/\/www.paranapraia.com.br\/index.php\/wp-json\/wp\/v2\/users\/2"}],"replies":[{"embeddable":true,"href":"https:\/\/www.paranapraia.com.br\/index.php\/wp-json\/wp\/v2\/comments?post=6226"}],"version-history":[{"count":1,"href":"https:\/\/www.paranapraia.com.br\/index.php\/wp-json\/wp\/v2\/posts\/6226\/revisions"}],"predecessor-version":[{"id":6228,"href":"https:\/\/www.paranapraia.com.br\/index.php\/wp-json\/wp\/v2\/posts\/6226\/revisions\/6228"}],"wp:featuredmedia":[{"embeddable":true,"href":"https:\/\/www.paranapraia.com.br\/index.php\/wp-json\/wp\/v2\/media\/6227"}],"wp:attachment":[{"href":"https:\/\/www.paranapraia.com.br\/index.php\/wp-json\/wp\/v2\/media?parent=6226"}],"wp:term":[{"taxonomy":"category","embeddable":true,"href":"https:\/\/www.paranapraia.com.br\/index.php\/wp-json\/wp\/v2\/categories?post=6226"},{"taxonomy":"post_tag","embeddable":true,"href":"https:\/\/www.paranapraia.com.br\/index.php\/wp-json\/wp\/v2\/tags?post=6226"}],"curies":[{"name":"wp","href":"https:\/\/api.w.org\/{rel}","templated":true}]}}