{"id":6223,"date":"2019-04-12T12:58:10","date_gmt":"2019-04-12T15:58:10","guid":{"rendered":"https:\/\/www.paranapraia.com.br\/?p=6223"},"modified":"2019-04-12T12:58:11","modified_gmt":"2019-04-12T15:58:11","slug":"alunos-de-escola-publica-pintam-muro-com-rostos-de-mulheres-e-projeto-pede-ajuda-financeira","status":"publish","type":"post","link":"https:\/\/www.paranapraia.com.br\/index.php\/2019\/04\/12\/alunos-de-escola-publica-pintam-muro-com-rostos-de-mulheres-e-projeto-pede-ajuda-financeira\/","title":{"rendered":"Alunos de escola p\u00fablica pintam muro com rostos de mulheres e projeto pede ajuda financeira"},"content":{"rendered":"\n<h4 class=\"wp-block-heading\">Doadores concorrem a um kit com ecobag, cartaz A4 e adesivos personalizados do Instituto Aurora.<a href=\"https:\/\/www.bandab.com.br\/ultimas-noticias\/\"><br><\/a><\/h4>\n\n\n\n<hr class=\"wp-block-separator\"\/>\n\n\n\n<p>Alunos do Ensino M\u00e9dio da Escola Estadual Tiradentes, no Centro de Curitiba, que participam de uma atividade chamada \u201cNovas Lentes, Novas Mentes\u201d, precisam de ajuda financeira para conseguir colocar em pr\u00e1tica o projeto que tem foco na educa\u00e7\u00e3o em direitos humanos. Por meio do Instituto Aurora, eles participam da pintura&nbsp;de um painel urbano, onde o rosto de cinco mulheres reconhecidas pela luta por direitos no Brasil e no mundo ser\u00e3o estampados no muro da escola, que fica na regi\u00e3o central de Curitiba, em frente ao Passeio P\u00fablico. Para isso, o financiamento coletivo&nbsp;#AsFacesdoMuro espera arrecadar&nbsp;R$ 4,5 mil.<\/p>\n\n\n\n<p>A atividade come\u00e7ou no ano passado com roda de conversas com os estudantes e profissionais mediadores do Instituto. A diretora-executiva, Michele Bravos, destaca a import\u00e2ncia dos temas abordados em ambiente escolar. \u201cH\u00e1 encontros onde falamos sobre viol\u00eancia, viol\u00eancia contra a mulher, formas de ser homem nos dias de hoje, direito das pessoas com defici\u00eancias, sobre direitos de pessoas LGBTs, diferen\u00e7as e desigualdades, respeito entre as diferen\u00e7as para se construir uma sociedade livre de preconceitos\u201d, explicou.<\/p>\n\n\n\n<p>A pintura do muro, segundo ela, vai ao encontro das discuss\u00f5es em salas somadas ao poder de transforma\u00e7\u00e3o que possuem. \u201cEm tempo de desconex\u00e3o, constru\u00e7\u00e3o de muros para nos distanciar das pessoas, porque n\u00e3o transformar esse muro, no Centro da cidade, em um local que v\u00e1 contar hist\u00f3rias de empatias, de mulheres que t\u00eam buscado a constru\u00e7\u00e3o de uma sociedade mais justa\u201d, acredita Michele.<\/p>\n\n\n\n<p>O direcionamento e a cria\u00e7\u00e3o da pintura \u00e9 feita pelo artista Cleverson Pacheco, conhecido como Caf\u00e9, que integra a equipe do Instituto Aurora. \u201cAchei o projeto super v\u00e1lido, principalmente pensando nessas quest\u00f5es envolvendo a mulher, que acontecem tanto ainda, como falta de direito igualit\u00e1rios. O bacana \u00e9 notar que eles t\u00eam se interessado bastante, \u00e9 um momento bem bacana. A ideia \u00e9 fazer com que eles saiam dali, pensem naquilo tudo e adotem esses conceitos no dia a dia deles\u201d, garantiu Pacheco.<\/p>\n\n\n\n<p>A pintura do rosto da vereadora carioca Marielle Franco, assinada h\u00e1 um ano no Rio de Janeiro, foi o primeiro a dar vida ao painel, em 2018. Com a ajuda do crowdfunding, o Instituto Aurora e os alunos do Col\u00e9gio Tiradentes, instru\u00eddos por artistas, v\u00e3o completar a tela ao ar livre pintando o rosto de outras tr\u00eas mulheres importantes para a promo\u00e7\u00e3o de di\u00e1logos de paz: Atena Daemi (do Ir\u00e3), Me Nam (do Vietn\u00e3) e Malala Yousafzai (do Paquist\u00e3o).<\/p>\n\n\n\n<p>A quinta face a compor a pintura ser\u00e1 de uma mulher com atua\u00e7\u00e3o brasileira escolhida pelo p\u00fablico em uma vota\u00e7\u00e3o online. A paranaense Zilda Arns, a ambientalista Dra. Dorothy Stang e a mulher que deu nome e voz \u00e0 Lei Maria da Penha, s\u00e3o os nomes propostos pela campanha.<\/p>\n\n\n\n<p>\u201cA proposta \u00e9 eles intervirem nesse espa\u00e7o, partindo da ideia de quem s\u00e3o essas mulheres. O que elas fizeram, qual \u00e9 a luta delas e tentar, por meio dessas imagens, dizer quem elas s\u00e3o elas\u201d, defendeu o artista.<\/p>\n\n\n\n<h2 class=\"wp-block-heading\">Como ajudar?<\/h2>\n\n\n\n<p>Para cobrir os custos, o Instituto Aurora espera arrecadar R$ 4.500,00 por meio da campanha de financiamento coletivo online. Para doar, basta acessar o link (bit.ly\/asfacesdomuro) at\u00e9 26 de abril e escolher o valor desejado: a campanha aceita qualquer quantia em dinheiro. Os doadores concorrem a um kit com ecobag, cartaz A4 e adesivos personalizados do Instituto Aurora.<\/p>\n\n\n\n<h3 class=\"wp-block-heading\">Instituto Aurora<\/h3>\n\n\n\n<p>Desde 2017, o Instituto, composto por profissionais de diversas \u00e1reas, contribui com a\u00e7\u00f5es e di\u00e1logos que objetivam a compreens\u00e3o da humanidade comum, por meio de di\u00e1logos de paz. \u201cFazemos a\u00e7\u00f5es na sociedade com palestras, cursos, oficinas, interven\u00e7\u00f5es art\u00edsticas para falarmos sobre direitos. Direito \u00e0 vida, \u00e0 educa\u00e7\u00e3o de qualidade, \u00e0 moradia, \u00e0 ir e vir, ou seja, direitos humanos de forma geral\u201d, explica. \u201cNosso grande objetivo \u00e9 desmistificar esse termo, t\u00e3o popularizado e cheio de distor\u00e7\u00e3o acerca dele. Queremos fazer com que as pessoas compreendam que Direitos Humanos \u00e9 o direito de todas as pessoas, independente de quem sejam\u201d, finalizou Michele Bravos, diretora-executiva.<\/p>\n\n\n\n<p>BandaB<\/p>\n","protected":false},"excerpt":{"rendered":"<p>Doadores concorrem a um kit com ecobag, cartaz A4 e adesivos personalizados do Instituto Aurora. Alunos do Ensino M\u00e9dio da Escola Estadual Tiradentes, no Centro de Curitiba, que participam de uma atividade chamada \u201cNovas Lentes, Novas Mentes\u201d, precisam de ajuda financeira para conseguir colocar em pr\u00e1tica o projeto que tem foco na educa\u00e7\u00e3o em direitos [&hellip;]<\/p>\n","protected":false},"author":2,"featured_media":6224,"comment_status":"open","ping_status":"open","sticky":false,"template":"","format":"standard","meta":{"advanced_seo_description":"","jetpack_seo_html_title":"","jetpack_seo_noindex":false,"_jetpack_memberships_contains_paid_content":false,"footnotes":""},"categories":[43],"tags":[],"class_list":{"0":"post-6223","1":"post","2":"type-post","3":"status-publish","4":"format-standard","5":"has-post-thumbnail","7":"category-cotidiano"},"jetpack_featured_media_url":"https:\/\/www.paranapraia.com.br\/wp-content\/uploads\/2019\/04\/cs.jpg","jetpack_sharing_enabled":true,"_links":{"self":[{"href":"https:\/\/www.paranapraia.com.br\/index.php\/wp-json\/wp\/v2\/posts\/6223"}],"collection":[{"href":"https:\/\/www.paranapraia.com.br\/index.php\/wp-json\/wp\/v2\/posts"}],"about":[{"href":"https:\/\/www.paranapraia.com.br\/index.php\/wp-json\/wp\/v2\/types\/post"}],"author":[{"embeddable":true,"href":"https:\/\/www.paranapraia.com.br\/index.php\/wp-json\/wp\/v2\/users\/2"}],"replies":[{"embeddable":true,"href":"https:\/\/www.paranapraia.com.br\/index.php\/wp-json\/wp\/v2\/comments?post=6223"}],"version-history":[{"count":1,"href":"https:\/\/www.paranapraia.com.br\/index.php\/wp-json\/wp\/v2\/posts\/6223\/revisions"}],"predecessor-version":[{"id":6225,"href":"https:\/\/www.paranapraia.com.br\/index.php\/wp-json\/wp\/v2\/posts\/6223\/revisions\/6225"}],"wp:featuredmedia":[{"embeddable":true,"href":"https:\/\/www.paranapraia.com.br\/index.php\/wp-json\/wp\/v2\/media\/6224"}],"wp:attachment":[{"href":"https:\/\/www.paranapraia.com.br\/index.php\/wp-json\/wp\/v2\/media?parent=6223"}],"wp:term":[{"taxonomy":"category","embeddable":true,"href":"https:\/\/www.paranapraia.com.br\/index.php\/wp-json\/wp\/v2\/categories?post=6223"},{"taxonomy":"post_tag","embeddable":true,"href":"https:\/\/www.paranapraia.com.br\/index.php\/wp-json\/wp\/v2\/tags?post=6223"}],"curies":[{"name":"wp","href":"https:\/\/api.w.org\/{rel}","templated":true}]}}