{"id":6213,"date":"2019-04-12T11:49:09","date_gmt":"2019-04-12T14:49:09","guid":{"rendered":"https:\/\/www.paranapraia.com.br\/?p=6213"},"modified":"2019-04-12T11:49:11","modified_gmt":"2019-04-12T14:49:11","slug":"morte-de-macacos-coloca-cidade-em-alerta-para-febre-amarela","status":"publish","type":"post","link":"https:\/\/www.paranapraia.com.br\/index.php\/2019\/04\/12\/morte-de-macacos-coloca-cidade-em-alerta-para-febre-amarela\/","title":{"rendered":"Morte de macacos coloca cidade em alerta para febre amarela"},"content":{"rendered":"\n<p>A morte de mais de 20 macacos em S\u00e3o Jos\u00e9 dos Pinhais \u2013 sendo nove com febre amarela \u2013 colocou o munic\u00edpio em alerta para a circula\u00e7\u00e3o da doen\u00e7a. A Secretaria Municipal de Sa\u00fade afirmou que apenas 40% da popula\u00e7\u00e3o procurou as Unidades de Sa\u00fade para se vacinar contra o v\u00edrus.<\/p>\n\n\n\n<p>At\u00e9 o momento, a cidade registrou dois casos de febre amarela em humanos, sendo um do tipo aut\u00f3ctone \u2013 quando o paciente contrai a doen\u00e7a na pr\u00f3pria cidade. O outro caso \u00e9 de um morador contaminado na cidade de Barra do Turvo, em S\u00e3o Paulo.<\/p>\n\n\n\n<p>O secret\u00e1rio municipal de Sa\u00fade, Giovani de Souza, ressaltou a import\u00e2ncia da popula\u00e7\u00e3o se vacinar contra a febre amarela. \u201cOs casos de animais mortos na regi\u00e3o rural de S\u00e3o Jos\u00e9 dos Pinhais servem de alerta para humanos. Para se prevenir, basta se vacinar em uma das Unidades B\u00e1sicas de Sa\u00fade. A aplica\u00e7\u00e3o da vacina uma vez na vida \u00e9 suficiente para o paciente estar imune \u00e0 doen\u00e7a\u201d, disse. Neste ano, 21 animais foram encontrados mortos na regi\u00e3o.<\/p>\n\n\n\n<h2 class=\"wp-block-heading\">Saiba onde se vacinar:<\/h2>\n\n\n\n<ul class=\"wp-block-list\"><li><strong>UBS Afonso Pena<\/strong><br>Rua Ant\u00f4nio Bianchetti, 90<br>Telefone: 3385-5505 \/ 3381-5834<br>Hor\u00e1rio de Funcionamento: Segunda \u00e0 Sexta-feira das 07:00 \u00e0s 17:00<br>Hor\u00e1rio de Funcionamento da Sala de Vacina: Segunda \u00e0 Sexta-feira das 08:30 \u00e0s 16:00<\/li><li><strong>UBS Agara\u00fa<\/strong><br>Rua Arc\u00eddio Claudino Barbosa, s\/n\u00ba<br>Telefone: 3385-8591<br>Hor\u00e1rio de Funcionamento: Segunda \u00e0 Sexta-feira das 08:00 \u00e0s 16:00<br>Hor\u00e1rio de Funcionamento da Sala de Vacina: Segunda \u00e0 Sexta-feira das 09:00 \u00e0s 15:00<\/li><li><strong>UBS Borda do Campo<\/strong><br>Estrada da Roseira, 5850<br>Telefone: 3385-7216<br>Hor\u00e1rio de Funcionamento: Segunda \u00e0 Sexta-feira das 07:00 \u00e0s 17:00<br>Hor\u00e1rio de Funcionamento da Sala de Vacina: Segunda \u00e0 Sexta-feira das 08:30 \u00e0s 16:00<\/li><li><strong>UBS Cachoeira<\/strong><br>Rua Benjamin Negoseki, s\/n\u00ba<br>Telefone: 3382-2791<br>Hor\u00e1rio de Funcionamento: Segunda \u00e0 Sexta-feira das 08:00 \u00e0s 16:00<br>Hor\u00e1rio de Funcionamento da Sala de Vacina: Segunda \u00e0 Sexta-feira das 09:00 \u00e0s 15:00<\/li><li><strong>UBS Caic<\/strong><br>Rua Doutor Murici, 3421.<br>Telefone: 3283-6398<br>Hor\u00e1rio de Funcionamento: Segunda \u00e0 Sexta-feira das 07:00 \u00e0s 17:00<br>Hor\u00e1rio de Funcionamento da Sala de Vacina: Segunda \u00e0 Sexta-feira das 08:30 \u00e0s 16:00<\/li><li><strong>UBS Campina do Taquaral<\/strong><br>Rua Jos\u00e9 Zanqueta Filho, s\/n\u00ba<br>Telefone: 3282-2613<br>Hor\u00e1rio de Funcionamento: Segunda \u00e0 Sexta-feira das 08:00 \u00e0s 16:00<br>Hor\u00e1rio de Funcionamento da Sala de Vacina: Segunda \u00e0 Sexta-feira das 09:00 \u00e0s 15:00<\/li><li><strong>UBS Campo Largo da Roseira<\/strong><br>Rua Antonio Singer, s\/n\u00ba<br>Telefone: 3382-4100<br>Hor\u00e1rio de Funcionamento: Segunda \u00e0 Sexta-feira das 08:00 \u00e0s 16:00<br>Hor\u00e1rio de Funcionamento da Sala de Vacina: Segunda \u00e0 Sexta-feira das 09:00 \u00e0s 15:00<\/li><li><strong>UBS Castelhano<\/strong><br>Estrada Principal, s\/n\u00ba<br>Telefone: 3753-1000 Telefone P\u00fablico<br>Hor\u00e1rio de Funcionamento: Segunda \u00e0 Sexta-feira das 09:00 \u00e0s 15:00<br>Hor\u00e1rio de Atendimento m\u00e9dico: Quarta-feira 09:00 \u00e0s 15:00<br>Hor\u00e1rio de Funcionamento da Sala de Vacina: Quarta-feira 09:00 \u00e0s 15:00 (se houver demanda)<\/li><li><strong>UBS Central<\/strong><br>Rua Isabel a Redentora, 1629<br>Telefone: 3282-0291<br>Hor\u00e1rio de Funcionamento: Segunda \u00e0 Sexta-feira das 07:00 \u00e0s 17:00<br>Hor\u00e1rio de Funcionamento da Sala de Vacina: Segunda \u00e0 Sexta-feira das 08:30 \u00e0s 16:00<\/li><li><strong>UBS Cidade Jardim<\/strong><br>Rua Tarc\u00edlio Zoelmer, 350<br>Telefone: 3283-5786<br>Hor\u00e1rio de Funcionamento: Segunda \u00e0 Sexta-feira das 07:00 \u00e0s 17:00<br>Hor\u00e1rio de Funcionamento da Sala de Vacina: Segunda \u00e0 Sexta-feira das 08:30 \u00e0s 16:00<\/li><li><strong>UBS Contenda<\/strong><br>Rua Casemiro Leviski, s\/n\u00ba<br>Telefone: 3634-1033<br>Hor\u00e1rio de Funcionamento: Segunda \u00e0 Sexta-feira das 07:00 \u00e0s 16:00<br>Hor\u00e1rio de Funcionamento da Sala de Vacina: Segunda \u00e0 Sexta-feira das 09:00 \u00e0s 15:00<\/li><li><strong>UBS C\u00f3rrego<\/strong><br>Fundo Estrada Principal, s\/n\u00ba<br>Telefone: 3283-6976<br>Hor\u00e1rio de Funcionamento: Segunda \u00e0 Sexta-feira das 08:00 \u00e0s 16:00<br>Hor\u00e1rio de Funcionamento da Sala de Vacina: Segunda \u00e0 Sexta-feira das 09:00 \u00e0s 15:00<\/li><li><strong>UBS Cotia<\/strong><br>Rua Vereador Domingos Moletta, s\/n\u00ba<br>Telefone: 3398-6428<br>Hor\u00e1rio de Funcionamento: Segunda \u00e0 Sexta-feira das 08:00 \u00e0s 16:00<br>Hor\u00e1rio de Funcionamento da Sala de Vacina: Segunda \u00e0 Sexta-feira das 09:00 \u00e0s 15:00<\/li><li><strong>UBS Cristal<\/strong><br>Rua IIo Antonino Mozer, 900<br>Telefone: 3383-3548<br>Hor\u00e1rio de Funcionamento: Segunda \u00e0 Sexta-feira das 07:00 \u00e0s 17:00<br>Hor\u00e1rio de Funcionamento da Sala de Vacina: Segunda \u00e0 Sexta-feira das 08:30 \u00e0s 16:00<\/li><li><strong>UBS Faxina<\/strong><br>Rua Carlos Kusma, s\/n\u00ba<br>Telefone: 3299-8399<br>Hor\u00e1rio de Funcionamento: Segunda \u00e0 Sexta-feira das 08:30 \u00e0s 15:45<br>Hor\u00e1rio de Funcionamento da Sala de Vacina: Segunda \u00e0 Sexta-feira das 09:00 \u00e0s 15:00<\/li><li><strong>UBS Guatup\u00ea<\/strong><br>Rua Herminda da Rocha Barbosa, 600<br>Telefone: 3385-6171<br>Hor\u00e1rio de Funcionamento: Segunda \u00e0 Sexta-feira das 07:00 \u00e0s 17:00<br>Hor\u00e1rio de Funcionamento da Sala de Vacina: Segunda \u00e0 Sexta-feira das 08:30 \u00e0s 16:00<\/li><li><strong>UBS Ip\u00ea<\/strong><br>Rua Laerte Fenelon, 1001<br>Telefone: 3385-2112<br>Hor\u00e1rio de Funcionamento: Segunda \u00e0 Sexta-feira das 07:00 \u00e0s 17:00<br>Hor\u00e1rio de Funcionamento da Sala de Vacina: Segunda \u00e0 Sexta-feira das 08:30 \u00e0s 16:00<\/li><li><strong>UBS Malhada<\/strong><br>Estrada Principal, s\/n\u00ba<br>Telefone: 3383-7254<br>Hor\u00e1rio de Funcionamento: Segunda \u00e0 Sexta-feira das 07:30 \u00e0s 16:00<br>Hor\u00e1rio de Funcionamento da Sala de Vacina: Segunda \u00e0 Sexta-feira das 09:00 \u00e0s 15:00<\/li><li><strong>UBS Marcelino<\/strong><br>Rua Ver. Domingos Moletta, s\/n\u00ba<br>Telefone: 3299-8398<br>Hor\u00e1rio de Funcionamento: Segunda \u00e0 Sexta-feira das 08:30 \u00e0s 15:45<br>Hor\u00e1rio de Funcionamento da Sala de Vacina: Segunda \u00e0 Sexta-feira das 09:00 \u00e0s 15:00<\/li><li><strong>UBS Martin\u00f3polis<\/strong><br>Rua Vanderlei Moreno, 11280<br>Telefone: 3398-8779\/ 3398-8771<br>Hor\u00e1rio de Funcionamento: Segunda \u00e0 Sexta-feira das 07:00 \u00e0s 17:00<br>Hor\u00e1rio de Funcionamento da Sala de Vacina: Segunda \u00e0 Sexta-feira das 08:30 \u00e0s 16:00<\/li><li><strong>UBS Moradias Trevisan<\/strong><br>Rua Luiz Oribes da Rocha, 26<br>Telefone: 3383-1977<br>Hor\u00e1rio de Funcionamento: Segunda \u00e0 Sexta-feira das 07:00 \u00e0s 17:00<br>Hor\u00e1rio de Funcionamento da Sala de Vacina: Segunda \u00e0 Sexta-feira das 08:30 \u00e0s 16:00<\/li><li><strong>UBS Murici<\/strong><br>Rua Jo\u00e3o Lipinski, 505<br>Telefone: 3635-1363<br>Hor\u00e1rio de Funcionamento: Segunda \u00e0 Sexta-feira das 07:00 \u00e0s 17:00<br>Hor\u00e1rio de Funcionamento da Sala de Vacina: Segunda \u00e0 Sexta-feira das 08:30 \u00e0s 16:00<\/li><li><strong>UBS Quississana<\/strong><br>Rua Carlos Eduardo Nicheli, 26<br>Telefone: 3282-5051<br>Hor\u00e1rio de Funcionamento: Segunda \u00e0 Sexta-feira das 07:00 \u00e0s 17:00<br>Hor\u00e1rio de Funcionamento da Sala de Vacina: Segunda \u00e0 Sexta-feira das 08:30 \u00e0s 16:00<\/li><li><strong>UBS Riacho Doce<\/strong><br>Rua Eliud Alves Pereira, 378<br>Telefone: 3586-1006<br>Hor\u00e1rio de Funcionamento: Segunda \u00e0 Sexta-feira das 07:00 \u00e0s 17:00<br>Hor\u00e1rio de Funcionamento da Sala de Vacina: Segunda \u00e0 Sexta-feira das 08:30 \u00e0s 16:00<\/li><li><strong>UBS S\u00e3o Marcos<\/strong><br>Rua Augusto DeBarba, 975<br>Telefone: 3384-1994<br>Hor\u00e1rio de Funcionamento: Segunda \u00e0 Sexta-feira das 07:00 \u00e0s 17:00<br>Hor\u00e1rio de Funcionamento da Sala de Vacina: Segunda \u00e0 Sexta-feira das 08:30 \u00e0s 16:00<\/li><li><strong>UBS Veneza<\/strong><br>Rua Francisco Dal\u2019Negro, 2752<br>Telefone: 3283-5688<br>Hor\u00e1rio de Funcionamento: Segunda \u00e0 Sexta-feira das 07:00 \u00e0s 17:00<br>Hor\u00e1rio de Funcionamento da Sala de Vacina: Segunda \u00e0 Sexta-feira das 08:30 \u00e0s 16:00<\/li><li><strong>UBS Xing\u00fa<\/strong><br>Rua Ilhio Pedro Gasparelo, 854<br>Telefone: 3283-5660<br>Hor\u00e1rio de Funcionamento: Segunda \u00e0 Sexta-feira das 07:00 \u00e0s 17:00<br>Hor\u00e1rio de Funcionamento da Sala de Vacina: Segunda \u00e0 Sexta-feira das 08:30 \u00e0s 16:00<\/li><\/ul>\n\n\n\n<p>Colabora\u00e7\u00e3o Prefeitura de S\u00e3o Jos\u00e9 dos Pinhais<\/p>\n","protected":false},"excerpt":{"rendered":"<p>A morte de mais de 20 macacos em S\u00e3o Jos\u00e9 dos Pinhais \u2013 sendo nove com febre amarela \u2013 colocou o munic\u00edpio em alerta para a circula\u00e7\u00e3o da doen\u00e7a. A Secretaria Municipal de Sa\u00fade afirmou que apenas 40% da popula\u00e7\u00e3o procurou as Unidades de Sa\u00fade para se vacinar contra o v\u00edrus. At\u00e9 o momento, a [&hellip;]<\/p>\n","protected":false},"author":2,"featured_media":6214,"comment_status":"open","ping_status":"open","sticky":false,"template":"","format":"standard","meta":{"advanced_seo_description":"","jetpack_seo_html_title":"","jetpack_seo_noindex":false,"_jetpack_memberships_contains_paid_content":false,"footnotes":""},"categories":[50],"tags":[],"class_list":{"0":"post-6213","1":"post","2":"type-post","3":"status-publish","4":"format-standard","5":"has-post-thumbnail","7":"category-saude"},"jetpack_featured_media_url":"https:\/\/www.paranapraia.com.br\/wp-content\/uploads\/2019\/04\/morrr.jpg","jetpack_sharing_enabled":true,"_links":{"self":[{"href":"https:\/\/www.paranapraia.com.br\/index.php\/wp-json\/wp\/v2\/posts\/6213"}],"collection":[{"href":"https:\/\/www.paranapraia.com.br\/index.php\/wp-json\/wp\/v2\/posts"}],"about":[{"href":"https:\/\/www.paranapraia.com.br\/index.php\/wp-json\/wp\/v2\/types\/post"}],"author":[{"embeddable":true,"href":"https:\/\/www.paranapraia.com.br\/index.php\/wp-json\/wp\/v2\/users\/2"}],"replies":[{"embeddable":true,"href":"https:\/\/www.paranapraia.com.br\/index.php\/wp-json\/wp\/v2\/comments?post=6213"}],"version-history":[{"count":1,"href":"https:\/\/www.paranapraia.com.br\/index.php\/wp-json\/wp\/v2\/posts\/6213\/revisions"}],"predecessor-version":[{"id":6215,"href":"https:\/\/www.paranapraia.com.br\/index.php\/wp-json\/wp\/v2\/posts\/6213\/revisions\/6215"}],"wp:featuredmedia":[{"embeddable":true,"href":"https:\/\/www.paranapraia.com.br\/index.php\/wp-json\/wp\/v2\/media\/6214"}],"wp:attachment":[{"href":"https:\/\/www.paranapraia.com.br\/index.php\/wp-json\/wp\/v2\/media?parent=6213"}],"wp:term":[{"taxonomy":"category","embeddable":true,"href":"https:\/\/www.paranapraia.com.br\/index.php\/wp-json\/wp\/v2\/categories?post=6213"},{"taxonomy":"post_tag","embeddable":true,"href":"https:\/\/www.paranapraia.com.br\/index.php\/wp-json\/wp\/v2\/tags?post=6213"}],"curies":[{"name":"wp","href":"https:\/\/api.w.org\/{rel}","templated":true}]}}