{"id":6201,"date":"2019-04-12T11:44:14","date_gmt":"2019-04-12T14:44:14","guid":{"rendered":"https:\/\/www.paranapraia.com.br\/?p=6201"},"modified":"2019-04-12T11:44:15","modified_gmt":"2019-04-12T14:44:15","slug":"duas-pessoas-morrem-apos-caminhonete-capotar-na-br-158","status":"publish","type":"post","link":"https:\/\/www.paranapraia.com.br\/index.php\/2019\/04\/12\/duas-pessoas-morrem-apos-caminhonete-capotar-na-br-158\/","title":{"rendered":"Duas pessoas morrem ap\u00f3s caminhonete capotar na BR-158"},"content":{"rendered":"\n<h4 class=\"wp-block-heading\">Acidente ocorreu na quinta-feira (11), em Rio Bonito do Igua\u00e7u, na regi\u00e3o sudoeste do Paran\u00e1.<\/h4>\n\n\n\n<p>Duas pessoas morreram em um acidente na BR-158 na quinta-feira (11), em Rio Bonito do Igua\u00e7u, no sudoeste do Paran\u00e1.<\/p>\n\n\n\n<p>De acordo com o Corpo de Bombeiros, o motorista de um carro bateu na traseira de uma caminhonete, que saiu da pista e capotou.<\/p>\n\n\n\n<p>As duas pessoas que estavam dentro foram arremessadas para fora.<\/p>\n\n\n\n<p>Segundo os bombeiros, uma delas morreu no local e o outra foi atendida por uma ambul\u00e2ncia que passava pelo local, mas morreu no hospital em Laranjeiras do Sul.<\/p>\n\n\n\n<p>O motorista do carro teve ferimentos leves.<\/p>\n\n\n\n<figure class=\"wp-block-image\"><img decoding=\"async\" src=\"https:\/\/s2.glbimg.com\/kNoa3QWTGDfKkUAMZEpD8lwvEwU=\/0x0:1280x1280\/984x0\/smart\/filters:strip_icc()\/i.s3.glbimg.com\/v1\/AUTH_59edd422c0c84a879bd37670ae4f538a\/internal_photos\/bs\/2019\/7\/F\/pRXtySTPS5SB6SSHZOzQ\/acidente-rio-bonito-do-iguacu-1-.jpeg\" alt=\"Motorista de um carro bateu na traseira de uma caminhonete, que saiu da pista e capotou \u2014 Foto: Divulga\u00e7\u00e3o\"\/><\/figure>\n\n\n\n<p>Motorista de um carro bateu na traseira de uma caminhonete, que saiu da pista e capotou \u2014 Foto: Divulga\u00e7\u00e3o<\/p>\n\n\n\n<p>G1PR<\/p>\n","protected":false},"excerpt":{"rendered":"<p>Acidente ocorreu na quinta-feira (11), em Rio Bonito do Igua\u00e7u, na regi\u00e3o sudoeste do Paran\u00e1. Duas pessoas morreram em um acidente na BR-158 na quinta-feira (11), em Rio Bonito do Igua\u00e7u, no sudoeste do Paran\u00e1. De acordo com o Corpo de Bombeiros, o motorista de um carro bateu na traseira de uma caminhonete, que saiu [&hellip;]<\/p>\n","protected":false},"author":2,"featured_media":6203,"comment_status":"open","ping_status":"open","sticky":false,"template":"","format":"standard","meta":{"advanced_seo_description":"","jetpack_seo_html_title":"","jetpack_seo_noindex":false,"_jetpack_memberships_contains_paid_content":false,"footnotes":""},"categories":[52],"tags":[],"class_list":{"0":"post-6201","1":"post","2":"type-post","3":"status-publish","4":"format-standard","5":"has-post-thumbnail","7":"category-acidentes"},"jetpack_featured_media_url":"https:\/\/www.paranapraia.com.br\/wp-content\/uploads\/2019\/04\/morr.jpeg","jetpack_sharing_enabled":true,"_links":{"self":[{"href":"https:\/\/www.paranapraia.com.br\/index.php\/wp-json\/wp\/v2\/posts\/6201"}],"collection":[{"href":"https:\/\/www.paranapraia.com.br\/index.php\/wp-json\/wp\/v2\/posts"}],"about":[{"href":"https:\/\/www.paranapraia.com.br\/index.php\/wp-json\/wp\/v2\/types\/post"}],"author":[{"embeddable":true,"href":"https:\/\/www.paranapraia.com.br\/index.php\/wp-json\/wp\/v2\/users\/2"}],"replies":[{"embeddable":true,"href":"https:\/\/www.paranapraia.com.br\/index.php\/wp-json\/wp\/v2\/comments?post=6201"}],"version-history":[{"count":1,"href":"https:\/\/www.paranapraia.com.br\/index.php\/wp-json\/wp\/v2\/posts\/6201\/revisions"}],"predecessor-version":[{"id":6204,"href":"https:\/\/www.paranapraia.com.br\/index.php\/wp-json\/wp\/v2\/posts\/6201\/revisions\/6204"}],"wp:featuredmedia":[{"embeddable":true,"href":"https:\/\/www.paranapraia.com.br\/index.php\/wp-json\/wp\/v2\/media\/6203"}],"wp:attachment":[{"href":"https:\/\/www.paranapraia.com.br\/index.php\/wp-json\/wp\/v2\/media?parent=6201"}],"wp:term":[{"taxonomy":"category","embeddable":true,"href":"https:\/\/www.paranapraia.com.br\/index.php\/wp-json\/wp\/v2\/categories?post=6201"},{"taxonomy":"post_tag","embeddable":true,"href":"https:\/\/www.paranapraia.com.br\/index.php\/wp-json\/wp\/v2\/tags?post=6201"}],"curies":[{"name":"wp","href":"https:\/\/api.w.org\/{rel}","templated":true}]}}