{"id":6197,"date":"2019-04-12T11:36:31","date_gmt":"2019-04-12T14:36:31","guid":{"rendered":"https:\/\/www.paranapraia.com.br\/?p=6197"},"modified":"2019-04-12T11:36:32","modified_gmt":"2019-04-12T14:36:32","slug":"nucria-cumpre-mandados-de-busca-e-apreensao-em-investigacao-de-estupro-de-vulneravel","status":"publish","type":"post","link":"https:\/\/www.paranapraia.com.br\/index.php\/2019\/04\/12\/nucria-cumpre-mandados-de-busca-e-apreensao-em-investigacao-de-estupro-de-vulneravel\/","title":{"rendered":"Nucria cumpre mandados de busca e apreens\u00e3o em investiga\u00e7\u00e3o de estupro de vulner\u00e1vel"},"content":{"rendered":"\n<h4 class=\"wp-block-heading\">Segundo as informa\u00e7\u00f5es da Pol\u00edcia Civil, crimes foram cometidos com uso de \u2018boa noite, Cinderela\u2019. Ordens judiciais foram cumpridas em Londrina e Rol\u00e2ndia<\/h4>\n\n\n\n<p>O N\u00facleo de Prote\u00e7\u00e3o \u00e0 Crian\u00e7a e ao Adolescente V\u00edtima de Crimes (Nucria) de Londrina, no norte do Paran\u00e1, cumpriu nesta sexta-feira (12) seis mandados de busca e apreens\u00e3o em uma investiga\u00e7\u00e3o que apura o estupro de vulner\u00e1vel com uso do coquetel conhecido como \u2018boa noite, Cinderela\u2019.<\/p>\n\n\n\n<p>As ordens judiciais foram cumpridas em Londrina e Rol\u00e2ndia, na mesma regi\u00e3o do estado. Um dos mandados foi em um condom\u00ednio de luxo, de acordo com a Pol\u00edcia Civil.<\/p>\n\n\n\n<p>O estupro de vulner\u00e1vel, ocorre quando a v\u00edtima do abuso tem menos de 14 anos. O crime \u00e9 considerado hediondo e tem pena que varia de 8 a 15 anos de reclus\u00e3o.<\/p>\n\n\n\n<p>Segundo a delegada L\u00edvia Pini, respons\u00e1vel pelo Nucria, disse que n\u00e3o \u00e9 poss\u00edvel divulgar muitos detalhes do caso.<\/p>\n\n\n\n<p>G1PR<\/p>\n","protected":false},"excerpt":{"rendered":"<p>Segundo as informa\u00e7\u00f5es da Pol\u00edcia Civil, crimes foram cometidos com uso de \u2018boa noite, Cinderela\u2019. Ordens judiciais foram cumpridas em Londrina e Rol\u00e2ndia O N\u00facleo de Prote\u00e7\u00e3o \u00e0 Crian\u00e7a e ao Adolescente V\u00edtima de Crimes (Nucria) de Londrina, no norte do Paran\u00e1, cumpriu nesta sexta-feira (12) seis mandados de busca e apreens\u00e3o em uma investiga\u00e7\u00e3o [&hellip;]<\/p>\n","protected":false},"author":2,"featured_media":6198,"comment_status":"open","ping_status":"open","sticky":false,"template":"","format":"standard","meta":{"advanced_seo_description":"","jetpack_seo_html_title":"","jetpack_seo_noindex":false,"_jetpack_memberships_contains_paid_content":false,"footnotes":""},"categories":[33],"tags":[],"class_list":{"0":"post-6197","1":"post","2":"type-post","3":"status-publish","4":"format-standard","5":"has-post-thumbnail","7":"category-policia"},"jetpack_featured_media_url":"https:\/\/www.paranapraia.com.br\/wp-content\/uploads\/2019\/04\/boa.jpeg","jetpack_sharing_enabled":true,"_links":{"self":[{"href":"https:\/\/www.paranapraia.com.br\/index.php\/wp-json\/wp\/v2\/posts\/6197"}],"collection":[{"href":"https:\/\/www.paranapraia.com.br\/index.php\/wp-json\/wp\/v2\/posts"}],"about":[{"href":"https:\/\/www.paranapraia.com.br\/index.php\/wp-json\/wp\/v2\/types\/post"}],"author":[{"embeddable":true,"href":"https:\/\/www.paranapraia.com.br\/index.php\/wp-json\/wp\/v2\/users\/2"}],"replies":[{"embeddable":true,"href":"https:\/\/www.paranapraia.com.br\/index.php\/wp-json\/wp\/v2\/comments?post=6197"}],"version-history":[{"count":1,"href":"https:\/\/www.paranapraia.com.br\/index.php\/wp-json\/wp\/v2\/posts\/6197\/revisions"}],"predecessor-version":[{"id":6199,"href":"https:\/\/www.paranapraia.com.br\/index.php\/wp-json\/wp\/v2\/posts\/6197\/revisions\/6199"}],"wp:featuredmedia":[{"embeddable":true,"href":"https:\/\/www.paranapraia.com.br\/index.php\/wp-json\/wp\/v2\/media\/6198"}],"wp:attachment":[{"href":"https:\/\/www.paranapraia.com.br\/index.php\/wp-json\/wp\/v2\/media?parent=6197"}],"wp:term":[{"taxonomy":"category","embeddable":true,"href":"https:\/\/www.paranapraia.com.br\/index.php\/wp-json\/wp\/v2\/categories?post=6197"},{"taxonomy":"post_tag","embeddable":true,"href":"https:\/\/www.paranapraia.com.br\/index.php\/wp-json\/wp\/v2\/tags?post=6197"}],"curies":[{"name":"wp","href":"https:\/\/api.w.org\/{rel}","templated":true}]}}