{"id":61783,"date":"2024-12-03T22:55:51","date_gmt":"2024-12-04T01:55:51","guid":{"rendered":"https:\/\/www.paranapraia.com.br\/?p=61783"},"modified":"2024-12-03T22:55:53","modified_gmt":"2024-12-04T01:55:53","slug":"camara-mirim-de-matinhos-encerra-seu-primeiro-ano-de-atividades-com-destaque-para-a-formacao-cidada","status":"publish","type":"post","link":"https:\/\/www.paranapraia.com.br\/index.php\/2024\/12\/03\/camara-mirim-de-matinhos-encerra-seu-primeiro-ano-de-atividades-com-destaque-para-a-formacao-cidada\/","title":{"rendered":"C\u00e2mara Mirim de Matinhos encerra seu primeiro ano de atividades com destaque para a forma\u00e7\u00e3o cidad\u00e3"},"content":{"rendered":"\n<p>Ap\u00f3s sair do papel em 2024, a C\u00e2mara Mirim de Matinhos, criada pela Lei Municipal n. 2052\/2019, consolidou-se como uma iniciativa de destaque na forma\u00e7\u00e3o cidad\u00e3 de estudantes. O projeto \u00e9 fruto de uma parceria entre a C\u00e2mara Municipal de Matinhos, a Secretaria Municipal de Educa\u00e7\u00e3o e o Projeto de Extens\u00e3o Cultura + Pol\u00edtica da UFPR Litoral.<\/p>\n\n\n\n<p>No primeiro semestre, cerca de 1.100 crian\u00e7as, estudantes dos 4\u00ba e 5\u00ba anos da rede municipal, participaram de reuni\u00f5es e apresenta\u00e7\u00f5es do projeto. As escolas elegeram seus 14 vereadores mirins, sendo um titular e um suplente para cada uma das sete escolas municipais.<\/p>\n\n\n\n<p>Em junho, os vereadores mirins tomaram posse em uma cerim\u00f4nia que contou com a presen\u00e7a dos vereadores de Matinhos. Desde ent\u00e3o, participaram de atividades formativas e sess\u00f5es legislativas mensais na C\u00e2mara Municipal. O projeto visou proporcionar um espa\u00e7o de aprendizado sobre o funcionamento do Poder Legislativo e as responsabilidades dos representantes eleitos.<\/p>\n\n\n\n<p>Os vereadores mirins dialogaram com suas comunidades escolares \u2014 diretoras, professores e colegas \u2014 para identificar demandas e necessidades locais. Com o apoio da equipe da UFPR e da advogada da C\u00e2mara, aprenderam a distinguir entre as fun\u00e7\u00f5es legislativas e de fiscaliza\u00e7\u00e3o, entendendo quando era cab\u00edvel propor leis ou exercer o papel de fiscaliza\u00e7\u00e3o.<\/p>\n\n\n\n<p>Durante as sess\u00f5es legislativas, os jovens parlamentares elegeram a mesa diretora, aprovaram o regimento interno, definiram o calend\u00e1rio de atividades e encaminharam of\u00edcios ao Presidente da C\u00e2mara Municipal. Al\u00e9m disso, aprovaram atas das sess\u00f5es e outras propostas, vivenciando a pr\u00e1tica do trabalho legislativo.<\/p>\n\n\n\n<p>A cerim\u00f4nia de encerramento, realizada no dia 02 de dezembro de 2024, coroou o sucesso da C\u00e2mara Mirim. O evento reuniu vereadores atuais e rec\u00e9m-eleitos, membros da Secretaria de Educa\u00e7\u00e3o, gestores escolares, pais, familiares e a comunidade matinhense. A cerim\u00f4nia celebrou o empenho dos jovens parlamentares e destacou o papel do projeto na forma\u00e7\u00e3o de futuros cidad\u00e3os conscientes e engajados.<\/p>\n\n\n\n<p>O presidente da C\u00e2mara Municipal destacou que o projeto \u00e9 uma oportunidade \u00fanica para os estudantes compreenderem a import\u00e2ncia da participa\u00e7\u00e3o cidad\u00e3. J\u00e1 os representantes da UFPR ressaltaram a relev\u00e2ncia de iniciativas como essa para aproximar as crian\u00e7as da pol\u00edtica e incentivar o senso de responsabilidade comunit\u00e1ria.<\/p>\n\n\n\n<p>Com o sucesso de seu primeiro ano, a C\u00e2mara Mirim de Matinhos refor\u00e7a seu compromisso de preparar as pr\u00f3ximas gera\u00e7\u00f5es para exercerem seus direitos e deveres democr\u00e1ticos, garantindo que a forma\u00e7\u00e3o cidad\u00e3 continue sendo uma prioridade na cidade.<\/p>\n\n\n\n<h1 class=\"wp-block-heading\">CidadaniaEmA\u00e7\u00e3o #C\u00e2maraMirimMatinhos #Educa\u00e7\u00e3oParaADemocracia<\/h1>\n","protected":false},"excerpt":{"rendered":"<p>Ap\u00f3s sair do papel em 2024, a C\u00e2mara Mirim de Matinhos, criada pela Lei Municipal n. 2052\/2019, consolidou-se como uma iniciativa de destaque na forma\u00e7\u00e3o cidad\u00e3 de estudantes. O projeto \u00e9 fruto de uma parceria entre a C\u00e2mara Municipal de Matinhos, a Secretaria Municipal de Educa\u00e7\u00e3o e o Projeto de Extens\u00e3o Cultura + Pol\u00edtica da [&hellip;]<\/p>\n","protected":false},"author":2,"featured_media":61785,"comment_status":"open","ping_status":"open","sticky":false,"template":"","format":"standard","meta":{"advanced_seo_description":"","jetpack_seo_html_title":"","jetpack_seo_noindex":false,"_jetpack_memberships_contains_paid_content":false,"footnotes":""},"categories":[40,88],"tags":[],"class_list":{"0":"post-61783","1":"post","2":"type-post","3":"status-publish","4":"format-standard","5":"has-post-thumbnail","7":"category-destaques","8":"category-matinhos"},"jetpack_featured_media_url":"https:\/\/www.paranapraia.com.br\/wp-content\/uploads\/2024\/12\/FB_IMG_1733277182915-1-scaled.jpg","jetpack_sharing_enabled":true,"_links":{"self":[{"href":"https:\/\/www.paranapraia.com.br\/index.php\/wp-json\/wp\/v2\/posts\/61783"}],"collection":[{"href":"https:\/\/www.paranapraia.com.br\/index.php\/wp-json\/wp\/v2\/posts"}],"about":[{"href":"https:\/\/www.paranapraia.com.br\/index.php\/wp-json\/wp\/v2\/types\/post"}],"author":[{"embeddable":true,"href":"https:\/\/www.paranapraia.com.br\/index.php\/wp-json\/wp\/v2\/users\/2"}],"replies":[{"embeddable":true,"href":"https:\/\/www.paranapraia.com.br\/index.php\/wp-json\/wp\/v2\/comments?post=61783"}],"version-history":[{"count":1,"href":"https:\/\/www.paranapraia.com.br\/index.php\/wp-json\/wp\/v2\/posts\/61783\/revisions"}],"predecessor-version":[{"id":61786,"href":"https:\/\/www.paranapraia.com.br\/index.php\/wp-json\/wp\/v2\/posts\/61783\/revisions\/61786"}],"wp:featuredmedia":[{"embeddable":true,"href":"https:\/\/www.paranapraia.com.br\/index.php\/wp-json\/wp\/v2\/media\/61785"}],"wp:attachment":[{"href":"https:\/\/www.paranapraia.com.br\/index.php\/wp-json\/wp\/v2\/media?parent=61783"}],"wp:term":[{"taxonomy":"category","embeddable":true,"href":"https:\/\/www.paranapraia.com.br\/index.php\/wp-json\/wp\/v2\/categories?post=61783"},{"taxonomy":"post_tag","embeddable":true,"href":"https:\/\/www.paranapraia.com.br\/index.php\/wp-json\/wp\/v2\/tags?post=61783"}],"curies":[{"name":"wp","href":"https:\/\/api.w.org\/{rel}","templated":true}]}}