{"id":61767,"date":"2024-12-03T18:46:41","date_gmt":"2024-12-03T21:46:41","guid":{"rendered":"https:\/\/www.paranapraia.com.br\/?p=61767"},"modified":"2024-12-03T18:46:43","modified_gmt":"2024-12-03T21:46:43","slug":"programa-saude-na-escola-educacao-e-saude-unem-esforcos-pelo-bem-estar-infantil-em-morretes","status":"publish","type":"post","link":"https:\/\/www.paranapraia.com.br\/index.php\/2024\/12\/03\/programa-saude-na-escola-educacao-e-saude-unem-esforcos-pelo-bem-estar-infantil-em-morretes\/","title":{"rendered":"Programa Sa\u00fade na Escola: Educa\u00e7\u00e3o e sa\u00fade unem esfor\u00e7os pelo bem-estar infantil em Morretes"},"content":{"rendered":"\n<p>O Programa Sa\u00fade na Escola (PSE), desenvolvido pelo munic\u00edpio, busca integrar permanentemente as \u00e1reas de educa\u00e7\u00e3o e sa\u00fade, promovendo a\u00e7\u00f5es que impactam diretamente a qualidade de vida das crian\u00e7as. Com um planejamento conjunto entre escolas e profissionais da sa\u00fade, o programa se destaca por abordar temas fundamentais para o desenvolvimento saud\u00e1vel dos alunos, com \u00eanfase na sa\u00fade bucal.<\/p>\n\n\n\n<figure class=\"wp-block-image size-large\"><img loading=\"lazy\" decoding=\"async\" width=\"768\" height=\"1024\" src=\"https:\/\/www.paranapraia.com.br\/wp-content\/uploads\/2024\/12\/1000214096-768x1024.jpg\" alt=\"\" class=\"wp-image-61769\" srcset=\"https:\/\/www.paranapraia.com.br\/wp-content\/uploads\/2024\/12\/1000214096-768x1024.jpg 768w, https:\/\/www.paranapraia.com.br\/wp-content\/uploads\/2024\/12\/1000214096-225x300.jpg 225w, https:\/\/www.paranapraia.com.br\/wp-content\/uploads\/2024\/12\/1000214096-1152x1536.jpg 1152w, https:\/\/www.paranapraia.com.br\/wp-content\/uploads\/2024\/12\/1000214096-696x928.jpg 696w, https:\/\/www.paranapraia.com.br\/wp-content\/uploads\/2024\/12\/1000214096-1068x1424.jpg 1068w, https:\/\/www.paranapraia.com.br\/wp-content\/uploads\/2024\/12\/1000214096-scaled.jpg 600w\" sizes=\"(max-width: 768px) 100vw, 768px\" \/><\/figure>\n\n\n\n<p>Uma das principais atividades promovidas pelo PSE \u00e9 a escova\u00e7\u00e3o dental supervisionada, que tem como objetivo orientar os estudantes sobre a import\u00e2ncia de h\u00e1bitos adequados de higiene bucal. Durante as sess\u00f5es, os alunos s\u00e3o instru\u00eddos por profissionais especializados, que utilizam t\u00e9cnicas did\u00e1ticas para refor\u00e7ar a import\u00e2ncia do uso de creme dental fluoretado e do bochecho com fl\u00faor. Essas medidas s\u00e3o essenciais na preven\u00e7\u00e3o de problemas como c\u00e1rie dent\u00e1ria e doen\u00e7a periodontal.<\/p>\n\n\n\n<p>Os atendimentos supervisionados ocorrem tanto na educa\u00e7\u00e3o infantil quanto no ensino fundamental, contemplando milhares de crian\u00e7as da rede municipal. A presen\u00e7a da equipe de sa\u00fade bucal, em conjunto com os profissionais da educa\u00e7\u00e3o, \u00e9 indispens\u00e1vel para que as a\u00e7\u00f5es sejam efetivas e incorporadas ao dia a dia dos alunos.<\/p>\n\n\n\n<p>Al\u00e9m de promover sa\u00fade, o programa refor\u00e7a a import\u00e2ncia do trabalho coletivo e da educa\u00e7\u00e3o preventiva, garantindo que os estudantes adquiram conhecimentos e pr\u00e1ticas que contribuir\u00e3o para sua sa\u00fade ao longo da vida. Segundo representantes do munic\u00edpio, iniciativas como o PSE s\u00e3o fundamentais para integrar cuidado, aprendizado e cidadania.<\/p>\n\n\n\n<p>A comunidade escolar tem abra\u00e7ado o programa, que se consolida como um exemplo de pol\u00edtica p\u00fablica voltada para o bem-estar integral das crian\u00e7as. Assim, educa\u00e7\u00e3o e sa\u00fade trabalham juntas para formar cidad\u00e3os mais conscientes e saud\u00e1veis.<\/p>\n","protected":false},"excerpt":{"rendered":"<p>O Programa Sa\u00fade na Escola (PSE), desenvolvido pelo munic\u00edpio, busca integrar permanentemente as \u00e1reas de educa\u00e7\u00e3o e sa\u00fade, promovendo a\u00e7\u00f5es que impactam diretamente a qualidade de vida das crian\u00e7as. Com um planejamento conjunto entre escolas e profissionais da sa\u00fade, o programa se destaca por abordar temas fundamentais para o desenvolvimento saud\u00e1vel dos alunos, com \u00eanfase [&hellip;]<\/p>\n","protected":false},"author":2,"featured_media":61768,"comment_status":"open","ping_status":"open","sticky":false,"template":"","format":"standard","meta":{"advanced_seo_description":"","jetpack_seo_html_title":"","jetpack_seo_noindex":false,"_jetpack_memberships_contains_paid_content":false,"footnotes":""},"categories":[40,125],"tags":[],"class_list":{"0":"post-61767","1":"post","2":"type-post","3":"status-publish","4":"format-standard","5":"has-post-thumbnail","7":"category-destaques","8":"category-morretes"},"jetpack_featured_media_url":"https:\/\/www.paranapraia.com.br\/wp-content\/uploads\/2024\/12\/FB_IMG_1733262273014-scaled.jpg","jetpack_sharing_enabled":true,"_links":{"self":[{"href":"https:\/\/www.paranapraia.com.br\/index.php\/wp-json\/wp\/v2\/posts\/61767"}],"collection":[{"href":"https:\/\/www.paranapraia.com.br\/index.php\/wp-json\/wp\/v2\/posts"}],"about":[{"href":"https:\/\/www.paranapraia.com.br\/index.php\/wp-json\/wp\/v2\/types\/post"}],"author":[{"embeddable":true,"href":"https:\/\/www.paranapraia.com.br\/index.php\/wp-json\/wp\/v2\/users\/2"}],"replies":[{"embeddable":true,"href":"https:\/\/www.paranapraia.com.br\/index.php\/wp-json\/wp\/v2\/comments?post=61767"}],"version-history":[{"count":1,"href":"https:\/\/www.paranapraia.com.br\/index.php\/wp-json\/wp\/v2\/posts\/61767\/revisions"}],"predecessor-version":[{"id":61770,"href":"https:\/\/www.paranapraia.com.br\/index.php\/wp-json\/wp\/v2\/posts\/61767\/revisions\/61770"}],"wp:featuredmedia":[{"embeddable":true,"href":"https:\/\/www.paranapraia.com.br\/index.php\/wp-json\/wp\/v2\/media\/61768"}],"wp:attachment":[{"href":"https:\/\/www.paranapraia.com.br\/index.php\/wp-json\/wp\/v2\/media?parent=61767"}],"wp:term":[{"taxonomy":"category","embeddable":true,"href":"https:\/\/www.paranapraia.com.br\/index.php\/wp-json\/wp\/v2\/categories?post=61767"},{"taxonomy":"post_tag","embeddable":true,"href":"https:\/\/www.paranapraia.com.br\/index.php\/wp-json\/wp\/v2\/tags?post=61767"}],"curies":[{"name":"wp","href":"https:\/\/api.w.org\/{rel}","templated":true}]}}