{"id":61749,"date":"2024-12-03T18:16:08","date_gmt":"2024-12-03T21:16:08","guid":{"rendered":"https:\/\/www.paranapraia.com.br\/?p=61749"},"modified":"2024-12-03T18:16:10","modified_gmt":"2024-12-03T21:16:10","slug":"matinhos-iat-finaliza-reflorestamento-do-canal-da-avenida-parana-com-576-arvores","status":"publish","type":"post","link":"https:\/\/www.paranapraia.com.br\/index.php\/2024\/12\/03\/matinhos-iat-finaliza-reflorestamento-do-canal-da-avenida-parana-com-576-arvores\/","title":{"rendered":"Matinhos: IAT finaliza reflorestamento do Canal da Avenida Paran\u00e1 com 576 \u00e1rvores"},"content":{"rendered":"\n<p>O Instituto \u00c1gua e Terra (IAT) finalizou o processo de reflorestamento das margens do Canal da Avenida Paran\u00e1, em Matinhos, no Litoral. Foram plantadas 576 unidades de manac\u00e1s-da-serra (<em>Tibouchina mutabilis<\/em>), esp\u00e9cie nativa do Paran\u00e1, ao longo de todo o equipamento, cuja extens\u00e3o \u00e9 de 1,4 quil\u00f4metro. A a\u00e7\u00e3o integra o pacote de revitaliza\u00e7\u00e3o da orla do balne\u00e1rio, considerada a principal interven\u00e7\u00e3o urbana da hist\u00f3ria do munic\u00edpio, com investimento do Governo do Estado de R$ 354,4 milh\u00f5es.<\/p>\n\n\n\n<p>A interven\u00e7\u00e3o superou&nbsp;<strong><a href=\"https:\/\/www.aen.pr.gov.br\/Noticia\/Microdrenagem-avanca-e-revitalizacao-da-Orla-de-Matinhos-alcanca-96\" target=\"_blank\" rel=\"noreferrer noopener\">96% de finaliza\u00e7\u00e3o<\/a><\/strong>&nbsp;e ser\u00e1 conclu\u00edda no primeiro trimestre de 2025.<\/p>\n\n\n\n<p>Diretor de Saneamento Ambiental e Recursos H\u00eddricos do IAT, Roberto Machado Correa explica que o manac\u00e1 foi escolhido depois de muita pesquisa. A esp\u00e9cie \u00e9, inclusive, indicada pelo&nbsp;<strong><a href=\"https:\/\/copelsustentabilidade.com\/wp-content\/uploads\/2021\/04\/Guia-de-Arborizacao-Copel.pdf\" target=\"_blank\" rel=\"noreferrer noopener\">Guia \u201cArboriza\u00e7\u00e3o de Vias P\u00fablicas\u201d<\/a><\/strong>, desenvolvido pela Companhia Paranaense de Energia (Copel) para orientar os munic\u00edpios paranaenses no planejamento do plantio de \u00e1rvores em vias p\u00fablicas. O IAT \u00e9 vinculado \u00e0 Secretaria de Estado do Desenvolvimento Sustent\u00e1vel (Sedest).<\/p>\n\n\n\n<p>\u201cA regi\u00e3o \u00e9 de pouca maresia e ventos leves, o que otimiza o desenvolvimento das mudas. Al\u00e9m de ter um papel essencial na preserva\u00e7\u00e3o do espa\u00e7o, garantindo a melhoria de todo o ecossistema, a perspectiva \u00e9 que impacte tamb\u00e9m no conforto e no bem-estar das pessoas que v\u00e3o trafegar ao longo do canal\u201d, diz. \u201cFora que vai significar mais espa\u00e7o para o habitat de animais silvestres, potencializando a conserva\u00e7\u00e3o do meio ambiente\u201d, acrescenta o diretor.<\/p>\n\n\n\n<p>Ele refor\u00e7a a import\u00e2ncia da estrutura no projeto de recupera\u00e7\u00e3o da orla de Matinhos. O canal \u00e9 o ponto principal do sistema de microdrenagem implementado no munic\u00edpio, com papel essencial no escoamento das \u00e1guas da chuva.<\/p>\n\n\n\n<p>O novo sistema funcionar\u00e1 da seguinte maneira: quando a chuva cair na cidade a \u00e1gua escorrer\u00e1 para as canaletas de microdrenagem localizadas ao lado das ruas, pr\u00f3ximas \u00e0s cal\u00e7adas, e de l\u00e1 escoar\u00e1 para o sistema de macrodrenagem (100% finalizado), composto por extensos canais sem tampa que conseguem transportar um grande volume por grandes dist\u00e2ncias, como o pr\u00f3prio canal da Avenida Paran\u00e1, o do Rio Matinhos e o da Avenida Juscelino Kubitschek.<\/p>\n\n\n\n<p>Depois de passar pela macrodrenagem, a \u00e1gua ser\u00e1 lan\u00e7ada para o destino final, que ser\u00e1 um dos corpos h\u00eddricos da cidade, como o mar, o Rio Matinhos ou os afluentes com o Rio Milome.<\/p>\n\n\n\n<p>AEN<\/p>\n","protected":false},"excerpt":{"rendered":"<p>O Instituto \u00c1gua e Terra (IAT) finalizou o processo de reflorestamento das margens do Canal da Avenida Paran\u00e1, em Matinhos, no Litoral. Foram plantadas 576 unidades de manac\u00e1s-da-serra (Tibouchina mutabilis), esp\u00e9cie nativa do Paran\u00e1, ao longo de todo o equipamento, cuja extens\u00e3o \u00e9 de 1,4 quil\u00f4metro. A a\u00e7\u00e3o integra o pacote de revitaliza\u00e7\u00e3o da orla [&hellip;]<\/p>\n","protected":false},"author":2,"featured_media":61750,"comment_status":"open","ping_status":"open","sticky":false,"template":"","format":"standard","meta":{"advanced_seo_description":"","jetpack_seo_html_title":"","jetpack_seo_noindex":false,"_jetpack_memberships_contains_paid_content":false,"footnotes":""},"categories":[40,88],"tags":[],"class_list":{"0":"post-61749","1":"post","2":"type-post","3":"status-publish","4":"format-standard","5":"has-post-thumbnail","7":"category-destaques","8":"category-matinhos"},"jetpack_featured_media_url":"https:\/\/www.paranapraia.com.br\/wp-content\/uploads\/2024\/12\/canal_da_avenida_pr_5_dta_acquaplan-scaled.jpg","jetpack_sharing_enabled":true,"_links":{"self":[{"href":"https:\/\/www.paranapraia.com.br\/index.php\/wp-json\/wp\/v2\/posts\/61749"}],"collection":[{"href":"https:\/\/www.paranapraia.com.br\/index.php\/wp-json\/wp\/v2\/posts"}],"about":[{"href":"https:\/\/www.paranapraia.com.br\/index.php\/wp-json\/wp\/v2\/types\/post"}],"author":[{"embeddable":true,"href":"https:\/\/www.paranapraia.com.br\/index.php\/wp-json\/wp\/v2\/users\/2"}],"replies":[{"embeddable":true,"href":"https:\/\/www.paranapraia.com.br\/index.php\/wp-json\/wp\/v2\/comments?post=61749"}],"version-history":[{"count":1,"href":"https:\/\/www.paranapraia.com.br\/index.php\/wp-json\/wp\/v2\/posts\/61749\/revisions"}],"predecessor-version":[{"id":61751,"href":"https:\/\/www.paranapraia.com.br\/index.php\/wp-json\/wp\/v2\/posts\/61749\/revisions\/61751"}],"wp:featuredmedia":[{"embeddable":true,"href":"https:\/\/www.paranapraia.com.br\/index.php\/wp-json\/wp\/v2\/media\/61750"}],"wp:attachment":[{"href":"https:\/\/www.paranapraia.com.br\/index.php\/wp-json\/wp\/v2\/media?parent=61749"}],"wp:term":[{"taxonomy":"category","embeddable":true,"href":"https:\/\/www.paranapraia.com.br\/index.php\/wp-json\/wp\/v2\/categories?post=61749"},{"taxonomy":"post_tag","embeddable":true,"href":"https:\/\/www.paranapraia.com.br\/index.php\/wp-json\/wp\/v2\/tags?post=61749"}],"curies":[{"name":"wp","href":"https:\/\/api.w.org\/{rel}","templated":true}]}}