{"id":61743,"date":"2024-12-03T17:39:53","date_gmt":"2024-12-03T20:39:53","guid":{"rendered":"https:\/\/www.paranapraia.com.br\/?p=61743"},"modified":"2024-12-03T17:39:55","modified_gmt":"2024-12-03T20:39:55","slug":"antonina-e-palco-do-iv-encontro-de-bandas-e-fanfarras-em-um-domingo-de-celebracao-cultural","status":"publish","type":"post","link":"https:\/\/www.paranapraia.com.br\/index.php\/2024\/12\/03\/antonina-e-palco-do-iv-encontro-de-bandas-e-fanfarras-em-um-domingo-de-celebracao-cultural\/","title":{"rendered":"Antonina \u00e9 palco do IV Encontro de Bandas e Fanfarras em um domingo de celebra\u00e7\u00e3o cultural"},"content":{"rendered":"\n<p>Antonina viveu um dia hist\u00f3rico neste domingo ao sediar o IV Encontro de Bandas e Fanfarras, que reuniu mais de 10 apresenta\u00e7\u00f5es de grupos de v\u00e1rias cidades e contou com a participa\u00e7\u00e3o de mais de 500 crian\u00e7as e jovens. Com um cen\u00e1rio encantador e as escadarias lotadas, o evento tornou-se um marco de intera\u00e7\u00e3o e celebra\u00e7\u00e3o da cultura local, movimentando o com\u00e9rcio da regi\u00e3o central e encantando os presentes.<\/p>\n\n\n\n<p>Entre os grupos participantes, estiveram a Fanfarra Municipal de Tai\u00f3 (SC), grupos de Curitiba, Guaraque\u00e7aba, Guaratuba, al\u00e9m de talentos locais como a APAE de Antonina e a Escola Hiram Rolim. O evento contou tamb\u00e9m com apresenta\u00e7\u00f5es da renomada Filarm\u00f4nica de Antonina e da Fanfarra \u00danica, ambas representando com maestria a cidade anfitri\u00e3.<\/p>\n\n\n\n<figure class=\"wp-block-image size-large\"><img loading=\"lazy\" decoding=\"async\" width=\"1024\" height=\"769\" src=\"https:\/\/www.paranapraia.com.br\/wp-content\/uploads\/2024\/12\/WhatsApp-Image-2024-12-03-at-17.38.18-3-1024x769.jpeg\" alt=\"\" class=\"wp-image-61745\" srcset=\"https:\/\/www.paranapraia.com.br\/wp-content\/uploads\/2024\/12\/WhatsApp-Image-2024-12-03-at-17.38.18-3-1024x769.jpeg 1024w, https:\/\/www.paranapraia.com.br\/wp-content\/uploads\/2024\/12\/WhatsApp-Image-2024-12-03-at-17.38.18-3-300x225.jpeg 300w, https:\/\/www.paranapraia.com.br\/wp-content\/uploads\/2024\/12\/WhatsApp-Image-2024-12-03-at-17.38.18-3-768x576.jpeg 768w, https:\/\/www.paranapraia.com.br\/wp-content\/uploads\/2024\/12\/WhatsApp-Image-2024-12-03-at-17.38.18-3-696x522.jpeg 696w, https:\/\/www.paranapraia.com.br\/wp-content\/uploads\/2024\/12\/WhatsApp-Image-2024-12-03-at-17.38.18-3-1068x802.jpeg 1068w, https:\/\/www.paranapraia.com.br\/wp-content\/uploads\/2024\/12\/WhatsApp-Image-2024-12-03-at-17.38.18-3-scaled.jpeg 800w\" sizes=\"(max-width: 1024px) 100vw, 1024px\" \/><\/figure>\n\n\n\n<p>Os jovens m\u00fasicos emocionaram o p\u00fablico com um repert\u00f3rio que variou de composi\u00e7\u00f5es tradicionais a interpreta\u00e7\u00f5es modernas, mostrando o poder transformador da m\u00fasica e sua capacidade de unir diferentes comunidades.<\/p>\n\n\n\n<p>O encontro atraiu moradores, turistas e apaixonados por m\u00fasica, que encheram as ruas de Antonina com entusiasmo e aplausos. A movimenta\u00e7\u00e3o intensa gerou um impacto positivo no com\u00e9rcio local, beneficiando lojistas e restaurantes da regi\u00e3o central. Al\u00e9m disso, o evento destacou o papel da m\u00fasica na forma\u00e7\u00e3o de jovens, fortalecendo la\u00e7os comunit\u00e1rios e promovendo valores como disciplina, trabalho em equipe e dedica\u00e7\u00e3o.<\/p>\n\n\n\n<figure class=\"wp-block-image size-large\"><img loading=\"lazy\" decoding=\"async\" width=\"1024\" height=\"440\" src=\"https:\/\/www.paranapraia.com.br\/wp-content\/uploads\/2024\/12\/WhatsApp-Image-2024-12-03-at-17.38.18-2-1024x440.jpeg\" alt=\"\" class=\"wp-image-61746\" srcset=\"https:\/\/www.paranapraia.com.br\/wp-content\/uploads\/2024\/12\/WhatsApp-Image-2024-12-03-at-17.38.18-2-1024x440.jpeg 1024w, https:\/\/www.paranapraia.com.br\/wp-content\/uploads\/2024\/12\/WhatsApp-Image-2024-12-03-at-17.38.18-2-300x129.jpeg 300w, https:\/\/www.paranapraia.com.br\/wp-content\/uploads\/2024\/12\/WhatsApp-Image-2024-12-03-at-17.38.18-2-768x330.jpeg 768w, https:\/\/www.paranapraia.com.br\/wp-content\/uploads\/2024\/12\/WhatsApp-Image-2024-12-03-at-17.38.18-2-696x299.jpeg 696w, https:\/\/www.paranapraia.com.br\/wp-content\/uploads\/2024\/12\/WhatsApp-Image-2024-12-03-at-17.38.18-2-1068x459.jpeg 1068w, https:\/\/www.paranapraia.com.br\/wp-content\/uploads\/2024\/12\/WhatsApp-Image-2024-12-03-at-17.38.18-2-scaled.jpeg 800w\" sizes=\"(max-width: 1024px) 100vw, 1024px\" \/><\/figure>\n\n\n\n<p>Para Antonina, que tem uma rica tradi\u00e7\u00e3o cultural, o encontro reafirmou seu papel como um polo de eventos que valorizam a m\u00fasica e a educa\u00e7\u00e3o. A participa\u00e7\u00e3o expressiva de grupos de diferentes localidades refor\u00e7ou a import\u00e2ncia da integra\u00e7\u00e3o regional e da preserva\u00e7\u00e3o das fanfarras e bandas, um patrim\u00f4nio que transcende gera\u00e7\u00f5es.<\/p>\n\n\n\n<p>A Prefeitura de Antonina agradeceu a todos os envolvidos na organiza\u00e7\u00e3o do evento, aos grupos participantes e ao p\u00fablico que prestigiou as apresenta\u00e7\u00f5es. Foi um dia de celebra\u00e7\u00e3o, onde a m\u00fasica serviu como elo entre os munic\u00edpios e um lembrete do poder transformador da cultura.<\/p>\n\n\n\n<p>Parab\u00e9ns a todos os participantes por este bel\u00edssimo espet\u00e1culo!<\/p>\n\n\n\n<h1 class=\"wp-block-heading\">AntoninaMelhor #PrefeituraDeAntonina #CulturaQueTransforma #BandasEFanfarras<\/h1>\n","protected":false},"excerpt":{"rendered":"<p>Antonina viveu um dia hist\u00f3rico neste domingo ao sediar o IV Encontro de Bandas e Fanfarras, que reuniu mais de 10 apresenta\u00e7\u00f5es de grupos de v\u00e1rias cidades e contou com a participa\u00e7\u00e3o de mais de 500 crian\u00e7as e jovens. Com um cen\u00e1rio encantador e as escadarias lotadas, o evento tornou-se um marco de intera\u00e7\u00e3o e [&hellip;]<\/p>\n","protected":false},"author":2,"featured_media":61742,"comment_status":"open","ping_status":"open","sticky":false,"template":"","format":"standard","meta":{"advanced_seo_description":"","jetpack_seo_html_title":"","jetpack_seo_noindex":false,"_jetpack_memberships_contains_paid_content":false,"footnotes":""},"categories":[132,40],"tags":[388,464],"class_list":{"0":"post-61743","1":"post","2":"type-post","3":"status-publish","4":"format-standard","5":"has-post-thumbnail","7":"category-antonina","8":"category-destaques","9":"tag-antonina","10":"tag-fanfarra"},"jetpack_featured_media_url":"https:\/\/www.paranapraia.com.br\/wp-content\/uploads\/2024\/12\/FB_IMG_1733257938826-scaled.jpg","jetpack_sharing_enabled":true,"_links":{"self":[{"href":"https:\/\/www.paranapraia.com.br\/index.php\/wp-json\/wp\/v2\/posts\/61743"}],"collection":[{"href":"https:\/\/www.paranapraia.com.br\/index.php\/wp-json\/wp\/v2\/posts"}],"about":[{"href":"https:\/\/www.paranapraia.com.br\/index.php\/wp-json\/wp\/v2\/types\/post"}],"author":[{"embeddable":true,"href":"https:\/\/www.paranapraia.com.br\/index.php\/wp-json\/wp\/v2\/users\/2"}],"replies":[{"embeddable":true,"href":"https:\/\/www.paranapraia.com.br\/index.php\/wp-json\/wp\/v2\/comments?post=61743"}],"version-history":[{"count":1,"href":"https:\/\/www.paranapraia.com.br\/index.php\/wp-json\/wp\/v2\/posts\/61743\/revisions"}],"predecessor-version":[{"id":61747,"href":"https:\/\/www.paranapraia.com.br\/index.php\/wp-json\/wp\/v2\/posts\/61743\/revisions\/61747"}],"wp:featuredmedia":[{"embeddable":true,"href":"https:\/\/www.paranapraia.com.br\/index.php\/wp-json\/wp\/v2\/media\/61742"}],"wp:attachment":[{"href":"https:\/\/www.paranapraia.com.br\/index.php\/wp-json\/wp\/v2\/media?parent=61743"}],"wp:term":[{"taxonomy":"category","embeddable":true,"href":"https:\/\/www.paranapraia.com.br\/index.php\/wp-json\/wp\/v2\/categories?post=61743"},{"taxonomy":"post_tag","embeddable":true,"href":"https:\/\/www.paranapraia.com.br\/index.php\/wp-json\/wp\/v2\/tags?post=61743"}],"curies":[{"name":"wp","href":"https:\/\/api.w.org\/{rel}","templated":true}]}}