{"id":61727,"date":"2024-12-03T16:41:53","date_gmt":"2024-12-03T19:41:53","guid":{"rendered":"https:\/\/www.paranapraia.com.br\/?p=61727"},"modified":"2024-12-03T16:41:55","modified_gmt":"2024-12-03T19:41:55","slug":"aula-inaugural-especializacao-em-educacao-e-saberes-da-experiencia-para-a-educacao-basica","status":"publish","type":"post","link":"https:\/\/www.paranapraia.com.br\/index.php\/2024\/12\/03\/aula-inaugural-especializacao-em-educacao-e-saberes-da-experiencia-para-a-educacao-basica\/","title":{"rendered":"Aula inaugural: especializa\u00e7\u00e3o em Educa\u00e7\u00e3o e Saberes da Experi\u00eancia para a Educa\u00e7\u00e3o B\u00e1sica"},"content":{"rendered":"\n<p>Na noite de 29 de novembro, o Audit\u00f3rio Juliano Fumaneri Weiss sediou a aula inaugural da especializa\u00e7\u00e3o em Educa\u00e7\u00e3o e Saberes da Experi\u00eancia para a Educa\u00e7\u00e3o B\u00e1sica, um programa que fortalece a parceria entre a Universidade Federal do Paran\u00e1 (UFPR) e as escolas do litoral paranaense. O evento contou com a presen\u00e7a dos coordenadores da especializa\u00e7\u00e3o, professores. Paulo Gaspar Graziola Junior e Ana Maria Franco, al\u00e9m dos docentes Marcos Aur\u00e9lio Zanlorenzi, Neusa Maria Tauscheck e Suzana Cini Freitas.<\/p>\n\n\n\n<figure class=\"wp-block-image size-large\"><img loading=\"lazy\" decoding=\"async\" width=\"1024\" height=\"730\" src=\"https:\/\/www.paranapraia.com.br\/wp-content\/uploads\/2024\/12\/1000213957-1024x730.jpg\" alt=\"\" class=\"wp-image-61729\" srcset=\"https:\/\/www.paranapraia.com.br\/wp-content\/uploads\/2024\/12\/1000213957-1024x730.jpg 1024w, https:\/\/www.paranapraia.com.br\/wp-content\/uploads\/2024\/12\/1000213957-300x214.jpg 300w, https:\/\/www.paranapraia.com.br\/wp-content\/uploads\/2024\/12\/1000213957-768x547.jpg 768w, https:\/\/www.paranapraia.com.br\/wp-content\/uploads\/2024\/12\/1000213957-696x496.jpg 696w, https:\/\/www.paranapraia.com.br\/wp-content\/uploads\/2024\/12\/1000213957-1068x761.jpg 1068w, https:\/\/www.paranapraia.com.br\/wp-content\/uploads\/2024\/12\/1000213957-scaled.jpg 800w\" sizes=\"(max-width: 1024px) 100vw, 1024px\" \/><\/figure>\n\n\n\n<p>Tamb\u00e9m marcaram presen\u00e7a vice-diretor do Setor Litoral da UFPR, professor Lu\u00eds Eduardo Cunha Thomassim e a professora Dabinei Lima Ferreira, representando a Secretaria Municipal de Educa\u00e7\u00e3o, Cultura e Esporte (SMECE) de Matinhos.<\/p>\n\n\n\n<p>A palestrante convidada foi a professora Maria Isabel da Cunha, que abordou a rela\u00e7\u00e3o teoria-pr\u00e1tica na forma\u00e7\u00e3o docente e os saberes pedag\u00f3gicos. Mabel \u00e9 pedagoga e pesquisadora A1 do CNPq, \u00e9 uma refer\u00eancias na forma\u00e7\u00e3o de professores e na educa\u00e7\u00e3o superior, no Brasil e no exterior. Docente permanente da Universidade Federal de Pelotas (UF, foi pr\u00f3-reitora de Gradua\u00e7\u00e3o, e participou da cria\u00e7\u00e3o do Sistema Nacional de Avalia\u00e7\u00e3o da Educa\u00e7\u00e3o Superior (Sinaes), em 1992. Al\u00e9m disso, \u00e9 membro de importantes redes de pesquisa, como a Rede Sulriograndense de Investigadores da Educa\u00e7\u00e3o Superior (Ries).<\/p>\n\n\n\n<figure class=\"wp-block-image size-large\"><img loading=\"lazy\" decoding=\"async\" width=\"1024\" height=\"536\" src=\"https:\/\/www.paranapraia.com.br\/wp-content\/uploads\/2024\/12\/1000213956-1024x536.jpg\" alt=\"\" class=\"wp-image-61730\" srcset=\"https:\/\/www.paranapraia.com.br\/wp-content\/uploads\/2024\/12\/1000213956-1024x536.jpg 1024w, https:\/\/www.paranapraia.com.br\/wp-content\/uploads\/2024\/12\/1000213956-300x157.jpg 300w, https:\/\/www.paranapraia.com.br\/wp-content\/uploads\/2024\/12\/1000213956-768x402.jpg 768w, https:\/\/www.paranapraia.com.br\/wp-content\/uploads\/2024\/12\/1000213956-696x365.jpg 696w, https:\/\/www.paranapraia.com.br\/wp-content\/uploads\/2024\/12\/1000213956-1068x559.jpg 1068w, https:\/\/www.paranapraia.com.br\/wp-content\/uploads\/2024\/12\/1000213956-scaled.jpg 800w\" sizes=\"(max-width: 1024px) 100vw, 1024px\" \/><\/figure>\n\n\n\n<p>A especializa\u00e7\u00e3o em Educa\u00e7\u00e3o e Saberes da Experi\u00eancia para a Educa\u00e7\u00e3o B\u00e1sica tem como objetivo estreitar os la\u00e7os entre a Universidade e as escolas da regi\u00e3o, oferecendo forma\u00e7\u00e3o continuada para atender \u00e0s necessidades das institui\u00e7\u00f5es de ensino p\u00fablicas (municipais e estaduais), com o prop\u00f3sito de melhorar a qualidade da educa\u00e7\u00e3o no litoral paranaense.<\/p>\n\n\n\n<p>O curso um desdobramento do sucesso do Programa de Capacita\u00e7\u00e3o Avan\u00e7ada (PCA), que j\u00e1 formou mais de 60 docentes, desde 2021. Al\u00e9m disso, oferece um diferencial importante: os alunos do PCA receber\u00e3o dupla certifica\u00e7\u00e3o \u2013 uma pela SMECE e outra pela UFPR, o que representa um marco na qualifica\u00e7\u00e3o dos profissionais da educa\u00e7\u00e3o b\u00e1sica p\u00fablica.<\/p>\n","protected":false},"excerpt":{"rendered":"<p>Na noite de 29 de novembro, o Audit\u00f3rio Juliano Fumaneri Weiss sediou a aula inaugural da especializa\u00e7\u00e3o em Educa\u00e7\u00e3o e Saberes da Experi\u00eancia para a Educa\u00e7\u00e3o B\u00e1sica, um programa que fortalece a parceria entre a Universidade Federal do Paran\u00e1 (UFPR) e as escolas do litoral paranaense. O evento contou com a presen\u00e7a dos coordenadores da [&hellip;]<\/p>\n","protected":false},"author":2,"featured_media":61728,"comment_status":"open","ping_status":"open","sticky":false,"template":"","format":"standard","meta":{"advanced_seo_description":"","jetpack_seo_html_title":"","jetpack_seo_noindex":false,"_jetpack_memberships_contains_paid_content":false,"footnotes":""},"categories":[40,111],"tags":[],"class_list":{"0":"post-61727","1":"post","2":"type-post","3":"status-publish","4":"format-standard","5":"has-post-thumbnail","7":"category-destaques","8":"category-ufpr"},"jetpack_featured_media_url":"https:\/\/www.paranapraia.com.br\/wp-content\/uploads\/2024\/12\/FB_IMG_1733254791001-scaled.jpg","jetpack_sharing_enabled":true,"_links":{"self":[{"href":"https:\/\/www.paranapraia.com.br\/index.php\/wp-json\/wp\/v2\/posts\/61727"}],"collection":[{"href":"https:\/\/www.paranapraia.com.br\/index.php\/wp-json\/wp\/v2\/posts"}],"about":[{"href":"https:\/\/www.paranapraia.com.br\/index.php\/wp-json\/wp\/v2\/types\/post"}],"author":[{"embeddable":true,"href":"https:\/\/www.paranapraia.com.br\/index.php\/wp-json\/wp\/v2\/users\/2"}],"replies":[{"embeddable":true,"href":"https:\/\/www.paranapraia.com.br\/index.php\/wp-json\/wp\/v2\/comments?post=61727"}],"version-history":[{"count":1,"href":"https:\/\/www.paranapraia.com.br\/index.php\/wp-json\/wp\/v2\/posts\/61727\/revisions"}],"predecessor-version":[{"id":61731,"href":"https:\/\/www.paranapraia.com.br\/index.php\/wp-json\/wp\/v2\/posts\/61727\/revisions\/61731"}],"wp:featuredmedia":[{"embeddable":true,"href":"https:\/\/www.paranapraia.com.br\/index.php\/wp-json\/wp\/v2\/media\/61728"}],"wp:attachment":[{"href":"https:\/\/www.paranapraia.com.br\/index.php\/wp-json\/wp\/v2\/media?parent=61727"}],"wp:term":[{"taxonomy":"category","embeddable":true,"href":"https:\/\/www.paranapraia.com.br\/index.php\/wp-json\/wp\/v2\/categories?post=61727"},{"taxonomy":"post_tag","embeddable":true,"href":"https:\/\/www.paranapraia.com.br\/index.php\/wp-json\/wp\/v2\/tags?post=61727"}],"curies":[{"name":"wp","href":"https:\/\/api.w.org\/{rel}","templated":true}]}}