{"id":61706,"date":"2024-12-03T12:34:03","date_gmt":"2024-12-03T15:34:03","guid":{"rendered":"https:\/\/www.paranapraia.com.br\/?p=61706"},"modified":"2024-12-03T12:34:04","modified_gmt":"2024-12-03T15:34:04","slug":"sonho-ou-realidade-adolescente-de-curitiba-tem-festa-de-15-anos-avaliada-em-r-5-milhoes","status":"publish","type":"post","link":"https:\/\/www.paranapraia.com.br\/index.php\/2024\/12\/03\/sonho-ou-realidade-adolescente-de-curitiba-tem-festa-de-15-anos-avaliada-em-r-5-milhoes\/","title":{"rendered":"Sonho ou realidade: Adolescente de Curitiba tem festa de 15 anos avaliada em R$ 5 milh\u00f5es"},"content":{"rendered":"\n<p>Curitiba foi palco de um evento de luxo que chamou aten\u00e7\u00e3o pela grandiosidade. A festa de 15 anos de Jeniffer, realizada no Clube Curitibano, reuniu mais de 1200 convidados em uma celebra\u00e7\u00e3o que entrou para a hist\u00f3ria da cidade. O destaque da noite foi a presen\u00e7a do cantor sertanejo Luan Santana, \u00eddolo da jovem, contratado exclusivamente para o evento por nada menos que R$ 2 milh\u00f5es.<\/p>\n\n\n\n<p>A comemora\u00e7\u00e3o, que teve um custo total de R$ 5 milh\u00f5es, contou com uma produ\u00e7\u00e3o impec\u00e1vel, incluindo decora\u00e7\u00e3o exuberante, buffet de alta gastronomia e uma estrutura digna de grandes eventos. A entrada da debutante foi um dos momentos mais aguardados, marcada por um espet\u00e1culo de luzes e fogos que encantou os convidados. Mas a maior surpresa da noite ficou por conta do show particular de Luan Santana, que subiu ao palco para realizar o sonho de Jeniffer.<\/p>\n\n\n\n<p>Durante a apresenta\u00e7\u00e3o, a aniversariante teve a oportunidade de cantar ao lado do seu \u00eddolo, um momento que emocionou todos os presentes. \u201cFoi o melhor dia da minha vida! Estou completamente realizada\u201d, declarou Jeniffer, visivelmente emocionada. O show incluiu grandes sucessos do cantor, que fez quest\u00e3o de parabenizar a jovem e agradecer pela recep\u00e7\u00e3o calorosa.<\/p>\n\n\n\n<p>A festa tamb\u00e9m mobilizou dezenas de profissionais, entre organizadores, decoradores, chefs e uma equipe de seguran\u00e7a de primeira linha para garantir que tudo sa\u00edsse conforme planejado. O evento se tornou um marco n\u00e3o s\u00f3 pela magnitude, mas tamb\u00e9m por refor\u00e7ar o Clube Curitibano como um dos locais mais exclusivos para eventos na capital paranaense.<\/p>\n\n\n\n<p>Nas redes sociais, imagens e v\u00eddeos da celebra\u00e7\u00e3o repercutiram rapidamente, gerando coment\u00e1rios sobre o luxo e a grandiosidade do evento. Embora tenha dividido opini\u00f5es, a festa ficou marcada como um exemplo de como sonhos podem se tornar realidade para aqueles que t\u00eam condi\u00e7\u00f5es de investir em momentos inesquec\u00edveis.<\/p>\n","protected":false},"excerpt":{"rendered":"<p>Curitiba foi palco de um evento de luxo que chamou aten\u00e7\u00e3o pela grandiosidade. A festa de 15 anos de Jeniffer, realizada no Clube Curitibano, reuniu mais de 1200 convidados em uma celebra\u00e7\u00e3o que entrou para a hist\u00f3ria da cidade. O destaque da noite foi a presen\u00e7a do cantor sertanejo Luan Santana, \u00eddolo da jovem, contratado [&hellip;]<\/p>\n","protected":false},"author":2,"featured_media":61707,"comment_status":"open","ping_status":"open","sticky":false,"template":"","format":"standard","meta":{"advanced_seo_description":"","jetpack_seo_html_title":"","jetpack_seo_noindex":false,"_jetpack_memberships_contains_paid_content":false,"footnotes":""},"categories":[71],"tags":[],"class_list":{"0":"post-61706","1":"post","2":"type-post","3":"status-publish","4":"format-standard","5":"has-post-thumbnail","7":"category-curitiba"},"jetpack_featured_media_url":"https:\/\/www.paranapraia.com.br\/wp-content\/uploads\/2024\/12\/FB_IMG_1733239928008.jpg","jetpack_sharing_enabled":true,"_links":{"self":[{"href":"https:\/\/www.paranapraia.com.br\/index.php\/wp-json\/wp\/v2\/posts\/61706"}],"collection":[{"href":"https:\/\/www.paranapraia.com.br\/index.php\/wp-json\/wp\/v2\/posts"}],"about":[{"href":"https:\/\/www.paranapraia.com.br\/index.php\/wp-json\/wp\/v2\/types\/post"}],"author":[{"embeddable":true,"href":"https:\/\/www.paranapraia.com.br\/index.php\/wp-json\/wp\/v2\/users\/2"}],"replies":[{"embeddable":true,"href":"https:\/\/www.paranapraia.com.br\/index.php\/wp-json\/wp\/v2\/comments?post=61706"}],"version-history":[{"count":1,"href":"https:\/\/www.paranapraia.com.br\/index.php\/wp-json\/wp\/v2\/posts\/61706\/revisions"}],"predecessor-version":[{"id":61708,"href":"https:\/\/www.paranapraia.com.br\/index.php\/wp-json\/wp\/v2\/posts\/61706\/revisions\/61708"}],"wp:featuredmedia":[{"embeddable":true,"href":"https:\/\/www.paranapraia.com.br\/index.php\/wp-json\/wp\/v2\/media\/61707"}],"wp:attachment":[{"href":"https:\/\/www.paranapraia.com.br\/index.php\/wp-json\/wp\/v2\/media?parent=61706"}],"wp:term":[{"taxonomy":"category","embeddable":true,"href":"https:\/\/www.paranapraia.com.br\/index.php\/wp-json\/wp\/v2\/categories?post=61706"},{"taxonomy":"post_tag","embeddable":true,"href":"https:\/\/www.paranapraia.com.br\/index.php\/wp-json\/wp\/v2\/tags?post=61706"}],"curies":[{"name":"wp","href":"https:\/\/api.w.org\/{rel}","templated":true}]}}