{"id":61703,"date":"2024-12-03T12:30:15","date_gmt":"2024-12-03T15:30:15","guid":{"rendered":"https:\/\/www.paranapraia.com.br\/?p=61703"},"modified":"2024-12-03T12:30:17","modified_gmt":"2024-12-03T15:30:17","slug":"deputado-denian-couto-e-prefeito-eleito-mauricio-lense-em-novas-acoes-por-guaratuba","status":"publish","type":"post","link":"https:\/\/www.paranapraia.com.br\/index.php\/2024\/12\/03\/deputado-denian-couto-e-prefeito-eleito-mauricio-lense-em-novas-acoes-por-guaratuba\/","title":{"rendered":"Deputado Denian Couto e prefeito eleito Mauricio Lense em novas a\u00e7\u00f5es por Guaratuba"},"content":{"rendered":"\n<p>\u00a0O deputado estadual Denian Couto (Podemos) e o prefeito eleito de Guaratuba Mauricio Lense (Podemos) cumprem mais uma s\u00e9rie de agenda juntos. A parceria que come\u00e7ou ainda na campanha, se mostra firme com trabalho efetivo mesmo antes da nova administra\u00e7\u00e3o municipal tomar posse.<\/p>\n\n\n\n<p>Nesta segunda-feira (02\/12), eles participaram de uma reuni\u00e3o na Secretaria Estadual de Sa\u00fade, em Curitiba, onde foram recebidos pelo chefe de gabinete da Sesa, Ian Sonda. Entre os assuntos abordados no encontro, est\u00e1 a situa\u00e7\u00e3o da obra do Hospital Maternidade de Guaratuba.<\/p>\n\n\n\n<p>Para Denian Couto, poder representar Guaratuba na Assembleia e nas intermedia\u00e7\u00f5es junto ao governo do estado \u00e9 uma grande conquista.&nbsp; &#8220;No que eu puder, dentro das minhas atribui\u00e7\u00f5es como deputado, vou buscar os recursos e melhorias para Guaratuba, em todas as \u00e1reas. O trabalho j\u00e1 \u00e9 muito intenso e n\u00e3o vai parar&#8221;, declarou.&nbsp;<\/p>\n\n\n\n<p>Assessoria<\/p>\n","protected":false},"excerpt":{"rendered":"<p>\u00a0O deputado estadual Denian Couto (Podemos) e o prefeito eleito de Guaratuba Mauricio Lense (Podemos) cumprem mais uma s\u00e9rie de agenda juntos. A parceria que come\u00e7ou ainda na campanha, se mostra firme com trabalho efetivo mesmo antes da nova administra\u00e7\u00e3o municipal tomar posse. Nesta segunda-feira (02\/12), eles participaram de uma reuni\u00e3o na Secretaria Estadual de [&hellip;]<\/p>\n","protected":false},"author":2,"featured_media":61704,"comment_status":"open","ping_status":"open","sticky":false,"template":"","format":"standard","meta":{"advanced_seo_description":"","jetpack_seo_html_title":"","jetpack_seo_noindex":false,"_jetpack_memberships_contains_paid_content":false,"footnotes":""},"categories":[99,32],"tags":[],"class_list":{"0":"post-61703","1":"post","2":"type-post","3":"status-publish","4":"format-standard","5":"has-post-thumbnail","7":"category-guaratuba","8":"category-politica"},"jetpack_featured_media_url":"https:\/\/www.paranapraia.com.br\/wp-content\/uploads\/2024\/12\/WhatsApp-Image-2024-12-03-at-12.29.21-scaled.jpeg","jetpack_sharing_enabled":true,"_links":{"self":[{"href":"https:\/\/www.paranapraia.com.br\/index.php\/wp-json\/wp\/v2\/posts\/61703"}],"collection":[{"href":"https:\/\/www.paranapraia.com.br\/index.php\/wp-json\/wp\/v2\/posts"}],"about":[{"href":"https:\/\/www.paranapraia.com.br\/index.php\/wp-json\/wp\/v2\/types\/post"}],"author":[{"embeddable":true,"href":"https:\/\/www.paranapraia.com.br\/index.php\/wp-json\/wp\/v2\/users\/2"}],"replies":[{"embeddable":true,"href":"https:\/\/www.paranapraia.com.br\/index.php\/wp-json\/wp\/v2\/comments?post=61703"}],"version-history":[{"count":1,"href":"https:\/\/www.paranapraia.com.br\/index.php\/wp-json\/wp\/v2\/posts\/61703\/revisions"}],"predecessor-version":[{"id":61705,"href":"https:\/\/www.paranapraia.com.br\/index.php\/wp-json\/wp\/v2\/posts\/61703\/revisions\/61705"}],"wp:featuredmedia":[{"embeddable":true,"href":"https:\/\/www.paranapraia.com.br\/index.php\/wp-json\/wp\/v2\/media\/61704"}],"wp:attachment":[{"href":"https:\/\/www.paranapraia.com.br\/index.php\/wp-json\/wp\/v2\/media?parent=61703"}],"wp:term":[{"taxonomy":"category","embeddable":true,"href":"https:\/\/www.paranapraia.com.br\/index.php\/wp-json\/wp\/v2\/categories?post=61703"},{"taxonomy":"post_tag","embeddable":true,"href":"https:\/\/www.paranapraia.com.br\/index.php\/wp-json\/wp\/v2\/tags?post=61703"}],"curies":[{"name":"wp","href":"https:\/\/api.w.org\/{rel}","templated":true}]}}