{"id":61697,"date":"2024-12-03T11:05:17","date_gmt":"2024-12-03T14:05:17","guid":{"rendered":"https:\/\/www.paranapraia.com.br\/?p=61697"},"modified":"2024-12-03T11:05:18","modified_gmt":"2024-12-03T14:05:18","slug":"litoral-do-parana-tera-mais-postos-de-guarda-vidas-ativos-nesta-temporada","status":"publish","type":"post","link":"https:\/\/www.paranapraia.com.br\/index.php\/2024\/12\/03\/litoral-do-parana-tera-mais-postos-de-guarda-vidas-ativos-nesta-temporada\/","title":{"rendered":"Litoral do Paran\u00e1 ter\u00e1 mais postos de guarda-vidas ativos nesta temporada"},"content":{"rendered":"\n<p>O Litoral do Estado ter\u00e1 um aumento de 5% no n\u00famero de postos de guarda-vidas ativos nesta temporada do Ver\u00e3o Maior Paran\u00e1. Alguns dos principais pontos utilizados pelos banhistas j\u00e1 contam com monitoramento do Corpo de Bombeiros Militar do Paran\u00e1 (CBMPR) desde setembro e, a partir de 14 de dezembro, o efetivo integral atuar\u00e1 na regi\u00e3o distribu\u00eddo em 100 locais de banho, al\u00e9m das a\u00e7\u00f5es de monitoramento itinerantes.<\/p>\n\n\n\n<p>De acordo com o comandante do 8\u00ba Grupamento de Bombeiros e coordenador operacional da Costa Leste, major Fabricio Frazatto, haver\u00e1 refor\u00e7o no n\u00famero de postos de guarda-vidas em todos os munic\u00edpios. \u201cEles ser\u00e3o divididos entre os munic\u00edpios de Guaratuba, Matinhos, Morretes e Pontal do Paran\u00e1, al\u00e9m de pontos na Ilha do Mel, em Paranagu\u00e1, e a\u00e7\u00f5es concentradas aos finais de semana e feriados em Antonina\u201d, explicou.<\/p>\n\n\n\n<p>Al\u00e9m da equipe do 8\u00ba Grupamento, bombeiros de todas as regi\u00f5es do Estado ser\u00e3o enviados para o Litoral para refor\u00e7ar as a\u00e7\u00f5es de monitoramento, orienta\u00e7\u00e3o e salvamento, assim como cerca de 270 guardas-civis volunt\u00e1rios. \u201cSer\u00e3o mais de 800 profissionais j\u00e1 designados entre o efetivo militar, al\u00e9m dos guarda-vidas civis, que estar\u00e3o dedicados a guarnecer o nosso Litoral e evitar mortes por afogamento\u201d, disse Frazatto.<\/p>\n\n\n\n<p>At\u00e9 o momento, j\u00e1 est\u00e3o em funcionamento os postos de guarda-vidas da Curva do F\u00e9lix, Ponte de Ferro e Porto de Cima, em Morretes; da Praia Central, Volta das Canoas, Brejatuba I, Cura\u00e7ao, Candeias, Nereidas II e Coroados II, em Guaratuba; nos balne\u00e1rios de Caiob\u00e1, Trombeta, Sesc, Av. Curitiba, Riviera II, Betaras e Associa\u00e7\u00e3o, em Matinhos; e em Mon\u00e7\u00f5es I, Leste II, Ipanema II, Shangri-la II e Pontal I, em Pontal do Paran\u00e1.<\/p>\n\n\n\n<p><strong>ESTRUTURA E EQUIPAMENTOS<\/strong>&nbsp;\u2013 Al\u00e9m do refor\u00e7o no n\u00famero de postos de guarda-vidas, os profissionais tamb\u00e9m contar\u00e3o com estruturas mais seguras e confort\u00e1veis, feitas com cont\u00eaineres. Elas contam com sistema de preven\u00e7\u00e3o de descargas el\u00e9tricas causadas por raios, al\u00e9m de prote\u00e7\u00e3o t\u00e9rmica aos ocupantes.<\/p>\n\n\n\n<p>\u201cIsso significa mais efici\u00eancia no trabalho dos guarda-vidas, que estar\u00e3o em melhores condi\u00e7\u00f5es para a\u00e7\u00f5es de preven\u00e7\u00e3o e salvamentos ao longo da temporada\u201d, afirma o comandante do 8\u00ba Grupamento.<\/p>\n\n\n\n<p>Assim como j\u00e1 ocorreu na edi\u00e7\u00e3o anterior do Ver\u00e3o Maior Paran\u00e1, o trabalho de monitoramento dos guarda-vidas contar\u00e1 com o apoio de drones, dessa vez em maior quantidade ao longo dos balne\u00e1rios. O objetivo \u00e9 garantir a preven\u00e7\u00e3o e orienta\u00e7\u00e3o dos banhistas, sobretudo em hor\u00e1rios em que os postos de guarda-vidas est\u00e3o fechados.<\/p>\n\n\n\n<p>\u201cIdentificamos que em temporadas anteriores havia uma incid\u00eancia de afogamentos nos hor\u00e1rios em que os postos n\u00e3o estavam abertos, antes das 8 horas e depois das 19 horas. Por isso, vamos efetuar a\u00e7\u00f5es preventivas de fiscaliza\u00e7\u00e3o e rondas de monitoramento que ser\u00e3o refor\u00e7adas com a utiliza\u00e7\u00e3o dos drones nestes hor\u00e1rios\u201d, disse Frazatto.<\/p>\n\n\n\n<p>Para garantir uma mobilidade adicional, os guarda-vidas ter\u00e3o bicicletas el\u00e9tricas \u00e0 disposi\u00e7\u00e3o para uso no monitoramento em \u00e1reas onde h\u00e1 uma grande dist\u00e2ncia entre os postos com mais rapidez. Eles complementam o trabalho de ronda que j\u00e1 \u00e9 feito pelo CBMPR com viaturas, quadriciclos e embarca\u00e7\u00f5es.<\/p>\n\n\n\n<p>AEN<\/p>\n","protected":false},"excerpt":{"rendered":"<p>O Litoral do Estado ter\u00e1 um aumento de 5% no n\u00famero de postos de guarda-vidas ativos nesta temporada do Ver\u00e3o Maior Paran\u00e1. Alguns dos principais pontos utilizados pelos banhistas j\u00e1 contam com monitoramento do Corpo de Bombeiros Militar do Paran\u00e1 (CBMPR) desde setembro e, a partir de 14 de dezembro, o efetivo integral atuar\u00e1 na [&hellip;]<\/p>\n","protected":false},"author":2,"featured_media":61698,"comment_status":"open","ping_status":"open","sticky":false,"template":"","format":"standard","meta":{"advanced_seo_description":"","jetpack_seo_html_title":"","jetpack_seo_noindex":false,"_jetpack_memberships_contains_paid_content":false,"footnotes":""},"categories":[40,91],"tags":[],"class_list":{"0":"post-61697","1":"post","2":"type-post","3":"status-publish","4":"format-standard","5":"has-post-thumbnail","7":"category-destaques","8":"category-litoral"},"jetpack_featured_media_url":"https:\/\/www.paranapraia.com.br\/wp-content\/uploads\/2024\/12\/bombeiros-01-scaled.jpg","jetpack_sharing_enabled":true,"_links":{"self":[{"href":"https:\/\/www.paranapraia.com.br\/index.php\/wp-json\/wp\/v2\/posts\/61697"}],"collection":[{"href":"https:\/\/www.paranapraia.com.br\/index.php\/wp-json\/wp\/v2\/posts"}],"about":[{"href":"https:\/\/www.paranapraia.com.br\/index.php\/wp-json\/wp\/v2\/types\/post"}],"author":[{"embeddable":true,"href":"https:\/\/www.paranapraia.com.br\/index.php\/wp-json\/wp\/v2\/users\/2"}],"replies":[{"embeddable":true,"href":"https:\/\/www.paranapraia.com.br\/index.php\/wp-json\/wp\/v2\/comments?post=61697"}],"version-history":[{"count":1,"href":"https:\/\/www.paranapraia.com.br\/index.php\/wp-json\/wp\/v2\/posts\/61697\/revisions"}],"predecessor-version":[{"id":61699,"href":"https:\/\/www.paranapraia.com.br\/index.php\/wp-json\/wp\/v2\/posts\/61697\/revisions\/61699"}],"wp:featuredmedia":[{"embeddable":true,"href":"https:\/\/www.paranapraia.com.br\/index.php\/wp-json\/wp\/v2\/media\/61698"}],"wp:attachment":[{"href":"https:\/\/www.paranapraia.com.br\/index.php\/wp-json\/wp\/v2\/media?parent=61697"}],"wp:term":[{"taxonomy":"category","embeddable":true,"href":"https:\/\/www.paranapraia.com.br\/index.php\/wp-json\/wp\/v2\/categories?post=61697"},{"taxonomy":"post_tag","embeddable":true,"href":"https:\/\/www.paranapraia.com.br\/index.php\/wp-json\/wp\/v2\/tags?post=61697"}],"curies":[{"name":"wp","href":"https:\/\/api.w.org\/{rel}","templated":true}]}}