{"id":61694,"date":"2024-12-03T03:39:43","date_gmt":"2024-12-03T06:39:43","guid":{"rendered":"https:\/\/www.paranapraia.com.br\/?p=61694"},"modified":"2024-12-03T03:39:46","modified_gmt":"2024-12-03T06:39:46","slug":"paranagua-boat-jet-um-final-de-semana-cheio-de-atracoes-na-feira-nautica","status":"publish","type":"post","link":"https:\/\/www.paranapraia.com.br\/index.php\/2024\/12\/03\/paranagua-boat-jet-um-final-de-semana-cheio-de-atracoes-na-feira-nautica\/","title":{"rendered":"Paranagu\u00e1 Boat &#038; Jet: Um Final de Semana Cheio de Atra\u00e7\u00f5es na Feira N\u00e1utica"},"content":{"rendered":"\n<p>A cidade de Paranagu\u00e1 se prepara para receber um dos maiores eventos n\u00e1uticos do ano: a Feira N\u00e1utica Paranagu\u00e1 Boat &amp; Jet, organizada pela Cabral N\u00e1utica. O evento promete movimentar a cidade com atra\u00e7\u00f5es para toda a fam\u00edlia, unindo esportes, lazer e neg\u00f3cios. Entre os dias 6 e 8 de dezembro, a Pra\u00e7a de Eventos M\u00e1rio Roque e o Rio Itiber\u00ea ser\u00e3o os grandes palcos dessa celebra\u00e7\u00e3o.<\/p>\n\n\n\n<p>Cronograma de Atra\u00e7\u00f5es<\/p>\n\n\n\n<p>Sexta-feira, 6 de dezembro:<\/p>\n\n\n\n<p>19h: Abertura oficial com autoridades na Pra\u00e7a de Eventos M\u00e1rio Roque.<\/p>\n\n\n\n<p>20h: Apresenta\u00e7\u00e3o do DJ Webbo, trazendo muita m\u00fasica para animar o p\u00fablico.<\/p>\n\n\n\n<p>S\u00e1bado, 7 de dezembro:<\/p>\n\n\n\n<p>8h: Concentra\u00e7\u00e3o de embarca\u00e7\u00f5es para um passeio especial.<\/p>\n\n\n\n<p>8h30: Sa\u00edda para um percurso n\u00e1utico at\u00e9 Encantadas, na Ilha do Mel.<\/p>\n\n\n\n<p>9h: Caf\u00e9 da manh\u00e3.<\/p>\n\n\n\n<p>10h30: Retorno \u00e0 Pra\u00e7a de Eventos.<\/p>\n\n\n\n<p>11h: Exposi\u00e7\u00e3o de carros antigos, um show \u00e0 parte para os amantes de autom\u00f3veis cl\u00e1ssicos.<\/p>\n\n\n\n<p>13h: Apresenta\u00e7\u00e3o da banda &#8220;Pir\u00e3o do Mesmo&#8221;.<\/p>\n\n\n\n<p>14h e 16h30: Performances espetaculares de flyboard.<\/p>\n\n\n\n<p>15h: Show com o &#8220;Projeto I-Timbere&#8221;.<\/p>\n\n\n\n<p>17h: Sorteio principal de uma scooter el\u00e9trica.<\/p>\n\n\n\n<p>19h: Encerramento com DJ Webbo.<\/p>\n\n\n\n<p>Domingo, 8 de dezembro:<\/p>\n\n\n\n<p>10h: M\u00fasica com o Duo Salines.<\/p>\n\n\n\n<p>11h e 15h: Novas apresenta\u00e7\u00f5es de flyboard.<\/p>\n\n\n\n<p>13h: Sorteios diversos.<\/p>\n\n\n\n<p>14h: Show especial com PC &amp; Thiag\u00e3o, convidados por Mario Broder.<\/p>\n\n\n\n<p>17h: Encerramento oficial.<\/p>\n\n\n\n<p>Destaques do Evento<\/p>\n\n\n\n<p>O Paranagu\u00e1 Boat &amp; Jet ser\u00e1 uma oportunidade \u00fanica para os apaixonados por esportes n\u00e1uticos e entretenimento em geral. Al\u00e9m das apresenta\u00e7\u00f5es no rio, a feira contar\u00e1 com exposi\u00e7\u00f5es de embarca\u00e7\u00f5es, equipamentos e oportunidades de neg\u00f3cios no segmento n\u00e1utico.<\/p>\n\n\n\n<p>A mistura de shows, apresenta\u00e7\u00f5es culturais e atividades para toda a fam\u00edlia torna o evento um marco no calend\u00e1rio da cidade. Al\u00e9m disso, o sorteio de uma scooter el\u00e9trica e outros pr\u00eamios promete atrair ainda mais participantes.<\/p>\n\n\n\n<p>Participe!<\/p>\n\n\n\n<p>A entrada \u00e9 gratuita, e o evento conta com o apoio de diversas institui\u00e7\u00f5es e empresas locais. Venha prestigiar o melhor da cultura n\u00e1utica e se encantar com as belezas de Paranagu\u00e1. Reserve sua agenda e aproveite um final de semana inesquec\u00edvel!<\/p>\n","protected":false},"excerpt":{"rendered":"<p>A cidade de Paranagu\u00e1 se prepara para receber um dos maiores eventos n\u00e1uticos do ano: a Feira N\u00e1utica Paranagu\u00e1 Boat &amp; Jet, organizada pela Cabral N\u00e1utica. O evento promete movimentar a cidade com atra\u00e7\u00f5es para toda a fam\u00edlia, unindo esportes, lazer e neg\u00f3cios. Entre os dias 6 e 8 de dezembro, a Pra\u00e7a de Eventos [&hellip;]<\/p>\n","protected":false},"author":2,"featured_media":61695,"comment_status":"open","ping_status":"open","sticky":false,"template":"","format":"standard","meta":{"advanced_seo_description":"","jetpack_seo_html_title":"","jetpack_seo_noindex":false,"_jetpack_memberships_contains_paid_content":false,"footnotes":""},"categories":[40,77],"tags":[318],"class_list":{"0":"post-61694","1":"post","2":"type-post","3":"status-publish","4":"format-standard","5":"has-post-thumbnail","7":"category-destaques","8":"category-paranagua","9":"tag-pontal-do-parana"},"jetpack_featured_media_url":"https:\/\/www.paranapraia.com.br\/wp-content\/uploads\/2024\/12\/images-17.jpeg","jetpack_sharing_enabled":true,"_links":{"self":[{"href":"https:\/\/www.paranapraia.com.br\/index.php\/wp-json\/wp\/v2\/posts\/61694"}],"collection":[{"href":"https:\/\/www.paranapraia.com.br\/index.php\/wp-json\/wp\/v2\/posts"}],"about":[{"href":"https:\/\/www.paranapraia.com.br\/index.php\/wp-json\/wp\/v2\/types\/post"}],"author":[{"embeddable":true,"href":"https:\/\/www.paranapraia.com.br\/index.php\/wp-json\/wp\/v2\/users\/2"}],"replies":[{"embeddable":true,"href":"https:\/\/www.paranapraia.com.br\/index.php\/wp-json\/wp\/v2\/comments?post=61694"}],"version-history":[{"count":1,"href":"https:\/\/www.paranapraia.com.br\/index.php\/wp-json\/wp\/v2\/posts\/61694\/revisions"}],"predecessor-version":[{"id":61696,"href":"https:\/\/www.paranapraia.com.br\/index.php\/wp-json\/wp\/v2\/posts\/61694\/revisions\/61696"}],"wp:featuredmedia":[{"embeddable":true,"href":"https:\/\/www.paranapraia.com.br\/index.php\/wp-json\/wp\/v2\/media\/61695"}],"wp:attachment":[{"href":"https:\/\/www.paranapraia.com.br\/index.php\/wp-json\/wp\/v2\/media?parent=61694"}],"wp:term":[{"taxonomy":"category","embeddable":true,"href":"https:\/\/www.paranapraia.com.br\/index.php\/wp-json\/wp\/v2\/categories?post=61694"},{"taxonomy":"post_tag","embeddable":true,"href":"https:\/\/www.paranapraia.com.br\/index.php\/wp-json\/wp\/v2\/tags?post=61694"}],"curies":[{"name":"wp","href":"https:\/\/api.w.org\/{rel}","templated":true}]}}