{"id":61671,"date":"2024-12-02T18:20:52","date_gmt":"2024-12-02T21:20:52","guid":{"rendered":"https:\/\/www.paranapraia.com.br\/?p=61671"},"modified":"2024-12-02T18:21:05","modified_gmt":"2024-12-02T21:21:05","slug":"grupo-capacitado-para-fazer-a-diferenca-no-verao-maior-no-parana","status":"publish","type":"post","link":"https:\/\/www.paranapraia.com.br\/index.php\/2024\/12\/02\/grupo-capacitado-para-fazer-a-diferenca-no-verao-maior-no-parana\/","title":{"rendered":"Grupo capacitado para fazer a diferen\u00e7a no Ver\u00e3o Maior no Paran\u00e1"},"content":{"rendered":"\n<p>A Secretaria do Esporte do Paran\u00e1 concluiu a capacita\u00e7\u00e3o de 150 acad\u00eamicos de Educa\u00e7\u00e3o F\u00edsica, Enfermagem, Turismo e Comunica\u00e7\u00e3o para atuar no programa Ver\u00e3o Maior Paran\u00e1 2024\/25. Realizada em Praia de Leste, a forma\u00e7\u00e3o preparou os futuros profissionais para atividades esportivas, recreativas, culturais e de educa\u00e7\u00e3o ambiental em Pontal do Paran\u00e1 e outros destinos tur\u00edsticos do estado. Durante cinco dias de treinamento intensivo, os participantes adquiriram conhecimentos te\u00f3ricos e pr\u00e1ticos, com o objetivo de oferecer um atendimento de excel\u00eancia a moradores e turistas.<\/p>\n\n\n\n<figure class=\"wp-block-image size-large\"><img loading=\"lazy\" decoding=\"async\" width=\"1024\" height=\"683\" src=\"https:\/\/www.paranapraia.com.br\/wp-content\/uploads\/2024\/12\/WhatsApp-Image-2024-12-02-at-18.19.49-1-1024x683.jpeg\" alt=\"\" class=\"wp-image-61676\" srcset=\"https:\/\/www.paranapraia.com.br\/wp-content\/uploads\/2024\/12\/WhatsApp-Image-2024-12-02-at-18.19.49-1-1024x683.jpeg 1024w, https:\/\/www.paranapraia.com.br\/wp-content\/uploads\/2024\/12\/WhatsApp-Image-2024-12-02-at-18.19.49-1-300x200.jpeg 300w, https:\/\/www.paranapraia.com.br\/wp-content\/uploads\/2024\/12\/WhatsApp-Image-2024-12-02-at-18.19.49-1-768x512.jpeg 768w, https:\/\/www.paranapraia.com.br\/wp-content\/uploads\/2024\/12\/WhatsApp-Image-2024-12-02-at-18.19.49-1-696x464.jpeg 696w, https:\/\/www.paranapraia.com.br\/wp-content\/uploads\/2024\/12\/WhatsApp-Image-2024-12-02-at-18.19.49-1-1068x712.jpeg 1068w, https:\/\/www.paranapraia.com.br\/wp-content\/uploads\/2024\/12\/WhatsApp-Image-2024-12-02-at-18.19.49-1-scaled.jpeg 800w\" sizes=\"(max-width: 1024px) 100vw, 1024px\" \/><\/figure>\n\n\n\n<p>As equipes estar\u00e3o posicionadas em diversos pontos estrat\u00e9gicos, conduzindo a\u00e7\u00f5es que visam promover sa\u00fade, lazer e seguran\u00e7a. A capacita\u00e7\u00e3o incluiu treinamentos sobre primeiros socorros, gest\u00e3o de eventos, educa\u00e7\u00e3o ambiental e organiza\u00e7\u00e3o de atividades esportivas. Pontal do Paran\u00e1, conhecido por suas praias e belezas naturais, \u00e9 um dos principais destinos atendidos pelo programa, recebendo refor\u00e7os na infraestrutura de ver\u00e3o para garantir uma experi\u00eancia mais segura e agrad\u00e1vel para todos.<\/p>\n\n\n\n<figure class=\"wp-block-image size-large\"><img loading=\"lazy\" decoding=\"async\" width=\"1024\" height=\"683\" src=\"https:\/\/www.paranapraia.com.br\/wp-content\/uploads\/2024\/12\/WhatsApp-Image-2024-12-02-at-18.19.49-2-1024x683.jpeg\" alt=\"\" class=\"wp-image-61677\" srcset=\"https:\/\/www.paranapraia.com.br\/wp-content\/uploads\/2024\/12\/WhatsApp-Image-2024-12-02-at-18.19.49-2-1024x683.jpeg 1024w, https:\/\/www.paranapraia.com.br\/wp-content\/uploads\/2024\/12\/WhatsApp-Image-2024-12-02-at-18.19.49-2-300x200.jpeg 300w, https:\/\/www.paranapraia.com.br\/wp-content\/uploads\/2024\/12\/WhatsApp-Image-2024-12-02-at-18.19.49-2-768x512.jpeg 768w, https:\/\/www.paranapraia.com.br\/wp-content\/uploads\/2024\/12\/WhatsApp-Image-2024-12-02-at-18.19.49-2-696x464.jpeg 696w, https:\/\/www.paranapraia.com.br\/wp-content\/uploads\/2024\/12\/WhatsApp-Image-2024-12-02-at-18.19.49-2-1068x712.jpeg 1068w, https:\/\/www.paranapraia.com.br\/wp-content\/uploads\/2024\/12\/WhatsApp-Image-2024-12-02-at-18.19.49-2-scaled.jpeg 800w\" sizes=\"(max-width: 1024px) 100vw, 1024px\" \/><\/figure>\n\n\n\n<p>A iniciativa tamb\u00e9m fortalece a imagem do Paran\u00e1 como um estado preparado para o turismo de ver\u00e3o, com profissionais capacitados e uma programa\u00e7\u00e3o variada que vai al\u00e9m da tradicional temporada de praia. O programa Ver\u00e3o Maior Paran\u00e1 se destaca pelo compromisso em oferecer entretenimento de qualidade, cuidados com o meio ambiente e suporte \u00e0 comunidade local. O impacto positivo dessas a\u00e7\u00f5es reflete diretamente no turismo, movimentando a economia e elevando a qualidade dos servi\u00e7os prestados na regi\u00e3o.<\/p>\n\n\n\n<p>AEN<\/p>\n\n\n\n<hr class=\"wp-block-separator has-alpha-channel-opacity\"\/>\n\n\n\n<p><\/p>\n","protected":false},"excerpt":{"rendered":"<p>A Secretaria do Esporte do Paran\u00e1 concluiu a capacita\u00e7\u00e3o de 150 acad\u00eamicos de Educa\u00e7\u00e3o F\u00edsica, Enfermagem, Turismo e Comunica\u00e7\u00e3o para atuar no programa Ver\u00e3o Maior Paran\u00e1 2024\/25. Realizada em Praia de Leste, a forma\u00e7\u00e3o preparou os futuros profissionais para atividades esportivas, recreativas, culturais e de educa\u00e7\u00e3o ambiental em Pontal do Paran\u00e1 e outros destinos tur\u00edsticos [&hellip;]<\/p>\n","protected":false},"author":2,"featured_media":61675,"comment_status":"open","ping_status":"open","sticky":false,"template":"","format":"standard","meta":{"advanced_seo_description":"","jetpack_seo_html_title":"","jetpack_seo_noindex":false,"_jetpack_memberships_contains_paid_content":false,"footnotes":""},"categories":[40,37],"tags":[],"class_list":{"0":"post-61671","1":"post","2":"type-post","3":"status-publish","4":"format-standard","5":"has-post-thumbnail","7":"category-destaques","8":"category-esporte"},"jetpack_featured_media_url":"https:\/\/www.paranapraia.com.br\/wp-content\/uploads\/2024\/12\/WhatsApp-Image-2024-12-02-at-18.19.49-scaled.jpeg","jetpack_sharing_enabled":true,"_links":{"self":[{"href":"https:\/\/www.paranapraia.com.br\/index.php\/wp-json\/wp\/v2\/posts\/61671"}],"collection":[{"href":"https:\/\/www.paranapraia.com.br\/index.php\/wp-json\/wp\/v2\/posts"}],"about":[{"href":"https:\/\/www.paranapraia.com.br\/index.php\/wp-json\/wp\/v2\/types\/post"}],"author":[{"embeddable":true,"href":"https:\/\/www.paranapraia.com.br\/index.php\/wp-json\/wp\/v2\/users\/2"}],"replies":[{"embeddable":true,"href":"https:\/\/www.paranapraia.com.br\/index.php\/wp-json\/wp\/v2\/comments?post=61671"}],"version-history":[{"count":1,"href":"https:\/\/www.paranapraia.com.br\/index.php\/wp-json\/wp\/v2\/posts\/61671\/revisions"}],"predecessor-version":[{"id":61678,"href":"https:\/\/www.paranapraia.com.br\/index.php\/wp-json\/wp\/v2\/posts\/61671\/revisions\/61678"}],"wp:featuredmedia":[{"embeddable":true,"href":"https:\/\/www.paranapraia.com.br\/index.php\/wp-json\/wp\/v2\/media\/61675"}],"wp:attachment":[{"href":"https:\/\/www.paranapraia.com.br\/index.php\/wp-json\/wp\/v2\/media?parent=61671"}],"wp:term":[{"taxonomy":"category","embeddable":true,"href":"https:\/\/www.paranapraia.com.br\/index.php\/wp-json\/wp\/v2\/categories?post=61671"},{"taxonomy":"post_tag","embeddable":true,"href":"https:\/\/www.paranapraia.com.br\/index.php\/wp-json\/wp\/v2\/tags?post=61671"}],"curies":[{"name":"wp","href":"https:\/\/api.w.org\/{rel}","templated":true}]}}