{"id":61583,"date":"2024-11-26T14:20:45","date_gmt":"2024-11-26T17:20:45","guid":{"rendered":"https:\/\/www.paranapraia.com.br\/?p=61583"},"modified":"2024-11-26T14:20:47","modified_gmt":"2024-11-26T17:20:47","slug":"estado-apresenta-a-municipios-estrategias-de-seguranca-no-litoral-durante-a-temporada","status":"publish","type":"post","link":"https:\/\/www.paranapraia.com.br\/index.php\/2024\/11\/26\/estado-apresenta-a-municipios-estrategias-de-seguranca-no-litoral-durante-a-temporada\/","title":{"rendered":"Estado apresenta a munic\u00edpios estrat\u00e9gias de seguran\u00e7a no Litoral durante a temporada"},"content":{"rendered":"\n<p>O secret\u00e1rio de Seguran\u00e7a P\u00fablica do Paran\u00e1, Hudson Le\u00f4ncio Teixeira, se reuniu nesta segunda-feira (25) com os prefeitos dos sete munic\u00edpios do Litoral do Estado para discutir a\u00e7\u00f5es de seguran\u00e7a na temporada de ver\u00e3o 2024\/2025. O encontro, realizado no Sesc Caiob\u00e1, em Matinhos, marcou a apresenta\u00e7\u00e3o do plano estrat\u00e9gico da \u00e1rea da seguran\u00e7a p\u00fablica no Ver\u00e3o Maior Paran\u00e1, que visa garantir tranquilidade e bem-estar a moradores e turistas.<\/p>\n\n\n\n<p>Representantes do Corpo de Bombeiros e das pol\u00edcias Civil, Militar, Cient\u00edfica e Penal detalharam as atividades que ser\u00e3o implementadas. O planejamento inclui patrulhamento refor\u00e7ado com viaturas, monitoramento por drones e helic\u00f3pteros, preven\u00e7\u00e3o de afogamentos, investiga\u00e7\u00f5es e servi\u00e7os como o registro de boletim de ocorr\u00eancia.&nbsp;<\/p>\n\n\n\n<p>O secret\u00e1rio destacou a import\u00e2ncia da colabora\u00e7\u00e3o entre os munic\u00edpios e os \u00f3rg\u00e3os estaduais para a implementa\u00e7\u00e3o de um plano de seguran\u00e7a eficaz.&nbsp;&#8220;A opera\u00e7\u00e3o do ano passado foi um grande sucesso. Nesta temporada, nosso objetivo continua o mesmo, garantir a seguran\u00e7a. Estamos aplicando medidas que j\u00e1 demonstraram efic\u00e1cia em garantir seguran\u00e7a e evitar ocorr\u00eancias graves\u201d, afirmou.<\/p>\n\n\n\n<p>Ao longo do ver\u00e3o, haver\u00e1 atua\u00e7\u00e3o integrada das for\u00e7as de seguran\u00e7a. O Corpo de Bombeiros far\u00e1 a preven\u00e7\u00e3o de afogamentos e acidentes, enquanto a Pol\u00edcia Militar realizar\u00e1 patrulhamento nas praias e \u00e1reas urbanas, utilizando ve\u00edculos especializados. A Pol\u00edcia Civil refor\u00e7ar\u00e1 a seguran\u00e7a com apoio a\u00e9reo, al\u00e9m do registro de ocorr\u00eancias, investiga\u00e7\u00f5es e confec\u00e7\u00e3o de Carteira de Identidade.<\/p>\n\n\n\n<p>A Pol\u00edcia Cient\u00edfica ficar\u00e1 respons\u00e1vel pelas atividades periciais e apoio \u00e0s outras for\u00e7as, e a Pol\u00edcia Penal intensificar\u00e1 o monitoramento nas unidades prisionais. Helic\u00f3pteros, drones e viaturas tamb\u00e9m ser\u00e3o utilizados para garantir a seguran\u00e7a, especialmente nos grandes eventos.<\/p>\n\n\n\n<p>Os prefeitos de Matinhos, Pontal do Paran\u00e1, Guaratuba, Antonina, Morretes, Paranagu\u00e1 e Guaraque\u00e7aba participaram do encontro, apresentando demandas espec\u00edficas de suas cidades e sugerindo ajustes no plano de seguran\u00e7a. Al\u00e9m das opera\u00e7\u00f5es de policiamento, foram discutidas a\u00e7\u00f5es educativas para conscientizar visitantes e promover comportamentos respons\u00e1veis nas praias e pontos tur\u00edsticos.<\/p>\n\n\n\n<p>&#8220;A expectativa \u00e9 que, com o trabalho conjunto entre Estado e munic\u00edpios, o Litoral paranaense tenha uma temporada de ver\u00e3o tranquila, refor\u00e7ando sua imagem como destino seguro para turistas e moradores com a\u00e7\u00f5es coordenadas que priorizam a preven\u00e7\u00e3o e a efici\u00eancia&#8221;, enfatizou o secret\u00e1rio.<\/p>\n\n\n\n<p>AEN<\/p>\n","protected":false},"excerpt":{"rendered":"<p>O secret\u00e1rio de Seguran\u00e7a P\u00fablica do Paran\u00e1, Hudson Le\u00f4ncio Teixeira, se reuniu nesta segunda-feira (25) com os prefeitos dos sete munic\u00edpios do Litoral do Estado para discutir a\u00e7\u00f5es de seguran\u00e7a na temporada de ver\u00e3o 2024\/2025. O encontro, realizado no Sesc Caiob\u00e1, em Matinhos, marcou a apresenta\u00e7\u00e3o do plano estrat\u00e9gico da \u00e1rea da seguran\u00e7a p\u00fablica no [&hellip;]<\/p>\n","protected":false},"author":2,"featured_media":61584,"comment_status":"open","ping_status":"open","sticky":false,"template":"","format":"standard","meta":{"advanced_seo_description":"","jetpack_seo_html_title":"","jetpack_seo_noindex":false,"_jetpack_memberships_contains_paid_content":false,"footnotes":""},"categories":[33],"tags":[],"class_list":{"0":"post-61583","1":"post","2":"type-post","3":"status-publish","4":"format-standard","5":"has-post-thumbnail","7":"category-policia"},"jetpack_featured_media_url":"https:\/\/www.paranapraia.com.br\/wp-content\/uploads\/2024\/11\/2_operacao_verao_reuniao-scaled.jpg","jetpack_sharing_enabled":true,"_links":{"self":[{"href":"https:\/\/www.paranapraia.com.br\/index.php\/wp-json\/wp\/v2\/posts\/61583"}],"collection":[{"href":"https:\/\/www.paranapraia.com.br\/index.php\/wp-json\/wp\/v2\/posts"}],"about":[{"href":"https:\/\/www.paranapraia.com.br\/index.php\/wp-json\/wp\/v2\/types\/post"}],"author":[{"embeddable":true,"href":"https:\/\/www.paranapraia.com.br\/index.php\/wp-json\/wp\/v2\/users\/2"}],"replies":[{"embeddable":true,"href":"https:\/\/www.paranapraia.com.br\/index.php\/wp-json\/wp\/v2\/comments?post=61583"}],"version-history":[{"count":1,"href":"https:\/\/www.paranapraia.com.br\/index.php\/wp-json\/wp\/v2\/posts\/61583\/revisions"}],"predecessor-version":[{"id":61585,"href":"https:\/\/www.paranapraia.com.br\/index.php\/wp-json\/wp\/v2\/posts\/61583\/revisions\/61585"}],"wp:featuredmedia":[{"embeddable":true,"href":"https:\/\/www.paranapraia.com.br\/index.php\/wp-json\/wp\/v2\/media\/61584"}],"wp:attachment":[{"href":"https:\/\/www.paranapraia.com.br\/index.php\/wp-json\/wp\/v2\/media?parent=61583"}],"wp:term":[{"taxonomy":"category","embeddable":true,"href":"https:\/\/www.paranapraia.com.br\/index.php\/wp-json\/wp\/v2\/categories?post=61583"},{"taxonomy":"post_tag","embeddable":true,"href":"https:\/\/www.paranapraia.com.br\/index.php\/wp-json\/wp\/v2\/tags?post=61583"}],"curies":[{"name":"wp","href":"https:\/\/api.w.org\/{rel}","templated":true}]}}