{"id":61570,"date":"2024-11-26T12:56:22","date_gmt":"2024-11-26T15:56:22","guid":{"rendered":"https:\/\/www.paranapraia.com.br\/?p=61570"},"modified":"2024-11-26T13:31:35","modified_gmt":"2024-11-26T16:31:35","slug":"atleta-de-71-anos-realiza-travessia-de-12-km-entre-a-ilha-dos-currais-e-balneario-de-praia-de-leste-para-alertar-sobre-a-poluicao-marinha","status":"publish","type":"post","link":"https:\/\/www.paranapraia.com.br\/index.php\/2024\/11\/26\/atleta-de-71-anos-realiza-travessia-de-12-km-entre-a-ilha-dos-currais-e-balneario-de-praia-de-leste-para-alertar-sobre-a-poluicao-marinha\/","title":{"rendered":"Atleta de 71 anos realiza travessia de 12 km entre a Ilha dos Currais e Balne\u00e1rio de Praia de Leste para alertar sobre a polui\u00e7\u00e3o marinha"},"content":{"rendered":"\n<p>Na manh\u00e3 desta ter\u00e7a-feira (26), a nadadora Maria de F\u00e1tima, de 71 anos, realizou uma impressionante travessia de 12 quil\u00f4metros no litoral paranaense, partindo da Ilha dos Currais at\u00e9 o balne\u00e1rio de Praia de Leste, em Pontal do Paran\u00e1.<\/p>\n\n\n\n<p>A atleta, natural de Curitiba, contou com o suporte de um caiaque que a acompanhou durante todo o percurso para garantir sua seguran\u00e7a. O desafio foi conclu\u00eddo com sucesso e tinha como principal objetivo chamar a aten\u00e7\u00e3o da popula\u00e7\u00e3o e das autoridades para a polui\u00e7\u00e3o dos mares e oceanos.<\/p>\n\n\n\n<figure class=\"wp-block-image size-full\"><img loading=\"lazy\" decoding=\"async\" width=\"779\" height=\"491\" src=\"https:\/\/www.paranapraia.com.br\/wp-content\/uploads\/2024\/11\/1000204174.jpg\" alt=\"\" class=\"wp-image-61572\" srcset=\"https:\/\/www.paranapraia.com.br\/wp-content\/uploads\/2024\/11\/1000204174.jpg 779w, https:\/\/www.paranapraia.com.br\/wp-content\/uploads\/2024\/11\/1000204174-300x189.jpg 300w, https:\/\/www.paranapraia.com.br\/wp-content\/uploads\/2024\/11\/1000204174-768x484.jpg 768w, https:\/\/www.paranapraia.com.br\/wp-content\/uploads\/2024\/11\/1000204174-696x439.jpg 696w\" sizes=\"(max-width: 779px) 100vw, 779px\" \/><\/figure>\n\n\n\n<p>&#8220;Estou fazendo esse desafio para chamar a aten\u00e7\u00e3o para a polui\u00e7\u00e3o do ar, dos oceanos e dos mares. A Ilha dos Currais \u00e9 um ber\u00e7\u00e1rio de tantas esp\u00e9cies de aves, uma riqueza que precisamos preservar&#8221;, afirmou Maria de F\u00e1tima ao chegar \u00e0 praia, visivelmente emocionada e exausta.<\/p>\n\n\n\n<figure class=\"wp-block-image size-large\"><img loading=\"lazy\" decoding=\"async\" width=\"1024\" height=\"682\" src=\"https:\/\/www.paranapraia.com.br\/wp-content\/uploads\/2024\/11\/1000204173-1024x682.jpg\" alt=\"\" class=\"wp-image-61573\" srcset=\"https:\/\/www.paranapraia.com.br\/wp-content\/uploads\/2024\/11\/1000204173-1024x682.jpg 1024w, https:\/\/www.paranapraia.com.br\/wp-content\/uploads\/2024\/11\/1000204173-300x200.jpg 300w, https:\/\/www.paranapraia.com.br\/wp-content\/uploads\/2024\/11\/1000204173-768x512.jpg 768w, https:\/\/www.paranapraia.com.br\/wp-content\/uploads\/2024\/11\/1000204173-696x464.jpg 696w, https:\/\/www.paranapraia.com.br\/wp-content\/uploads\/2024\/11\/1000204173-1068x712.jpg 1068w, https:\/\/www.paranapraia.com.br\/wp-content\/uploads\/2024\/11\/1000204173-scaled.jpg 800w\" sizes=\"(max-width: 1024px) 100vw, 1024px\" \/><\/figure>\n\n\n\n<p>Maria iniciou sua trajet\u00f3ria na nata\u00e7\u00e3o aos 48 anos e, desde ent\u00e3o, tem se dedicado a longas dist\u00e2ncias. &#8220;O mais importante n\u00e3o \u00e9 nadar longas dist\u00e2ncias, mas a qualidade de vida que a gente alcan\u00e7a praticando esportes. Qualquer tipo de exerc\u00edcio f\u00edsico \u00e9 essencial para manter a sa\u00fade&#8221;, destacou a nadadora.<\/p>\n\n\n\n<p>Durante a travessia, a atleta relatou ter avistado peda\u00e7os de pl\u00e1stico no mar, refor\u00e7ando a urg\u00eancia do tema. Ela aproveitou o momento para fazer um apelo: &#8220;Precisamos adotar atitudes corretas. Evitar poluir o mar, principalmente com pl\u00e1sticos, \u00e9 fundamental para conservar o planeta.&#8221;<\/p>\n\n\n\n<figure class=\"wp-block-image size-large\"><img loading=\"lazy\" decoding=\"async\" width=\"1024\" height=\"682\" src=\"https:\/\/www.paranapraia.com.br\/wp-content\/uploads\/2024\/11\/1000204172-1024x682.jpg\" alt=\"\" class=\"wp-image-61574\" srcset=\"https:\/\/www.paranapraia.com.br\/wp-content\/uploads\/2024\/11\/1000204172-1024x682.jpg 1024w, https:\/\/www.paranapraia.com.br\/wp-content\/uploads\/2024\/11\/1000204172-300x200.jpg 300w, https:\/\/www.paranapraia.com.br\/wp-content\/uploads\/2024\/11\/1000204172-768x512.jpg 768w, https:\/\/www.paranapraia.com.br\/wp-content\/uploads\/2024\/11\/1000204172-696x464.jpg 696w, https:\/\/www.paranapraia.com.br\/wp-content\/uploads\/2024\/11\/1000204172-1068x712.jpg 1068w, https:\/\/www.paranapraia.com.br\/wp-content\/uploads\/2024\/11\/1000204172-scaled.jpg 800w\" sizes=\"(max-width: 1024px) 100vw, 1024px\" \/><\/figure>\n\n\n\n<p>A Ilha dos Currais, ponto de partida da travessia, \u00e9 uma \u00e1rea de preserva\u00e7\u00e3o ambiental, reconhecida por sua biodiversidade e por abrigar esp\u00e9cies marinhas e aves amea\u00e7adas de extin\u00e7\u00e3o. No entanto, a regi\u00e3o, assim como o restante do litoral brasileiro, sofre com a constante amea\u00e7a da polui\u00e7\u00e3o.<\/p>\n\n\n\n<p>A mensagem de Maria de F\u00e1tima vai al\u00e9m do esporte. Ela deseja inspirar outras pessoas, independentemente da idade, a adotarem pr\u00e1ticas que promovam a sa\u00fade e a preserva\u00e7\u00e3o ambiental. &#8220;Queremos conservar o nosso planeta. \u00c9 importante preservar para as gera\u00e7\u00f5es futuras&#8221;, concluiu.<\/p>\n\n\n\n<figure class=\"wp-block-image size-large\"><img loading=\"lazy\" decoding=\"async\" width=\"1024\" height=\"682\" src=\"https:\/\/www.paranapraia.com.br\/wp-content\/uploads\/2024\/11\/1000204171-1024x682.jpg\" alt=\"\" class=\"wp-image-61575\" srcset=\"https:\/\/www.paranapraia.com.br\/wp-content\/uploads\/2024\/11\/1000204171-1024x682.jpg 1024w, https:\/\/www.paranapraia.com.br\/wp-content\/uploads\/2024\/11\/1000204171-300x200.jpg 300w, https:\/\/www.paranapraia.com.br\/wp-content\/uploads\/2024\/11\/1000204171-768x512.jpg 768w, https:\/\/www.paranapraia.com.br\/wp-content\/uploads\/2024\/11\/1000204171-696x464.jpg 696w, https:\/\/www.paranapraia.com.br\/wp-content\/uploads\/2024\/11\/1000204171-1068x712.jpg 1068w, https:\/\/www.paranapraia.com.br\/wp-content\/uploads\/2024\/11\/1000204171-scaled.jpg 800w\" sizes=\"(max-width: 1024px) 100vw, 1024px\" \/><\/figure>\n\n\n\n<p>A travessia de Maria de F\u00e1tima \u00e9 um exemplo de como o esporte pode ser utilizado como ferramenta para conscientiza\u00e7\u00e3o e mudan\u00e7a social. O gesto refor\u00e7a a necessidade de cuidados com o meio ambiente e incentiva a pr\u00e1tica de h\u00e1bitos saud\u00e1veis.<\/p>\n\n\n\n<p>Reda\u00e7\u00e3o <\/p>\n","protected":false},"excerpt":{"rendered":"<p>Na manh\u00e3 desta ter\u00e7a-feira (26), a nadadora Maria de F\u00e1tima, de 71 anos, realizou uma impressionante travessia de 12 quil\u00f4metros no litoral paranaense, partindo da Ilha dos Currais at\u00e9 o balne\u00e1rio de Praia de Leste, em Pontal do Paran\u00e1. A atleta, natural de Curitiba, contou com o suporte de um caiaque que a acompanhou durante [&hellip;]<\/p>\n","protected":false},"author":2,"featured_media":61571,"comment_status":"open","ping_status":"open","sticky":false,"template":"","format":"standard","meta":{"advanced_seo_description":"","jetpack_seo_html_title":"","jetpack_seo_noindex":false,"_jetpack_memberships_contains_paid_content":false,"footnotes":""},"categories":[40,65],"tags":[],"class_list":{"0":"post-61570","1":"post","2":"type-post","3":"status-publish","4":"format-standard","5":"has-post-thumbnail","7":"category-destaques","8":"category-pontal-do-parana"},"jetpack_featured_media_url":"https:\/\/www.paranapraia.com.br\/wp-content\/uploads\/2024\/11\/IMG_20241126_125040_551-scaled.jpg","jetpack_sharing_enabled":true,"_links":{"self":[{"href":"https:\/\/www.paranapraia.com.br\/index.php\/wp-json\/wp\/v2\/posts\/61570"}],"collection":[{"href":"https:\/\/www.paranapraia.com.br\/index.php\/wp-json\/wp\/v2\/posts"}],"about":[{"href":"https:\/\/www.paranapraia.com.br\/index.php\/wp-json\/wp\/v2\/types\/post"}],"author":[{"embeddable":true,"href":"https:\/\/www.paranapraia.com.br\/index.php\/wp-json\/wp\/v2\/users\/2"}],"replies":[{"embeddable":true,"href":"https:\/\/www.paranapraia.com.br\/index.php\/wp-json\/wp\/v2\/comments?post=61570"}],"version-history":[{"count":2,"href":"https:\/\/www.paranapraia.com.br\/index.php\/wp-json\/wp\/v2\/posts\/61570\/revisions"}],"predecessor-version":[{"id":61578,"href":"https:\/\/www.paranapraia.com.br\/index.php\/wp-json\/wp\/v2\/posts\/61570\/revisions\/61578"}],"wp:featuredmedia":[{"embeddable":true,"href":"https:\/\/www.paranapraia.com.br\/index.php\/wp-json\/wp\/v2\/media\/61571"}],"wp:attachment":[{"href":"https:\/\/www.paranapraia.com.br\/index.php\/wp-json\/wp\/v2\/media?parent=61570"}],"wp:term":[{"taxonomy":"category","embeddable":true,"href":"https:\/\/www.paranapraia.com.br\/index.php\/wp-json\/wp\/v2\/categories?post=61570"},{"taxonomy":"post_tag","embeddable":true,"href":"https:\/\/www.paranapraia.com.br\/index.php\/wp-json\/wp\/v2\/tags?post=61570"}],"curies":[{"name":"wp","href":"https:\/\/api.w.org\/{rel}","templated":true}]}}