{"id":61567,"date":"2024-11-25T16:54:53","date_gmt":"2024-11-25T19:54:53","guid":{"rendered":"https:\/\/www.paranapraia.com.br\/?p=61567"},"modified":"2024-11-25T16:54:54","modified_gmt":"2024-11-25T19:54:54","slug":"pcpr-identifica-e-responsabiliza-tutora-de-pitbull-que-atacou-cao-em-ponta-grossa","status":"publish","type":"post","link":"https:\/\/www.paranapraia.com.br\/index.php\/2024\/11\/25\/pcpr-identifica-e-responsabiliza-tutora-de-pitbull-que-atacou-cao-em-ponta-grossa\/","title":{"rendered":"PCPR identifica e responsabiliza tutora de pitbull que atacou c\u00e3o em Ponta Grossa"},"content":{"rendered":"\n<p>A Pol\u00edcia Civil do Paran\u00e1 (PCPR) identificou e responsabilizou, nesta segunda-feira (25), uma mulher, de 26 anos, respons\u00e1vel pelo pitbull que atacou outro c\u00e3o na manh\u00e3 da sexta-feira (22), no Parque Nossa Senhora das Gra\u00e7as, em Ponta Grossa, nos Campos Gerais.&nbsp;<\/p>\n\n\n\n<p>As investiga\u00e7\u00f5es contaram com o apoio da Guarda Civil Municipal. De acordo com o delegado da PCPR Fernando Henrique Ribeiro Vieira, a mulher responder\u00e1 a um Termo Circunstanciado de Infra\u00e7\u00e3o Penal pela contraven\u00e7\u00e3o penal de omiss\u00e3o de cautela na guarda de animais, com pena que pode chegar a dois anos de pris\u00e3o simples.&nbsp;<\/p>\n\n\n\n<p>\u201cUm v\u00eddeo, que mostra a viol\u00eancia do ataque, circulou nos grupos de mensagens e redes sociais, provocando revolta e preocupa\u00e7\u00e3o entre os moradores da regi\u00e3o. O animal atacado foi encaminhado pelo Centro de Refer\u00eancia para Animais em risco (CRAR) para atendimento\u201d, explica.&nbsp;&nbsp;<\/p>\n\n\n\n<p>O delegado ainda ressalta que o caso serve como alerta, pois o tutor do c\u00e3o \u00e9 respons\u00e1vel por qualquer dano ou les\u00e3o causado pelo animal, nas esferas c\u00edvel e criminal.<\/p>\n\n\n\n<p>\u201cA PCPR tamb\u00e9m pede que os donos de cachorros considerados perigosos cumpram as medidas de seguran\u00e7a enquanto transitam em locais p\u00fablicos. O n\u00e3o cumprimento pode gerar multa e at\u00e9 mesmo a apreens\u00e3o do animal\u201d, completa<\/p>\n\n\n\n<p>DEN\u00daNCIAS &#8211; A PCPR solicita a colabora\u00e7\u00e3o da popula\u00e7\u00e3o com informa\u00e7\u00f5es que auxiliem no andamento das investiga\u00e7\u00f5es. As den\u00fancias podem ser feitas de forma an\u00f4nima, pelos n\u00fameros 197, da PCPR, ou 181 do Disque-Den\u00fancia.<\/p>\n\n\n\n<p>PCPR<\/p>\n","protected":false},"excerpt":{"rendered":"<p>A Pol\u00edcia Civil do Paran\u00e1 (PCPR) identificou e responsabilizou, nesta segunda-feira (25), uma mulher, de 26 anos, respons\u00e1vel pelo pitbull que atacou outro c\u00e3o na manh\u00e3 da sexta-feira (22), no Parque Nossa Senhora das Gra\u00e7as, em Ponta Grossa, nos Campos Gerais.&nbsp; As investiga\u00e7\u00f5es contaram com o apoio da Guarda Civil Municipal. De acordo com o [&hellip;]<\/p>\n","protected":false},"author":2,"featured_media":61568,"comment_status":"open","ping_status":"open","sticky":false,"template":"","format":"standard","meta":{"advanced_seo_description":"","jetpack_seo_html_title":"","jetpack_seo_noindex":false,"_jetpack_memberships_contains_paid_content":false,"footnotes":""},"categories":[40,33],"tags":[],"class_list":{"0":"post-61567","1":"post","2":"type-post","3":"status-publish","4":"format-standard","5":"has-post-thumbnail","7":"category-destaques","8":"category-policia"},"jetpack_featured_media_url":"https:\/\/www.paranapraia.com.br\/wp-content\/uploads\/2024\/11\/20230807_pcpr_9188.jpg","jetpack_sharing_enabled":true,"_links":{"self":[{"href":"https:\/\/www.paranapraia.com.br\/index.php\/wp-json\/wp\/v2\/posts\/61567"}],"collection":[{"href":"https:\/\/www.paranapraia.com.br\/index.php\/wp-json\/wp\/v2\/posts"}],"about":[{"href":"https:\/\/www.paranapraia.com.br\/index.php\/wp-json\/wp\/v2\/types\/post"}],"author":[{"embeddable":true,"href":"https:\/\/www.paranapraia.com.br\/index.php\/wp-json\/wp\/v2\/users\/2"}],"replies":[{"embeddable":true,"href":"https:\/\/www.paranapraia.com.br\/index.php\/wp-json\/wp\/v2\/comments?post=61567"}],"version-history":[{"count":1,"href":"https:\/\/www.paranapraia.com.br\/index.php\/wp-json\/wp\/v2\/posts\/61567\/revisions"}],"predecessor-version":[{"id":61569,"href":"https:\/\/www.paranapraia.com.br\/index.php\/wp-json\/wp\/v2\/posts\/61567\/revisions\/61569"}],"wp:featuredmedia":[{"embeddable":true,"href":"https:\/\/www.paranapraia.com.br\/index.php\/wp-json\/wp\/v2\/media\/61568"}],"wp:attachment":[{"href":"https:\/\/www.paranapraia.com.br\/index.php\/wp-json\/wp\/v2\/media?parent=61567"}],"wp:term":[{"taxonomy":"category","embeddable":true,"href":"https:\/\/www.paranapraia.com.br\/index.php\/wp-json\/wp\/v2\/categories?post=61567"},{"taxonomy":"post_tag","embeddable":true,"href":"https:\/\/www.paranapraia.com.br\/index.php\/wp-json\/wp\/v2\/tags?post=61567"}],"curies":[{"name":"wp","href":"https:\/\/api.w.org\/{rel}","templated":true}]}}