{"id":61306,"date":"2024-11-05T11:14:24","date_gmt":"2024-11-05T14:14:24","guid":{"rendered":"https:\/\/www.paranapraia.com.br\/?p=61306"},"modified":"2024-11-05T11:14:27","modified_gmt":"2024-11-05T14:14:27","slug":"portos-do-parana-e-vencedora-na-13a-edicao-do-premio-epoca-negocios-360o","status":"publish","type":"post","link":"https:\/\/www.paranapraia.com.br\/index.php\/2024\/11\/05\/portos-do-parana-e-vencedora-na-13a-edicao-do-premio-epoca-negocios-360o\/","title":{"rendered":"Portos do Paran\u00e1 \u00e9 vencedora na 13\u00aa edi\u00e7\u00e3o do pr\u00eamio \u00c9poca Neg\u00f3cios 360\u00ba"},"content":{"rendered":"\n<p>A Portos do Paran\u00e1 foi reconhecida como a melhor empresa na categoria Infraestrutura no pr\u00eamio \u00c9poca Neg\u00f3cios 360\u00ba, promovido pela revista da Editora Globo. A 13\u00aa edi\u00e7\u00e3o da premia\u00e7\u00e3o foi realizada em parceria com a Funda\u00e7\u00e3o Dom Cabral e levou em considera\u00e7\u00e3o aspectos como desempenho financeiro, quest\u00f5es de governan\u00e7a, socioambientais, de inova\u00e7\u00e3o, gest\u00e3o de pessoas e vis\u00e3o de futuro. A entrega do pr\u00eamio ocorreu nesta segunda-feira (04) na cidade de S\u00e3o Paulo.<\/p>\n\n\n\n<p>Atualmente, a Portos do Paran\u00e1 conta com um patrim\u00f4nio l\u00edquido anual de mais de R$ 1 bilh\u00e3o e emprega 452 profissionais.<\/p>\n\n\n\n<p>O diretor-presidente da empresa p\u00fablica, Luiz Fernando Garcia, destacou que este reconhecimento \u00e9 resultado de um trabalho em equipe pautado de acordo com as diretrizes do Governo do Estado, especialmente a Secretaria de Infraestrutura e Log\u00edstica, sempre com o apoio a iniciativas voltadas \u00e0 efici\u00eancia, aumento da produtividade e quest\u00f5es de governan\u00e7a.<\/p>\n\n\n\n<p>\u201cA Portos do Paran\u00e1 vem adotando pr\u00e1ticas modernas de administra\u00e7\u00e3o, buscando sempre a capacita\u00e7\u00e3o do time e investindo em infraestrutura para oferecer mais efici\u00eancia a toda comunidade portu\u00e1ria\u201d disse Garcia. \u201cAtualmente somos refer\u00eancia em log\u00edstica portu\u00e1ria no Brasil, de acordo com o governo federal, e pretendemos seguir inovando cada vez mais\u201d.<\/p>\n\n\n\n<p>No total, 420 empresas com faturamento superior a R$ 250 milh\u00f5es anuais no Brasil participaram desta edi\u00e7\u00e3o. Todos os dados foram reunidos pela Funda\u00e7\u00e3o Dom Cabral por meio de question\u00e1rios e dos balan\u00e7os, que passaram pelo crivo do corpo de jurados da Editora Globo e da pr\u00f3pria Funda\u00e7\u00e3o Dom Cabral.<\/p>\n\n\n\n<p>\u201cA Premia\u00e7\u00e3o \u00e9 uma valiosa forma de reconhecimento do esfor\u00e7o dos colaboradores da Portos do Paran\u00e1 e \u00e9 fruto do compromisso assumido com uma gest\u00e3o eficiente e moderna. \u00c9 com imensa satisfa\u00e7\u00e3o que recebemos o pr\u00eamio de melhor empresa de infraestrutura do Brasil em 2024. Isso \u00e9 reflexo de todo o trabalho que vem sendo desempenhado nos portos paranaenses\u201d, destacou o diretor jur\u00eddico da Portos do Paran\u00e1, Marcus Freitas, que recebeu o pr\u00eamio em nome da Autoridade Portu\u00e1ria.<\/p>\n\n\n\n<p>O diretor de Engenharia e Manuten\u00e7\u00e3o da Portos do Paran\u00e1, Victor Kengo, tamb\u00e9m esteve presente no evento representando a empresa p\u00fablica.<\/p>\n\n\n\n<p><strong>RECONHECIMENTO<\/strong>\u00a0&#8211; Al\u00e9m do pr\u00eamio recebido da \u00c9poca Neg\u00f3cios, a Portos do Paran\u00e1 tamb\u00e9m \u00e9 considerada, h\u00e1 cinco anos consecutivos,\u00a0como a melhor gest\u00e3o portu\u00e1ria do Brasil, segundo o governo federal.<\/p>\n\n\n\n<p>\u201cOs portos paranaenses v\u00eam conquistando seu protagonismo no cen\u00e1rio portu\u00e1rio nacional e internacional. Somos o segundo maior porto em movimenta\u00e7\u00e3o do Pa\u00eds e este pr\u00eamio nos mostra que estamos no caminho certo do crescimento e desenvolvimento econ\u00f4mico, social e sustent\u00e1vel. Estamos preparados para galgar conquistas ainda maiores\u201d, finalizou Freitas.<\/p>\n\n\n\n<p>AEN<\/p>\n","protected":false},"excerpt":{"rendered":"<p>A Portos do Paran\u00e1 foi reconhecida como a melhor empresa na categoria Infraestrutura no pr\u00eamio \u00c9poca Neg\u00f3cios 360\u00ba, promovido pela revista da Editora Globo. A 13\u00aa edi\u00e7\u00e3o da premia\u00e7\u00e3o foi realizada em parceria com a Funda\u00e7\u00e3o Dom Cabral e levou em considera\u00e7\u00e3o aspectos como desempenho financeiro, quest\u00f5es de governan\u00e7a, socioambientais, de inova\u00e7\u00e3o, gest\u00e3o de pessoas [&hellip;]<\/p>\n","protected":false},"author":2,"featured_media":61307,"comment_status":"open","ping_status":"open","sticky":false,"template":"","format":"standard","meta":{"advanced_seo_description":"","jetpack_seo_html_title":"","jetpack_seo_noindex":false,"_jetpack_memberships_contains_paid_content":false,"footnotes":""},"categories":[40,74],"tags":[],"class_list":{"0":"post-61306","1":"post","2":"type-post","3":"status-publish","4":"format-standard","5":"has-post-thumbnail","7":"category-destaques","8":"category-setor-portuario"},"jetpack_featured_media_url":"https:\/\/www.paranapraia.com.br\/wp-content\/uploads\/2024\/11\/premio_-_1-scaled.jpg","jetpack_sharing_enabled":true,"_links":{"self":[{"href":"https:\/\/www.paranapraia.com.br\/index.php\/wp-json\/wp\/v2\/posts\/61306"}],"collection":[{"href":"https:\/\/www.paranapraia.com.br\/index.php\/wp-json\/wp\/v2\/posts"}],"about":[{"href":"https:\/\/www.paranapraia.com.br\/index.php\/wp-json\/wp\/v2\/types\/post"}],"author":[{"embeddable":true,"href":"https:\/\/www.paranapraia.com.br\/index.php\/wp-json\/wp\/v2\/users\/2"}],"replies":[{"embeddable":true,"href":"https:\/\/www.paranapraia.com.br\/index.php\/wp-json\/wp\/v2\/comments?post=61306"}],"version-history":[{"count":1,"href":"https:\/\/www.paranapraia.com.br\/index.php\/wp-json\/wp\/v2\/posts\/61306\/revisions"}],"predecessor-version":[{"id":61308,"href":"https:\/\/www.paranapraia.com.br\/index.php\/wp-json\/wp\/v2\/posts\/61306\/revisions\/61308"}],"wp:featuredmedia":[{"embeddable":true,"href":"https:\/\/www.paranapraia.com.br\/index.php\/wp-json\/wp\/v2\/media\/61307"}],"wp:attachment":[{"href":"https:\/\/www.paranapraia.com.br\/index.php\/wp-json\/wp\/v2\/media?parent=61306"}],"wp:term":[{"taxonomy":"category","embeddable":true,"href":"https:\/\/www.paranapraia.com.br\/index.php\/wp-json\/wp\/v2\/categories?post=61306"},{"taxonomy":"post_tag","embeddable":true,"href":"https:\/\/www.paranapraia.com.br\/index.php\/wp-json\/wp\/v2\/tags?post=61306"}],"curies":[{"name":"wp","href":"https:\/\/api.w.org\/{rel}","templated":true}]}}