{"id":61303,"date":"2024-11-04T18:43:55","date_gmt":"2024-11-04T21:43:55","guid":{"rendered":"https:\/\/www.paranapraia.com.br\/?p=61303"},"modified":"2024-11-04T18:43:59","modified_gmt":"2024-11-04T21:43:59","slug":"rocio-e-mais-festas-religiosas-movimentam-o-turismo-da-fe-em-novembro","status":"publish","type":"post","link":"https:\/\/www.paranapraia.com.br\/index.php\/2024\/11\/04\/rocio-e-mais-festas-religiosas-movimentam-o-turismo-da-fe-em-novembro\/","title":{"rendered":"Rocio e mais festas religiosas movimentam o turismo da f\u00e9 em novembro"},"content":{"rendered":"\n<p>A Festa do Rocio, em Paranagu\u00e1, no Litoral, e outras celebra\u00e7\u00f5es e eventos motivados pela f\u00e9 religiosa marcam o m\u00eas de novembro no Paran\u00e1. Conforme dados dos organizadores, juntos, eles devem reunir mais de 300 mil pessoas, sendo importantes indutores de turismo nos munic\u00edpios. A programa\u00e7\u00e3o faz parte do calend\u00e1rio da Secretaria de Estado do Turismo (Setu) e do Viaje Paran\u00e1 \u2013 \u00f3rg\u00e3o de promo\u00e7\u00e3o comercial do setor.<\/p>\n\n\n\n<p>O Paran\u00e1 \u00e9 um dos principais polos do turismo religioso do Pa\u00eds, lembra&nbsp; o secret\u00e1rio M\u00e1rcio Nunes. \u201cEsse \u00e9 o terceiro segmento mais buscado por viajantes que chegam ao Estado, gra\u00e7as aos mais de 300 templos, igrejas, santu\u00e1rios e monumentos, de diferentes religi\u00f5es, que podem ser encontrados aqui\u201d, disse.&nbsp;\u201cEssas celebra\u00e7\u00f5es fazem parte dos roteiros de muitos turistas que, simultaneamente, acabam se conectando com a nossa hist\u00f3ria, cultura e gastronomia. Os devotos ajudam a movimentar as economias locais, gerando emprego e renda para os munic\u00edpios\u201d, completa.<\/p>\n\n\n\n<p><strong>LITORAL&nbsp;<\/strong>\u2013&nbsp;Com expectativa de atrair mais de 300 mil pessoas, uma das principais comemora\u00e7\u00f5es \u00e9 a Festa de Nossa Senhora do Rocio, padroeira do Paran\u00e1, que acontece de 06 a 17 de novembro, em Paranagu\u00e1, no Litoral. Em sua 211\u00aa edi\u00e7\u00e3o, a tradicional celebra\u00e7\u00e3o envolve missas, programa\u00e7\u00f5es culturais, shows, caminhadas, novenas, romarias cavalgadas e demais a\u00e7\u00f5es voltadas \u00e0 devo\u00e7\u00e3o.&nbsp;O Paran\u00e1 foi o primeiro \u2013 e por muito tempo o \u00fanico \u2013 Estado a ter uma padroeira reconhecida pelo Vaticano, desde de 1977.<\/p>\n\n\n\n<p>Para Eliseu Rocha, coordenador do Grupo de Trabalho do Turismo Religioso, a celebra\u00e7\u00e3o remonta \u00e0s origens da f\u00e9 paranaense. \u201cEsse \u00e9 um momento muito marcante ao segmento, porque a comemora\u00e7\u00e3o chega a sua 211\u00aa edi\u00e7\u00e3o, sempre atraindo \u00e0 Paranagu\u00e1 milhares de fi\u00e9is\u201d, diz ele. \u201c\u00c9 por meio desses eventos que conseguimos mostrar a relev\u00e2ncia da f\u00e9 e do turismo ao p\u00fablico, al\u00e9m de colher os bons frutos que essa combina\u00e7\u00e3o proporciona: o bem-estar das pessoas e movimenta\u00e7\u00e3o nos munic\u00edpios\u201d, afirma.<\/p>\n\n\n\n<p><strong>CENTRO-SUL&nbsp;<\/strong>\u2013&nbsp;Prudent\u00f3polis recebe nos dias 09 e 10 a Festa em Louvor ao Padroeiro S\u00e3o Josafat, no santu\u00e1rio de mesmo nome.&nbsp;O evento promove missas, liturgias, almo\u00e7o, bingos, leil\u00f5es e shows musicais a um p\u00fablico estimado em mais de 1,5 mil pessoas, ao longo dos dois dias.<\/p>\n\n\n\n<p>De origem ucraniana, S\u00e3o Josafat foi m\u00e1rtir da Igreja Cat\u00f3lica, por isso seu culto e liga\u00e7\u00e3o com Prudent\u00f3polis, munic\u00edpio com forte imigra\u00e7\u00e3o e tradi\u00e7\u00e3o de povos vindos da Ucr\u00e2nia.&nbsp;O templo constru\u00eddo no munic\u00edpio \u00e9 feito em estilo bizantino, sendo considerada a matriz das igrejas ucranianas do Brasil.<\/p>\n\n\n\n<p><strong>NOROESTE&nbsp;<\/strong>\u2013&nbsp;Maring\u00e1, no Noroeste do Paran\u00e1,&nbsp;recebe no dia&nbsp;10 de novembro o Momento de Espiritualidade. Realizado no Parque de Exposi\u00e7\u00f5es do munic\u00edpio, o evento conta com falas e apresenta\u00e7\u00f5es do Padre Reginaldo Manzotti.&nbsp;Tamb\u00e9m no Noroeste, Tapejara promove a&nbsp;3\u00b0 Romaria \u00e0 Capela Nossa Senhora do Rocio, onde centenas de fi\u00e9is exaltam a Padroeira do Paran\u00e1.<\/p>\n\n\n\n<p>Na mesma regi\u00e3o,&nbsp;Campo Mour\u00e3o recebe no dia 17 o evento &#8220;Cristo \u00e9 Nosso Show&#8221;, que envolve novenas e apresenta\u00e7\u00f5es de diversos artistas. Com entrada franca, a 19\u00aa edi\u00e7\u00e3o do evento espera reunir centenas de fi\u00e9is e promove, simultaneamente, a Jornada Diocesana da Juventude, programa\u00e7\u00e3o reconhecida no calend\u00e1rio da Igreja Cat\u00f3lica.<\/p>\n\n\n\n<p><strong>MOVIMENTA\u00c7\u00c3O<\/strong>&nbsp;\u2013&nbsp;Segundo Let\u00edcia Tonetto, chefe do Departamento de Turismo Religioso do Viaje Paran\u00e1,&nbsp;as festividades s\u00e3o uma das principais formas de expressar a f\u00e9, movimentando o fluxo interno de viajantes. \u201cO Paran\u00e1 conta com devotos de todas as matrizes religiosas, que sempre buscam marcar presen\u00e7a em celebra\u00e7\u00f5es importantes ao seu credo\u201d, diz ela.<\/p>\n\n\n\n<p>Ela observa que apesar de o maior \u00edndice de visitantes ser de turistas do pr\u00f3prio Paran\u00e1, essas viagens impactam fortemente as economias locais gra\u00e7as ao movimento nos hot\u00e9is, nas estradas, nos restaurantes, nas lojas de artesanatos e afins.\u00a0As programa\u00e7\u00f5es tamb\u00e9m s\u00e3o um convite para conhecer mais dos atrativos tur\u00edsticos dos munic\u00edpios e de suas regi\u00f5es. Para dicas e sugest\u00f5es de lugares para visitar durante a peregrina\u00e7\u00e3o pelo Estado, basta acessar o\u00a0site do Viaje Paran\u00e1.<\/p>\n\n\n\n<p>AEN<\/p>\n","protected":false},"excerpt":{"rendered":"<p>A Festa do Rocio, em Paranagu\u00e1, no Litoral, e outras celebra\u00e7\u00f5es e eventos motivados pela f\u00e9 religiosa marcam o m\u00eas de novembro no Paran\u00e1. Conforme dados dos organizadores, juntos, eles devem reunir mais de 300 mil pessoas, sendo importantes indutores de turismo nos munic\u00edpios. A programa\u00e7\u00e3o faz parte do calend\u00e1rio da Secretaria de Estado do [&hellip;]<\/p>\n","protected":false},"author":2,"featured_media":61304,"comment_status":"open","ping_status":"open","sticky":false,"template":"","format":"standard","meta":{"advanced_seo_description":"","jetpack_seo_html_title":"","jetpack_seo_noindex":false,"_jetpack_memberships_contains_paid_content":false,"footnotes":""},"categories":[40,91],"tags":[],"class_list":{"0":"post-61303","1":"post","2":"type-post","3":"status-publish","4":"format-standard","5":"has-post-thumbnail","7":"category-destaques","8":"category-litoral"},"jetpack_featured_media_url":"https:\/\/www.paranapraia.com.br\/wp-content\/uploads\/2024\/11\/creditos_santuario_de_nossa_senhora_do_rocio_2-scaled.jpg","jetpack_sharing_enabled":true,"_links":{"self":[{"href":"https:\/\/www.paranapraia.com.br\/index.php\/wp-json\/wp\/v2\/posts\/61303"}],"collection":[{"href":"https:\/\/www.paranapraia.com.br\/index.php\/wp-json\/wp\/v2\/posts"}],"about":[{"href":"https:\/\/www.paranapraia.com.br\/index.php\/wp-json\/wp\/v2\/types\/post"}],"author":[{"embeddable":true,"href":"https:\/\/www.paranapraia.com.br\/index.php\/wp-json\/wp\/v2\/users\/2"}],"replies":[{"embeddable":true,"href":"https:\/\/www.paranapraia.com.br\/index.php\/wp-json\/wp\/v2\/comments?post=61303"}],"version-history":[{"count":1,"href":"https:\/\/www.paranapraia.com.br\/index.php\/wp-json\/wp\/v2\/posts\/61303\/revisions"}],"predecessor-version":[{"id":61305,"href":"https:\/\/www.paranapraia.com.br\/index.php\/wp-json\/wp\/v2\/posts\/61303\/revisions\/61305"}],"wp:featuredmedia":[{"embeddable":true,"href":"https:\/\/www.paranapraia.com.br\/index.php\/wp-json\/wp\/v2\/media\/61304"}],"wp:attachment":[{"href":"https:\/\/www.paranapraia.com.br\/index.php\/wp-json\/wp\/v2\/media?parent=61303"}],"wp:term":[{"taxonomy":"category","embeddable":true,"href":"https:\/\/www.paranapraia.com.br\/index.php\/wp-json\/wp\/v2\/categories?post=61303"},{"taxonomy":"post_tag","embeddable":true,"href":"https:\/\/www.paranapraia.com.br\/index.php\/wp-json\/wp\/v2\/tags?post=61303"}],"curies":[{"name":"wp","href":"https:\/\/api.w.org\/{rel}","templated":true}]}}